{"id":9094,"date":"2014-02-17T12:08:32","date_gmt":"2014-02-17T11:08:32","guid":{"rendered":"https:\/\/pmza.sk.sk\/?p=9094"},"modified":"2014-02-17T12:08:32","modified_gmt":"2014-02-17T11:08:32","slug":"svadobny-dar-palatina-turzu-vysledky-iv-rocnika-sutaze","status":"publish","type":"post","link":"https:\/\/pmza.sk\/?p=9094","title":{"rendered":"Svadobn\u00fd dar palat\u00edna Turzu &#8211; v\u00fdsledky IV. ro\u010dn\u00edka s\u00fa\u0165a\u017ee"},"content":{"rendered":"<p><a href=\"https:\/\/pmza.sk\/wp-content\/uploads\/2014\/02\/Zrebovanie-Svadobneho-daru-palatina-Turzu_14_02_2014.jpg\"><img fetchpriority=\"high\" decoding=\"async\" class=\"alignleft size-medium wp-image-9096\" title=\"\u017drebovanie Svadobn\u00e9ho daru palat\u00edna Turzu v Bratislave 14. 2. 2014\" alt=\"\u017drebovanie Svadobn\u00e9ho daru palat\u00edna Turzu_14_02_2014\" src=\"https:\/\/pmza.sk.sk\/wp-content\/uploads\/2014\/02\/\u017drebovanie-Svadobn\u00e9ho-daru-palat\u00edna-Turzu_14_02_2014-300x222.jpg\" width=\"269\" height=\"199\" \/><\/a>S\u00fa\u0165a\u017e o\u00a0Svadobn\u00fd dar palat\u00edna Turzu m\u00e1 svojich v\u00fdhercov. Na najv\u00e4\u010d\u0161om slovenskom Svadobnom ve\u013etrhu v\u00a0Bratislave sa 14. febru\u00e1ra 2014 uskuto\u010dnilo \u017erebovanie sn\u00fabeneck\u00fdch p\u00e1rov, ktor\u00e9 sa v\u00a0roku 2013 zapojili do s\u00fa\u0165a\u017ee o\u00a0rozpr\u00e1vkov\u00fa svadbu v\u00a0priestoroch Sob\u00e1\u0161neho pal\u00e1ca v\u00a0Byt\u010di. Sob\u00e1\u0161nu hostinu v\u00a0exkluz\u00edvnych priestoroch renesan\u010dn\u00e9ho pal\u00e1ca si v\u00a0tomto roku m\u00f4\u017eu vychutna\u0165 <strong>Nora Zahradn\u00edkov\u00e1 a\u00a0Vladim\u00edr J\u00e1ger<\/strong> a\u00a0<strong>Silvia Adamov\u00e1 a\u00a0Pavel Frait<\/strong>.<!--more--><\/p>\n<p>Do IV. ro\u010dn\u00edka s\u00fa\u0165a\u017ee bolo prihl\u00e1sen\u00fdch 14 sn\u00fabeneck\u00fdch p\u00e1rov, z ktor\u00fdch podmienky s\u00fa\u0165a\u017ee splnili v\u0161etky p\u00e1ry:<\/p>\n<ol>\n<li>Katar\u00edna Dani\u017e\u00edkov\u00e1 a Milan H\u00fa\u0161\u0165<\/li>\n<li>Jozef\u00edna Stankov\u00e1 a\u00a0Vladim\u00edr Kras\u0148an<\/li>\n<li>Silvia Dokoupilov\u00e1 a\u00a0Roman Barto\u0161<\/li>\n<li>Lucia Ve\u0161\u010di\u010d\u00edkov\u00e1 a\u00a0Martin Gura<\/li>\n<li>Michaela Deck\u00e1 a\u00a0Michal Capanda<\/li>\n<li>Lucia \u010euri\u0161ov\u00e1 a\u00a0Stanislav Machov\u010d\u00e1k<\/li>\n<li>Kamila Karahutov\u00e1 a\u00a0Peter Ne\u0161\u010divera<\/li>\n<li>Zuzana Maz\u00e1kov\u00e1 a J\u00e1n Toma<\/li>\n<li>Marta Ciesarikov\u00e1 a\u00a0Roman Grof\u010d\u00edk<\/li>\n<li>Nora Zahradn\u00edkov\u00e1 a\u00a0Vladim\u00edr J\u00e1ger<\/li>\n<li>Zuzana Ciesarikov\u00e1 a\u00a0Michal Fund\u00e1rek<\/li>\n<li>Krist\u00edna Hajnikov\u00e1 a\u00a0Richard Henzler<\/li>\n<li>Silvia Adamov\u00e1 a\u00a0Pavel Frait<\/li>\n<li>Zuzana Ogurekov\u00e1 a\u00a0Milan Minarik<\/li>\n<\/ol>\n<p>Tento rok sa m\u00f4\u017eu sn\u00fabenci zo \u017eilinsk\u00e9ho regi\u00f3nu u\u017e po piaty raz zapoji\u0165 do s\u00fa\u0165a\u017ee Svadobn\u00fd dar palat\u00edna Turzu. Svadbu v\u00a0priestoroch Sob\u00e1\u0161neho pal\u00e1ca v\u00a0Byt\u010di m\u00f4\u017eu pre\u017ei\u0165 dva sn\u00fabeneck\u00e9 p\u00e1ry, ktor\u00e9 splnia s\u00fa\u0165a\u017en\u00e9 podmienky stanoven\u00e9 \u017dSK: n\u00e1v\u0161teva kult\u00farnych kr\u00e1s severoz\u00e1padn\u00e9ho Slovenska a\u00a0zbieranie pe\u010diatok do mapy Poklady m\u00faze\u00ed \u017dilinsk\u00e9ho kraja. Sn\u00fabencov \u010dak\u00e1 svadobn\u00fd obrad i\u00a0hostina v\u00a0priestoroch Sob\u00e1\u0161neho pal\u00e1ca v\u00a0Byt\u010di, uv\u00edtac\u00ed svadobn\u00fd ceremoni\u00e1l, sl\u00e1vnostn\u00fd pr\u00edpitok od palat\u00edna Turzu, z\u013eava na kompletn\u00fa kvetinov\u00fa svadobn\u00fa v\u00fdzdobu a\u00a0\u010fal\u0161ie exkluz\u00edvne svadobn\u00e9 bonusy. V\u00fdsledky s\u00fa\u0165a\u017ee bud\u00fa vyhl\u00e1sen\u00e9 v\u00a0roku 2015 na najv\u00e4\u010d\u0161om slovenskom Svadobnom ve\u013etrhu v\u00a0Bratislave.<\/p>\n<p>Organiz\u00e1torom s\u00fa\u0165a\u017ee Svadobn\u00fd dar Palat\u00edna Turzu, ktor\u00e1 prebieha\u00a0<b>od 14. febru\u00e1ra<\/b> <b>do 12. decembra<\/b> <strong>2014<\/strong>,<b> <\/b>je Pova\u017esk\u00e9 m\u00fazeum v\u00a0\u017diline v\u00a0zria\u010fovate\u013eskej p\u00f4sobnosti \u017dilinsk\u00e9ho samospr\u00e1vneho kraja a\u00a0\u0160t\u00fadio \u0160ker\u00e1k Bratislava. Sponzormi s\u00fa kvetinov\u00e9 \u0161t\u00fadio Bar\u010da Decor v\u00a0Byt\u010di a\u00a0Hotel Gold v\u00a0Terchovej. Medi\u00e1lnymi partnermi s\u00fa zilina.sme.sk, MY \u017dilinsk\u00e9 noviny a\u00a0zilinadnes.sk. Bli\u017e\u0161ie inform\u00e1cie o s\u00fa\u0165a\u017ei s\u00fa na webovej str\u00e1nke Pova\u017esk\u00e9ho m\u00fazea v \u017diline v sekcii Slu\u017eby.<\/p>\n<p><a href=\"https:\/\/pmza.sk\/wp-content\/uploads\/2014\/02\/logozilinadnes.png\"><img decoding=\"async\" class=\"alignleft size-medium wp-image-9098\" alt=\"logozilinadnes\" src=\"https:\/\/pmza.sk.sk\/wp-content\/uploads\/2014\/02\/logozilinadnes-300x125.png\" width=\"165\" height=\"69\" \/><\/a> <a href=\"https:\/\/pmza.sk\/wp-content\/uploads\/2014\/02\/MY-ZN_logo.jpg\"><img decoding=\"async\" class=\"alignleft size-medium wp-image-9099\" alt=\"MY \u017dN_logo\" src=\"https:\/\/pmza.sk\/wp-content\/uploads\/2014\/02\/MY-ZN_logo.jpg\" width=\"88\" height=\"70\" \/><\/a> <a href=\"https:\/\/pmza.sk\/wp-content\/uploads\/2014\/02\/zilina-sme-sk_logo.jpg\"><img loading=\"lazy\" decoding=\"async\" class=\"alignleft size-medium wp-image-9100\" alt=\"zilina sme sk_logo\" src=\"https:\/\/pmza.sk\/wp-content\/uploads\/2014\/02\/zilina-sme-sk_logo.jpg\" width=\"115\" height=\"70\" \/><\/a> <a href=\"https:\/\/pmza.sk\/wp-content\/uploads\/2014\/02\/Barca-decor_banner.jpg\"><img loading=\"lazy\" decoding=\"async\" class=\"alignleft size-medium wp-image-9101\" alt=\"Bar\u010da decor_banner\" src=\"https:\/\/pmza.sk.sk\/wp-content\/uploads\/2014\/02\/Bar\u010da-decor_banner-300x201.jpg\" width=\"106\" height=\"71\" \/><\/a><\/p>\n<p>&nbsp;<\/p>\n","protected":false},"excerpt":{"rendered":"<p>S\u00fa\u0165a\u017e o\u00a0Svadobn\u00fd dar palat\u00edna Turzu m\u00e1 svojich v\u00fdhercov. Na najv\u00e4\u010d\u0161om slovenskom Svadobnom ve\u013etrhu v\u00a0Bratislave sa 14. febru\u00e1ra 2014 uskuto\u010dnilo \u017erebovanie sn\u00fabeneck\u00fdch p\u00e1rov, ktor\u00e9 sa v\u00a0roku 2013 zapojili do s\u00fa\u0165a\u017ee o\u00a0rozpr\u00e1vkov\u00fa svadbu v\u00a0priestoroch Sob\u00e1\u0161neho pal\u00e1ca v\u00a0Byt\u010di. Sob\u00e1\u0161nu hostinu v\u00a0exkluz\u00edvnych priestoroch renesan\u010dn\u00e9ho pal\u00e1ca si v\u00a0tomto roku m\u00f4\u017eu vychutna\u0165 Nora Zahradn\u00edkov\u00e1 a\u00a0Vladim\u00edr J\u00e1ger a\u00a0Silvia Adamov\u00e1 a\u00a0Pavel Frait.<\/p>\n","protected":false},"author":2,"featured_media":0,"comment_status":"closed","ping_status":"closed","sticky":false,"template":"","format":"standard","meta":{"site-sidebar-layout":"default","site-content-layout":"","ast-site-content-layout":"","site-content-style":"default","site-sidebar-style":"default","ast-global-header-display":"","ast-banner-title-visibility":"","ast-main-header-display":"","ast-hfb-above-header-display":"","ast-hfb-below-header-display":"","ast-hfb-mobile-header-display":"","site-post-title":"","ast-breadcrumbs-content":"","ast-featured-img":"","footer-sml-layout":"","theme-transparent-header-meta":"","adv-header-id-meta":"","stick-header-meta":"","header-above-stick-meta":"","header-main-stick-meta":"","header-below-stick-meta":"","astra-migrate-meta-layouts":"default","ast-page-background-enabled":"default","ast-page-background-meta":{"desktop":{"background-color":"var(--ast-global-color-4)","background-image":"","background-repeat":"repeat","background-position":"center center","background-size":"auto","background-attachment":"scroll","background-type":"","background-media":"","overlay-type":"","overlay-color":"","overlay-opacity":"","overlay-gradient":""},"tablet":{"background-color":"","background-image":"","background-repeat":"repeat","background-position":"center center","background-size":"auto","background-attachment":"scroll","background-type":"","background-media":"","overlay-type":"","overlay-color":"","overlay-opacity":"","overlay-gradient":""},"mobile":{"background-color":"","background-image":"","background-repeat":"repeat","background-position":"center center","background-size":"auto","background-attachment":"scroll","background-type":"","background-media":"","overlay-type":"","overlay-color":"","overlay-opacity":"","overlay-gradient":""}},"ast-content-background-meta":{"desktop":{"background-color":"var(--ast-global-color-5)","background-image":"","background-repeat":"repeat","background-position":"center center","background-size":"auto","background-attachment":"scroll","background-type":"","background-media":"","overlay-type":"","overlay-color":"","overlay-opacity":"","overlay-gradient":""},"tablet":{"background-color":"var(--ast-global-color-5)","background-image":"","background-repeat":"repeat","background-position":"center center","background-size":"auto","background-attachment":"scroll","background-type":"","background-media":"","overlay-type":"","overlay-color":"","overlay-opacity":"","overlay-gradient":""},"mobile":{"background-color":"var(--ast-global-color-5)","background-image":"","background-repeat":"repeat","background-position":"center center","background-size":"auto","background-attachment":"scroll","background-type":"","background-media":"","overlay-type":"","overlay-color":"","overlay-opacity":"","overlay-gradient":""}},"footnotes":""},"categories":[36],"tags":[],"class_list":["post-9094","post","type-post","status-publish","format-standard","hentry","category-archiv-2014"],"yoast_head":"<!-- This site is optimized with the Yoast SEO plugin v27.4 - https:\/\/yoast.com\/product\/yoast-seo-wordpress\/ -->\n<title>Svadobn\u00fd dar palat\u00edna Turzu - v\u00fdsledky IV. ro\u010dn\u00edka s\u00fa\u0165a\u017ee - Pova\u017esk\u00e9 m\u00fazeum<\/title>\n<meta name=\"robots\" content=\"index, follow, max-snippet:-1, max-image-preview:large, max-video-preview:-1\" \/>\n<link rel=\"canonical\" href=\"https:\/\/pmza.sk\/?p=9094\" \/>\n<meta property=\"og:locale\" content=\"sk_SK\" \/>\n<meta property=\"og:type\" content=\"article\" \/>\n<meta property=\"og:title\" content=\"Svadobn\u00fd dar palat\u00edna Turzu - v\u00fdsledky IV. ro\u010dn\u00edka s\u00fa\u0165a\u017ee - Pova\u017esk\u00e9 m\u00fazeum\" \/>\n<meta property=\"og:description\" content=\"S\u00fa\u0165a\u017e o\u00a0Svadobn\u00fd dar palat\u00edna Turzu m\u00e1 svojich v\u00fdhercov. Na najv\u00e4\u010d\u0161om slovenskom Svadobnom ve\u013etrhu v\u00a0Bratislave sa 14. febru\u00e1ra 2014 uskuto\u010dnilo \u017erebovanie sn\u00fabeneck\u00fdch p\u00e1rov, ktor\u00e9 sa v\u00a0roku 2013 zapojili do s\u00fa\u0165a\u017ee o\u00a0rozpr\u00e1vkov\u00fa svadbu v\u00a0priestoroch Sob\u00e1\u0161neho pal\u00e1ca v\u00a0Byt\u010di. Sob\u00e1\u0161nu hostinu v\u00a0exkluz\u00edvnych priestoroch renesan\u010dn\u00e9ho pal\u00e1ca si v\u00a0tomto roku m\u00f4\u017eu vychutna\u0165 Nora Zahradn\u00edkov\u00e1 a\u00a0Vladim\u00edr J\u00e1ger a\u00a0Silvia Adamov\u00e1 a\u00a0Pavel Frait.\" \/>\n<meta property=\"og:url\" content=\"https:\/\/pmza.sk\/?p=9094\" \/>\n<meta property=\"og:site_name\" content=\"Pova\u017esk\u00e9 m\u00fazeum\" \/>\n<meta property=\"article:publisher\" content=\"https:\/\/www.facebook.com\/povazskemuzeum\" \/>\n<meta property=\"article:published_time\" content=\"2014-02-17T11:08:32+00:00\" \/>\n<meta property=\"og:image\" content=\"https:\/\/pmza.sk.sk\/wp-content\/uploads\/2014\/02\/logozilinadnes-300x125.png\" \/>\n<meta name=\"author\" content=\"Pova\u017esk\u00e9 m\u00fazeum\" \/>\n<meta name=\"twitter:card\" content=\"summary_large_image\" \/>\n<meta name=\"twitter:label1\" content=\"Autor\" \/>\n\t<meta name=\"twitter:data1\" content=\"Pova\u017esk\u00e9 m\u00fazeum\" \/>\n\t<meta name=\"twitter:label2\" content=\"Predpokladan\u00fd \u010das \u010d\u00edtania\" \/>\n\t<meta name=\"twitter:data2\" content=\"2 min\u00faty\" \/>\n<script type=\"application\/ld+json\" class=\"yoast-schema-graph\">{\"@context\":\"https:\\\/\\\/schema.org\",\"@graph\":[{\"@type\":\"Article\",\"@id\":\"https:\\\/\\\/pmza.sk\\\/?p=9094#article\",\"isPartOf\":{\"@id\":\"https:\\\/\\\/pmza.sk\\\/?p=9094\"},\"author\":{\"name\":\"Pova\u017esk\u00e9 m\u00fazeum\",\"@id\":\"https:\\\/\\\/pmza.sk\\\/#\\\/schema\\\/person\\\/595e6a2ce731ea94dcd5d7f50a41ae33\"},\"headline\":\"Svadobn\u00fd dar palat\u00edna Turzu &#8211; v\u00fdsledky IV. ro\u010dn\u00edka s\u00fa\u0165a\u017ee\",\"datePublished\":\"2014-02-17T11:08:32+00:00\",\"mainEntityOfPage\":{\"@id\":\"https:\\\/\\\/pmza.sk\\\/?p=9094\"},\"wordCount\":453,\"publisher\":{\"@id\":\"https:\\\/\\\/pmza.sk\\\/#organization\"},\"image\":{\"@id\":\"https:\\\/\\\/pmza.sk\\\/?p=9094#primaryimage\"},\"thumbnailUrl\":\"http:\\\/\\\/pmza.sk.sk\\\/wp-content\\\/uploads\\\/2014\\\/02\\\/logozilinadnes-300x125.png\",\"articleSection\":[\"Arch\u00edv 2014\"],\"inLanguage\":\"sk-SK\"},{\"@type\":\"WebPage\",\"@id\":\"https:\\\/\\\/pmza.sk\\\/?p=9094\",\"url\":\"https:\\\/\\\/pmza.sk\\\/?p=9094\",\"name\":\"Svadobn\u00fd dar palat\u00edna Turzu - v\u00fdsledky IV. ro\u010dn\u00edka s\u00fa\u0165a\u017ee - Pova\u017esk\u00e9 m\u00fazeum\",\"isPartOf\":{\"@id\":\"https:\\\/\\\/pmza.sk\\\/#website\"},\"primaryImageOfPage\":{\"@id\":\"https:\\\/\\\/pmza.sk\\\/?p=9094#primaryimage\"},\"image\":{\"@id\":\"https:\\\/\\\/pmza.sk\\\/?p=9094#primaryimage\"},\"thumbnailUrl\":\"http:\\\/\\\/pmza.sk.sk\\\/wp-content\\\/uploads\\\/2014\\\/02\\\/logozilinadnes-300x125.png\",\"datePublished\":\"2014-02-17T11:08:32+00:00\",\"breadcrumb\":{\"@id\":\"https:\\\/\\\/pmza.sk\\\/?p=9094#breadcrumb\"},\"inLanguage\":\"sk-SK\",\"potentialAction\":[{\"@type\":\"ReadAction\",\"target\":[\"https:\\\/\\\/pmza.sk\\\/?p=9094\"]}]},{\"@type\":\"ImageObject\",\"inLanguage\":\"sk-SK\",\"@id\":\"https:\\\/\\\/pmza.sk\\\/?p=9094#primaryimage\",\"url\":\"http:\\\/\\\/pmza.sk.sk\\\/wp-content\\\/uploads\\\/2014\\\/02\\\/logozilinadnes-300x125.png\",\"contentUrl\":\"http:\\\/\\\/pmza.sk.sk\\\/wp-content\\\/uploads\\\/2014\\\/02\\\/logozilinadnes-300x125.png\"},{\"@type\":\"BreadcrumbList\",\"@id\":\"https:\\\/\\\/pmza.sk\\\/?p=9094#breadcrumb\",\"itemListElement\":[{\"@type\":\"ListItem\",\"position\":1,\"name\":\"Domovsk\u00e1 str\u00e1nka\",\"item\":\"https:\\\/\\\/pmza.sk\\\/\"},{\"@type\":\"ListItem\",\"position\":2,\"name\":\"Svadobn\u00fd dar palat\u00edna Turzu &#8211; v\u00fdsledky IV. ro\u010dn\u00edka s\u00fa\u0165a\u017ee\"}]},{\"@type\":\"WebSite\",\"@id\":\"https:\\\/\\\/pmza.sk\\\/#website\",\"url\":\"https:\\\/\\\/pmza.sk\\\/\",\"name\":\"Pova\u017esk\u00e9 m\u00fazeum\",\"description\":\"Pova\u017esk\u00e9 m\u00fazeum v \u017diline je region\u00e1lne m\u00fazeum so s\u00eddlom v Budat\u00edne. Jeho expoz\u00edcie s\u00fa zameran\u00e9 na dejiny slovensk\u00e9ho umenia, kult\u00fary a dopravy.\",\"publisher\":{\"@id\":\"https:\\\/\\\/pmza.sk\\\/#organization\"},\"potentialAction\":[{\"@type\":\"SearchAction\",\"target\":{\"@type\":\"EntryPoint\",\"urlTemplate\":\"https:\\\/\\\/pmza.sk\\\/?s={search_term_string}\"},\"query-input\":{\"@type\":\"PropertyValueSpecification\",\"valueRequired\":true,\"valueName\":\"search_term_string\"}}],\"inLanguage\":\"sk-SK\"},{\"@type\":\"Organization\",\"@id\":\"https:\\\/\\\/pmza.sk\\\/#organization\",\"name\":\"Pova\u017esk\u00e9 m\u00fazeum\",\"url\":\"https:\\\/\\\/pmza.sk\\\/\",\"logo\":{\"@type\":\"ImageObject\",\"inLanguage\":\"sk-SK\",\"@id\":\"https:\\\/\\\/pmza.sk\\\/#\\\/schema\\\/logo\\\/image\\\/\",\"url\":\"https:\\\/\\\/pmza.sk\\\/wp-content\\\/uploads\\\/2022\\\/01\\\/logo_PM_horizontal.jpg\",\"contentUrl\":\"https:\\\/\\\/pmza.sk\\\/wp-content\\\/uploads\\\/2022\\\/01\\\/logo_PM_horizontal.jpg\",\"width\":231,\"height\":142,\"caption\":\"Pova\u017esk\u00e9 m\u00fazeum\"},\"image\":{\"@id\":\"https:\\\/\\\/pmza.sk\\\/#\\\/schema\\\/logo\\\/image\\\/\"},\"sameAs\":[\"https:\\\/\\\/www.facebook.com\\\/povazskemuzeum\",\"https:\\\/\\\/www.instagram.com\\\/povazskemuzeum\\\/\"]},{\"@type\":\"Person\",\"@id\":\"https:\\\/\\\/pmza.sk\\\/#\\\/schema\\\/person\\\/595e6a2ce731ea94dcd5d7f50a41ae33\",\"name\":\"Pova\u017esk\u00e9 m\u00fazeum\",\"image\":{\"@type\":\"ImageObject\",\"inLanguage\":\"sk-SK\",\"@id\":\"https:\\\/\\\/secure.gravatar.com\\\/avatar\\\/2bb7f1561282132fb5826dfeccc66c7996d11ee392ac6aaf7ced8a1c2027fbb2?s=96&d=mm&r=g\",\"url\":\"https:\\\/\\\/secure.gravatar.com\\\/avatar\\\/2bb7f1561282132fb5826dfeccc66c7996d11ee392ac6aaf7ced8a1c2027fbb2?s=96&d=mm&r=g\",\"contentUrl\":\"https:\\\/\\\/secure.gravatar.com\\\/avatar\\\/2bb7f1561282132fb5826dfeccc66c7996d11ee392ac6aaf7ced8a1c2027fbb2?s=96&d=mm&r=g\",\"caption\":\"Pova\u017esk\u00e9 m\u00fazeum\"}}]}<\/script>\n<!-- \/ Yoast SEO plugin. -->","yoast_head_json":{"title":"Svadobn\u00fd dar palat\u00edna Turzu - v\u00fdsledky IV. ro\u010dn\u00edka s\u00fa\u0165a\u017ee - Pova\u017esk\u00e9 m\u00fazeum","robots":{"index":"index","follow":"follow","max-snippet":"max-snippet:-1","max-image-preview":"max-image-preview:large","max-video-preview":"max-video-preview:-1"},"canonical":"https:\/\/pmza.sk\/?p=9094","og_locale":"sk_SK","og_type":"article","og_title":"Svadobn\u00fd dar palat\u00edna Turzu - v\u00fdsledky IV. ro\u010dn\u00edka s\u00fa\u0165a\u017ee - Pova\u017esk\u00e9 m\u00fazeum","og_description":"S\u00fa\u0165a\u017e o\u00a0Svadobn\u00fd dar palat\u00edna Turzu m\u00e1 svojich v\u00fdhercov. Na najv\u00e4\u010d\u0161om slovenskom Svadobnom ve\u013etrhu v\u00a0Bratislave sa 14. febru\u00e1ra 2014 uskuto\u010dnilo \u017erebovanie sn\u00fabeneck\u00fdch p\u00e1rov, ktor\u00e9 sa v\u00a0roku 2013 zapojili do s\u00fa\u0165a\u017ee o\u00a0rozpr\u00e1vkov\u00fa svadbu v\u00a0priestoroch Sob\u00e1\u0161neho pal\u00e1ca v\u00a0Byt\u010di. Sob\u00e1\u0161nu hostinu v\u00a0exkluz\u00edvnych priestoroch renesan\u010dn\u00e9ho pal\u00e1ca si v\u00a0tomto roku m\u00f4\u017eu vychutna\u0165 Nora Zahradn\u00edkov\u00e1 a\u00a0Vladim\u00edr J\u00e1ger a\u00a0Silvia Adamov\u00e1 a\u00a0Pavel Frait.","og_url":"https:\/\/pmza.sk\/?p=9094","og_site_name":"Pova\u017esk\u00e9 m\u00fazeum","article_publisher":"https:\/\/www.facebook.com\/povazskemuzeum","article_published_time":"2014-02-17T11:08:32+00:00","og_image":[{"url":"https:\/\/pmza.sk.sk\/wp-content\/uploads\/2014\/02\/logozilinadnes-300x125.png","type":"","width":"","height":""}],"author":"Pova\u017esk\u00e9 m\u00fazeum","twitter_card":"summary_large_image","twitter_misc":{"Autor":"Pova\u017esk\u00e9 m\u00fazeum","Predpokladan\u00fd \u010das \u010d\u00edtania":"2 min\u00faty"},"schema":{"@context":"https:\/\/schema.org","@graph":[{"@type":"Article","@id":"https:\/\/pmza.sk\/?p=9094#article","isPartOf":{"@id":"https:\/\/pmza.sk\/?p=9094"},"author":{"name":"Pova\u017esk\u00e9 m\u00fazeum","@id":"https:\/\/pmza.sk\/#\/schema\/person\/595e6a2ce731ea94dcd5d7f50a41ae33"},"headline":"Svadobn\u00fd dar palat\u00edna Turzu &#8211; v\u00fdsledky IV. ro\u010dn\u00edka s\u00fa\u0165a\u017ee","datePublished":"2014-02-17T11:08:32+00:00","mainEntityOfPage":{"@id":"https:\/\/pmza.sk\/?p=9094"},"wordCount":453,"publisher":{"@id":"https:\/\/pmza.sk\/#organization"},"image":{"@id":"https:\/\/pmza.sk\/?p=9094#primaryimage"},"thumbnailUrl":"https:\/\/pmza.sk.sk\/wp-content\/uploads\/2014\/02\/logozilinadnes-300x125.png","articleSection":["Arch\u00edv 2014"],"inLanguage":"sk-SK"},{"@type":"WebPage","@id":"https:\/\/pmza.sk\/?p=9094","url":"https:\/\/pmza.sk\/?p=9094","name":"Svadobn\u00fd dar palat\u00edna Turzu - v\u00fdsledky IV. ro\u010dn\u00edka s\u00fa\u0165a\u017ee - Pova\u017esk\u00e9 m\u00fazeum","isPartOf":{"@id":"https:\/\/pmza.sk\/#website"},"primaryImageOfPage":{"@id":"https:\/\/pmza.sk\/?p=9094#primaryimage"},"image":{"@id":"https:\/\/pmza.sk\/?p=9094#primaryimage"},"thumbnailUrl":"https:\/\/pmza.sk.sk\/wp-content\/uploads\/2014\/02\/logozilinadnes-300x125.png","datePublished":"2014-02-17T11:08:32+00:00","breadcrumb":{"@id":"https:\/\/pmza.sk\/?p=9094#breadcrumb"},"inLanguage":"sk-SK","potentialAction":[{"@type":"ReadAction","target":["https:\/\/pmza.sk\/?p=9094"]}]},{"@type":"ImageObject","inLanguage":"sk-SK","@id":"https:\/\/pmza.sk\/?p=9094#primaryimage","url":"https:\/\/pmza.sk.sk\/wp-content\/uploads\/2014\/02\/logozilinadnes-300x125.png","contentUrl":"https:\/\/pmza.sk.sk\/wp-content\/uploads\/2014\/02\/logozilinadnes-300x125.png"},{"@type":"BreadcrumbList","@id":"https:\/\/pmza.sk\/?p=9094#breadcrumb","itemListElement":[{"@type":"ListItem","position":1,"name":"Domovsk\u00e1 str\u00e1nka","item":"https:\/\/pmza.sk\/"},{"@type":"ListItem","position":2,"name":"Svadobn\u00fd dar palat\u00edna Turzu &#8211; v\u00fdsledky IV. ro\u010dn\u00edka s\u00fa\u0165a\u017ee"}]},{"@type":"WebSite","@id":"https:\/\/pmza.sk\/#website","url":"https:\/\/pmza.sk\/","name":"Pova\u017esk\u00e9 m\u00fazeum","description":"Pova\u017esk\u00e9 m\u00fazeum v \u017diline je region\u00e1lne m\u00fazeum so s\u00eddlom v Budat\u00edne. Jeho expoz\u00edcie s\u00fa zameran\u00e9 na dejiny slovensk\u00e9ho umenia, kult\u00fary a dopravy.","publisher":{"@id":"https:\/\/pmza.sk\/#organization"},"potentialAction":[{"@type":"SearchAction","target":{"@type":"EntryPoint","urlTemplate":"https:\/\/pmza.sk\/?s={search_term_string}"},"query-input":{"@type":"PropertyValueSpecification","valueRequired":true,"valueName":"search_term_string"}}],"inLanguage":"sk-SK"},{"@type":"Organization","@id":"https:\/\/pmza.sk\/#organization","name":"Pova\u017esk\u00e9 m\u00fazeum","url":"https:\/\/pmza.sk\/","logo":{"@type":"ImageObject","inLanguage":"sk-SK","@id":"https:\/\/pmza.sk\/#\/schema\/logo\/image\/","url":"https:\/\/pmza.sk\/wp-content\/uploads\/2022\/01\/logo_PM_horizontal.jpg","contentUrl":"https:\/\/pmza.sk\/wp-content\/uploads\/2022\/01\/logo_PM_horizontal.jpg","width":231,"height":142,"caption":"Pova\u017esk\u00e9 m\u00fazeum"},"image":{"@id":"https:\/\/pmza.sk\/#\/schema\/logo\/image\/"},"sameAs":["https:\/\/www.facebook.com\/povazskemuzeum","https:\/\/www.instagram.com\/povazskemuzeum\/"]},{"@type":"Person","@id":"https:\/\/pmza.sk\/#\/schema\/person\/595e6a2ce731ea94dcd5d7f50a41ae33","name":"Pova\u017esk\u00e9 m\u00fazeum","image":{"@type":"ImageObject","inLanguage":"sk-SK","@id":"https:\/\/secure.gravatar.com\/avatar\/2bb7f1561282132fb5826dfeccc66c7996d11ee392ac6aaf7ced8a1c2027fbb2?s=96&d=mm&r=g","url":"https:\/\/secure.gravatar.com\/avatar\/2bb7f1561282132fb5826dfeccc66c7996d11ee392ac6aaf7ced8a1c2027fbb2?s=96&d=mm&r=g","contentUrl":"https:\/\/secure.gravatar.com\/avatar\/2bb7f1561282132fb5826dfeccc66c7996d11ee392ac6aaf7ced8a1c2027fbb2?s=96&d=mm&r=g","caption":"Pova\u017esk\u00e9 m\u00fazeum"}}]}},"_links":{"self":[{"href":"https:\/\/pmza.sk\/index.php?rest_route=\/wp\/v2\/posts\/9094","targetHints":{"allow":["GET"]}}],"collection":[{"href":"https:\/\/pmza.sk\/index.php?rest_route=\/wp\/v2\/posts"}],"about":[{"href":"https:\/\/pmza.sk\/index.php?rest_route=\/wp\/v2\/types\/post"}],"author":[{"embeddable":true,"href":"https:\/\/pmza.sk\/index.php?rest_route=\/wp\/v2\/users\/2"}],"replies":[{"embeddable":true,"href":"https:\/\/pmza.sk\/index.php?rest_route=%2Fwp%2Fv2%2Fcomments&post=9094"}],"version-history":[{"count":0,"href":"https:\/\/pmza.sk\/index.php?rest_route=\/wp\/v2\/posts\/9094\/revisions"}],"wp:attachment":[{"href":"https:\/\/pmza.sk\/index.php?rest_route=%2Fwp%2Fv2%2Fmedia&parent=9094"}],"wp:term":[{"taxonomy":"category","embeddable":true,"href":"https:\/\/pmza.sk\/index.php?rest_route=%2Fwp%2Fv2%2Fcategories&post=9094"},{"taxonomy":"post_tag","embeddable":true,"href":"https:\/\/pmza.sk\/index.php?rest_route=%2Fwp%2Fv2%2Ftags&post=9094"}],"curies":[{"name":"wp","href":"https:\/\/api.w.org\/{rel}","templated":true}]}}