{"id":914,"date":"2010-06-21T15:00:41","date_gmt":"2010-06-21T13:00:41","guid":{"rendered":"https:\/\/pmza.sk.sk\/?p=914"},"modified":"2010-06-21T15:00:41","modified_gmt":"2010-06-21T13:00:41","slug":"festival-drotarskych-majstrov-v-novych-priestoroch-a-s-jubileom","status":"publish","type":"post","link":"https:\/\/pmza.sk\/?p=914","title":{"rendered":"Festival drot\u00e1rskych majstrov v nov\u00fdch priestoroch a s jubileom"},"content":{"rendered":"<p><strong><a href=\"https:\/\/pmza.sk\/wp-content\/uploads\/2010\/06\/Marta-Kolekova-detail-sperku.jpg\"><img fetchpriority=\"high\" decoding=\"async\" class=\"alignleft size-medium wp-image-916\" style=\"margin: 4px 10px; border: black 2px solid;\" title=\"Marta Kolekova-detail sperku\" src=\"https:\/\/pmza.sk.sk\/wp-content\/uploads\/2010\/06\/Marta-Kolekova-detail-sperku-300x200.jpg\" alt=\"\" width=\"300\" height=\"200\" \/><\/a><\/strong><\/p>\n<p style=\"text-align: justify;\">\u010eal\u0161\u00ed ro\u010dn\u00edk jedine\u010dn\u00e9ho medzin\u00e1rodn\u00e9ho podujatia na Slovensku &#8211; \u00a0<strong>Festival drot\u00e1rstva 2010<\/strong> sa po nieko\u013ek\u00fdch rokoch op\u00e4\u0165 vracia do regi\u00f3nu, pre ktor\u00fd\u00a0 je fenom\u00e9n drot\u00e1rstva tak \u0161pecifick\u00fd. V\u00a0Sob\u00e1\u0161nom pal\u00e1ci v\u00a0Byt\u010di s\u00fa pre odborn\u00fa aj laick\u00fa verejnos\u0165 v\u00a0posledn\u00fd j\u00fanov\u00fd v\u00edkend pripraven\u00e9 atrakt\u00edvne aktivity s\u00a0drot\u00e1rskou tematikou ako v\u00fdstavy, tvoriv\u00e9 dielne, kurzy pr\u00e1ce s dr\u00f4tom, diskusn\u00e9 f\u00f3ra, filmov\u00e9 projekcie alebo pracovn\u00e9 semin\u00e1re. \u201e<em>Prezentova\u0165 sa bude takmer \u0161tyridsa\u0165 drot\u00e1rskych majstrov zo Slovenska a z\u00a0\u010ciech. Okrem zn\u00e1mych pravideln\u00fdch \u00fa\u010dastn\u00edkov &#8211; \u00a0drot\u00e1rskych umelcov, nebud\u00fa ch\u00fdba\u0165 men\u00e1 ako Ladislav Jurovat\u00fd st. z Bratislavy, \u017eilinsk\u00fd v\u00fdtvarn\u00edk \u0160tefan Mlich \u010di \u0161perk\u00e1rka Rem\u00edgia Biskupsk\u00e1 z\u00a0Bratislavy, pova\u017eovan\u00ed za priekopn\u00edkov revitaliz\u00e1cie drot\u00e1rstva, ktor\u00ed u\u017e v 60. rokoch 20. storo\u010dia presadzovali jeho vyu\u017eitie v\u00a0modernej v\u00fdtvarnej, \u010di umelecko-remeselnej tvorbe <\/em>,\u201c uviedla Katar\u00edna Hallonov\u00e1, histori\u010dka Pova\u017esk\u00e9ho m\u00fazea v\u00a0\u017diline.\u00a0<!--more-->Najjzauj\u00edmavej\u0161\u00edm sprievodn\u00fdm programom festivalu bude Medzin\u00e1rodn\u00e9 stretnutie drot\u00e1rskych majstrov, ktor\u00e9 osl\u00e1vi svoje dvadsiate jubileum. T\u00e9mou tvorivej dielne\u00a0 je koh\u00fat, symbol Pova\u017esk\u00e9ho m\u00fazea v\u00a0\u017diline, a z\u00e1rove\u0148 spomienka na pred rokom zosnul\u00e9ho svojr\u00e1zneho insitn\u00e9ho umelca a drot\u00e1ra Ladislava Mikul\u00edka zo Senice nad Myjavou.<\/p>\n<p style=\"text-align: justify;\">Medzi tradi\u010dn\u00e9 v\u00fdstupy festivalu aj tento rok bude patri\u0165 v\u00a0porad\u00ed \u0161ieste pokra\u010dovanie v\u00fdstavy <strong>Premeny dr\u00f4tu,<\/strong> mapuj\u00facej aktu\u00e1lne podoby umeleck\u00fdch a\u00a0remeseln\u00fdch pod\u00f4b pr\u00e1ce s\u00a0dr\u00f4tom. \u201e<em>Cyklus v\u00fdstav Premeny dr\u00f4tu po\u010das svojej p\u00e4tn\u00e1s\u0165ro\u010dnej existencie prer\u00e1stol v\u00a0kult\u00farnom priestore Eur\u00f3py do najv\u00e4\u010d\u0161ej prehliadky remesla, umeleck\u00e9ho remesla, dizajnu a\u00a0vo\u013enej v\u00fdtvarnej tvorby vyu\u017e\u00edvaj\u00facich\u00a0dr\u00f4t. Tento rok sa na v\u00fdstave predstav\u00ed takmer \u0161es\u0165desiat autorov zo Slovenska a\u00a0\u010ceska. Bud\u00fa na nej zast\u00fapen\u00e9 \u00fa\u017eitkov\u00e9 predmety, bytov\u00e9 doplnky, drobn\u00e9 dekorat\u00edvne pr\u00e1ce a\u00a0vo\u013en\u00e9 v\u00fdtvarn\u00e9 pr\u00e1ce, ktor\u00e9 zaujm\u00fa svojim dokonal\u00fdm prepracovan\u00edm, ale tie\u017e netradi\u010dn\u00fdmi n\u00e1padmi. \u017deny iste pote\u0161\u00ed kolekcia origin\u00e1lnych \u0161perkov, bi\u017eut\u00e9rie a\u00a0odevn\u00fdch doplnkov<\/em>,\u201c dodala Monika V\u00e1lekov\u00e1, histori\u010dka umenia a\u00a0kur\u00e1torka v\u00fdstavy.<\/p>\n<p style=\"text-align: justify;\">\u010eal\u0161ou festivalovou novinkou bude prezent\u00e1cia slovenskej \u010dasti medzin\u00e1rodn\u00e9ho projektu Ma\u013eovan\u00fd rovn\u00edk pod n\u00e1zvom Tis\u00edc slovensk\u00fdch kilometrov celosvetovej re\u0165aze pozit\u00edvneho myslenia, ktor\u00fd m\u00e1 za cie\u013e v\u00a0priebehu nieko\u013ek\u00fdch rokov oslovi\u0165 40\u00a0075 zn\u00e1mych osobnost\u00ed z\u00a0r\u00f4znych k\u00fatov sveta a oblast\u00ed, aby vytvorili obr\u00e1zok. \u010c\u00edslo predstavuje obvod zemegule na rovn\u00edku a z\u00a0toho je odvoden\u00fd aj n\u00e1zov cel\u00e9ho projektu. Projektom sa vytvor\u00ed symbolick\u00e1 re\u0165az \u013eudsk\u00fdch r\u00fak okolo celej plan\u00e9ty, ktor\u00e1 m\u00e1 prispie\u0165 k\u00a0vytv\u00e1raniu svetov\u00e9ho spolo\u010densk\u00e9ho vedomia a\u00a0posil\u0148ovania priate\u013estva medzi n\u00e1rodmi. Zozbieran\u00e9 obr\u00e1zky \u00a0bud\u00fa s\u00fastreden\u00e9 do gal\u00e9rie, ktor\u00e1 bude vybudovan\u00e1 za t\u00fdmto \u00fa\u010delom. <em>\u201eDo tohto projektu sa v\u00a0r\u00e1mci festivalu zapojilo viac ako tridsa\u0165 drot\u00e1rskych majstrov,<\/em>\u201c dodala Katar\u00edna Hallonov\u00e1.<\/p>\n<p style=\"text-align: justify;\"><strong>Festival drot\u00e1rstva 2010<\/strong> sa uskuto\u010dn\u00ed od 25. do 27. j\u00fana 2010 v\u00a0Sob\u00e1\u0161nom pal\u00e1ci v Byt\u010di. V\u00fdstava Premeny dr\u00f4tu bude spr\u00edstupnen\u00e1 verejnosti do 1. augusta 2010. Organiz\u00e1torom podujatia je \u017dilinsk\u00fd samospr\u00e1vny kraj a\u00a0Pova\u017esk\u00e9 m\u00fazeum v\u00a0\u017diline.<\/p>\n","protected":false},"excerpt":{"rendered":"<p>\u010eal\u0161\u00ed ro\u010dn\u00edk jedine\u010dn\u00e9ho medzin\u00e1rodn\u00e9ho podujatia na Slovensku &#8211; \u00a0Festival drot\u00e1rstva 2010 sa po nieko\u013ek\u00fdch rokoch op\u00e4\u0165 vracia do regi\u00f3nu, pre ktor\u00fd\u00a0 je fenom\u00e9n drot\u00e1rstva tak \u0161pecifick\u00fd. V\u00a0Sob\u00e1\u0161nom pal\u00e1ci v\u00a0Byt\u010di s\u00fa pre odborn\u00fa aj laick\u00fa verejnos\u0165 v\u00a0posledn\u00fd j\u00fanov\u00fd v\u00edkend pripraven\u00e9 atrakt\u00edvne aktivity s\u00a0drot\u00e1rskou tematikou ako v\u00fdstavy, tvoriv\u00e9 dielne, kurzy pr\u00e1ce s dr\u00f4tom, diskusn\u00e9 f\u00f3ra, filmov\u00e9 projekcie [&hellip;]<\/p>\n","protected":false},"author":2,"featured_media":0,"comment_status":"closed","ping_status":"closed","sticky":false,"template":"","format":"standard","meta":{"site-sidebar-layout":"default","site-content-layout":"","ast-site-content-layout":"","site-content-style":"default","site-sidebar-style":"default","ast-global-header-display":"","ast-banner-title-visibility":"","ast-main-header-display":"","ast-hfb-above-header-display":"","ast-hfb-below-header-display":"","ast-hfb-mobile-header-display":"","site-post-title":"","ast-breadcrumbs-content":"","ast-featured-img":"","footer-sml-layout":"","theme-transparent-header-meta":"","adv-header-id-meta":"","stick-header-meta":"","header-above-stick-meta":"","header-main-stick-meta":"","header-below-stick-meta":"","astra-migrate-meta-layouts":"default","ast-page-background-enabled":"default","ast-page-background-meta":{"desktop":{"background-color":"var(--ast-global-color-4)","background-image":"","background-repeat":"repeat","background-position":"center center","background-size":"auto","background-attachment":"scroll","background-type":"","background-media":"","overlay-type":"","overlay-color":"","overlay-opacity":"","overlay-gradient":""},"tablet":{"background-color":"","background-image":"","background-repeat":"repeat","background-position":"center center","background-size":"auto","background-attachment":"scroll","background-type":"","background-media":"","overlay-type":"","overlay-color":"","overlay-opacity":"","overlay-gradient":""},"mobile":{"background-color":"","background-image":"","background-repeat":"repeat","background-position":"center center","background-size":"auto","background-attachment":"scroll","background-type":"","background-media":"","overlay-type":"","overlay-color":"","overlay-opacity":"","overlay-gradient":""}},"ast-content-background-meta":{"desktop":{"background-color":"var(--ast-global-color-5)","background-image":"","background-repeat":"repeat","background-position":"center center","background-size":"auto","background-attachment":"scroll","background-type":"","background-media":"","overlay-type":"","overlay-color":"","overlay-opacity":"","overlay-gradient":""},"tablet":{"background-color":"var(--ast-global-color-5)","background-image":"","background-repeat":"repeat","background-position":"center center","background-size":"auto","background-attachment":"scroll","background-type":"","background-media":"","overlay-type":"","overlay-color":"","overlay-opacity":"","overlay-gradient":""},"mobile":{"background-color":"var(--ast-global-color-5)","background-image":"","background-repeat":"repeat","background-position":"center center","background-size":"auto","background-attachment":"scroll","background-type":"","background-media":"","overlay-type":"","overlay-color":"","overlay-opacity":"","overlay-gradient":""}},"footnotes":""},"categories":[29],"tags":[],"class_list":["post-914","post","type-post","status-publish","format-standard","hentry","category-archiv-2010"],"yoast_head":"<!-- This site is optimized with the Yoast SEO plugin v27.4 - https:\/\/yoast.com\/product\/yoast-seo-wordpress\/ -->\n<title>Festival drot\u00e1rskych majstrov v nov\u00fdch priestoroch a s jubileom - Pova\u017esk\u00e9 m\u00fazeum<\/title>\n<meta name=\"robots\" content=\"index, follow, max-snippet:-1, max-image-preview:large, max-video-preview:-1\" \/>\n<link rel=\"canonical\" href=\"https:\/\/pmza.sk\/?p=914\" \/>\n<meta property=\"og:locale\" content=\"sk_SK\" \/>\n<meta property=\"og:type\" content=\"article\" \/>\n<meta property=\"og:title\" content=\"Festival drot\u00e1rskych majstrov v nov\u00fdch priestoroch a s jubileom - Pova\u017esk\u00e9 m\u00fazeum\" \/>\n<meta property=\"og:description\" content=\"\u010eal\u0161\u00ed ro\u010dn\u00edk jedine\u010dn\u00e9ho medzin\u00e1rodn\u00e9ho podujatia na Slovensku &#8211; \u00a0Festival drot\u00e1rstva 2010 sa po nieko\u013ek\u00fdch rokoch op\u00e4\u0165 vracia do regi\u00f3nu, pre ktor\u00fd\u00a0 je fenom\u00e9n drot\u00e1rstva tak \u0161pecifick\u00fd. V\u00a0Sob\u00e1\u0161nom pal\u00e1ci v\u00a0Byt\u010di s\u00fa pre odborn\u00fa aj laick\u00fa verejnos\u0165 v\u00a0posledn\u00fd j\u00fanov\u00fd v\u00edkend pripraven\u00e9 atrakt\u00edvne aktivity s\u00a0drot\u00e1rskou tematikou ako v\u00fdstavy, tvoriv\u00e9 dielne, kurzy pr\u00e1ce s dr\u00f4tom, diskusn\u00e9 f\u00f3ra, filmov\u00e9 projekcie [&hellip;]\" \/>\n<meta property=\"og:url\" content=\"https:\/\/pmza.sk\/?p=914\" \/>\n<meta property=\"og:site_name\" content=\"Pova\u017esk\u00e9 m\u00fazeum\" \/>\n<meta property=\"article:publisher\" content=\"https:\/\/www.facebook.com\/povazskemuzeum\" \/>\n<meta property=\"article:published_time\" content=\"2010-06-21T13:00:41+00:00\" \/>\n<meta property=\"og:image\" content=\"https:\/\/pmza.sk.sk\/wp-content\/uploads\/2010\/06\/Marta-Kolekova-detail-sperku-300x200.jpg\" \/>\n<meta name=\"author\" content=\"Pova\u017esk\u00e9 m\u00fazeum\" \/>\n<meta name=\"twitter:card\" content=\"summary_large_image\" \/>\n<meta name=\"twitter:label1\" content=\"Autor\" \/>\n\t<meta name=\"twitter:data1\" content=\"Pova\u017esk\u00e9 m\u00fazeum\" \/>\n\t<meta name=\"twitter:label2\" content=\"Predpokladan\u00fd \u010das \u010d\u00edtania\" \/>\n\t<meta name=\"twitter:data2\" content=\"3 min\u00faty\" \/>\n<script type=\"application\/ld+json\" class=\"yoast-schema-graph\">{\"@context\":\"https:\\\/\\\/schema.org\",\"@graph\":[{\"@type\":\"Article\",\"@id\":\"https:\\\/\\\/pmza.sk\\\/?p=914#article\",\"isPartOf\":{\"@id\":\"https:\\\/\\\/pmza.sk\\\/?p=914\"},\"author\":{\"name\":\"Pova\u017esk\u00e9 m\u00fazeum\",\"@id\":\"https:\\\/\\\/pmza.sk\\\/#\\\/schema\\\/person\\\/595e6a2ce731ea94dcd5d7f50a41ae33\"},\"headline\":\"Festival drot\u00e1rskych majstrov v nov\u00fdch priestoroch a s jubileom\",\"datePublished\":\"2010-06-21T13:00:41+00:00\",\"mainEntityOfPage\":{\"@id\":\"https:\\\/\\\/pmza.sk\\\/?p=914\"},\"wordCount\":587,\"publisher\":{\"@id\":\"https:\\\/\\\/pmza.sk\\\/#organization\"},\"image\":{\"@id\":\"https:\\\/\\\/pmza.sk\\\/?p=914#primaryimage\"},\"thumbnailUrl\":\"http:\\\/\\\/pmza.sk.sk\\\/wp-content\\\/uploads\\\/2010\\\/06\\\/Marta-Kolekova-detail-sperku-300x200.jpg\",\"articleSection\":[\"Arch\u00edv 2010\"],\"inLanguage\":\"sk-SK\"},{\"@type\":\"WebPage\",\"@id\":\"https:\\\/\\\/pmza.sk\\\/?p=914\",\"url\":\"https:\\\/\\\/pmza.sk\\\/?p=914\",\"name\":\"Festival drot\u00e1rskych majstrov v nov\u00fdch priestoroch a s jubileom - Pova\u017esk\u00e9 m\u00fazeum\",\"isPartOf\":{\"@id\":\"https:\\\/\\\/pmza.sk\\\/#website\"},\"primaryImageOfPage\":{\"@id\":\"https:\\\/\\\/pmza.sk\\\/?p=914#primaryimage\"},\"image\":{\"@id\":\"https:\\\/\\\/pmza.sk\\\/?p=914#primaryimage\"},\"thumbnailUrl\":\"http:\\\/\\\/pmza.sk.sk\\\/wp-content\\\/uploads\\\/2010\\\/06\\\/Marta-Kolekova-detail-sperku-300x200.jpg\",\"datePublished\":\"2010-06-21T13:00:41+00:00\",\"breadcrumb\":{\"@id\":\"https:\\\/\\\/pmza.sk\\\/?p=914#breadcrumb\"},\"inLanguage\":\"sk-SK\",\"potentialAction\":[{\"@type\":\"ReadAction\",\"target\":[\"https:\\\/\\\/pmza.sk\\\/?p=914\"]}]},{\"@type\":\"ImageObject\",\"inLanguage\":\"sk-SK\",\"@id\":\"https:\\\/\\\/pmza.sk\\\/?p=914#primaryimage\",\"url\":\"http:\\\/\\\/pmza.sk.sk\\\/wp-content\\\/uploads\\\/2010\\\/06\\\/Marta-Kolekova-detail-sperku-300x200.jpg\",\"contentUrl\":\"http:\\\/\\\/pmza.sk.sk\\\/wp-content\\\/uploads\\\/2010\\\/06\\\/Marta-Kolekova-detail-sperku-300x200.jpg\"},{\"@type\":\"BreadcrumbList\",\"@id\":\"https:\\\/\\\/pmza.sk\\\/?p=914#breadcrumb\",\"itemListElement\":[{\"@type\":\"ListItem\",\"position\":1,\"name\":\"Domovsk\u00e1 str\u00e1nka\",\"item\":\"https:\\\/\\\/pmza.sk\\\/\"},{\"@type\":\"ListItem\",\"position\":2,\"name\":\"Festival drot\u00e1rskych majstrov v nov\u00fdch priestoroch a s jubileom\"}]},{\"@type\":\"WebSite\",\"@id\":\"https:\\\/\\\/pmza.sk\\\/#website\",\"url\":\"https:\\\/\\\/pmza.sk\\\/\",\"name\":\"Pova\u017esk\u00e9 m\u00fazeum\",\"description\":\"Pova\u017esk\u00e9 m\u00fazeum v \u017diline je region\u00e1lne m\u00fazeum so s\u00eddlom v Budat\u00edne. Jeho expoz\u00edcie s\u00fa zameran\u00e9 na dejiny slovensk\u00e9ho umenia, kult\u00fary a dopravy.\",\"publisher\":{\"@id\":\"https:\\\/\\\/pmza.sk\\\/#organization\"},\"potentialAction\":[{\"@type\":\"SearchAction\",\"target\":{\"@type\":\"EntryPoint\",\"urlTemplate\":\"https:\\\/\\\/pmza.sk\\\/?s={search_term_string}\"},\"query-input\":{\"@type\":\"PropertyValueSpecification\",\"valueRequired\":true,\"valueName\":\"search_term_string\"}}],\"inLanguage\":\"sk-SK\"},{\"@type\":\"Organization\",\"@id\":\"https:\\\/\\\/pmza.sk\\\/#organization\",\"name\":\"Pova\u017esk\u00e9 m\u00fazeum\",\"url\":\"https:\\\/\\\/pmza.sk\\\/\",\"logo\":{\"@type\":\"ImageObject\",\"inLanguage\":\"sk-SK\",\"@id\":\"https:\\\/\\\/pmza.sk\\\/#\\\/schema\\\/logo\\\/image\\\/\",\"url\":\"https:\\\/\\\/pmza.sk\\\/wp-content\\\/uploads\\\/2022\\\/01\\\/logo_PM_horizontal.jpg\",\"contentUrl\":\"https:\\\/\\\/pmza.sk\\\/wp-content\\\/uploads\\\/2022\\\/01\\\/logo_PM_horizontal.jpg\",\"width\":231,\"height\":142,\"caption\":\"Pova\u017esk\u00e9 m\u00fazeum\"},\"image\":{\"@id\":\"https:\\\/\\\/pmza.sk\\\/#\\\/schema\\\/logo\\\/image\\\/\"},\"sameAs\":[\"https:\\\/\\\/www.facebook.com\\\/povazskemuzeum\",\"https:\\\/\\\/www.instagram.com\\\/povazskemuzeum\\\/\"]},{\"@type\":\"Person\",\"@id\":\"https:\\\/\\\/pmza.sk\\\/#\\\/schema\\\/person\\\/595e6a2ce731ea94dcd5d7f50a41ae33\",\"name\":\"Pova\u017esk\u00e9 m\u00fazeum\",\"image\":{\"@type\":\"ImageObject\",\"inLanguage\":\"sk-SK\",\"@id\":\"https:\\\/\\\/secure.gravatar.com\\\/avatar\\\/2bb7f1561282132fb5826dfeccc66c7996d11ee392ac6aaf7ced8a1c2027fbb2?s=96&d=mm&r=g\",\"url\":\"https:\\\/\\\/secure.gravatar.com\\\/avatar\\\/2bb7f1561282132fb5826dfeccc66c7996d11ee392ac6aaf7ced8a1c2027fbb2?s=96&d=mm&r=g\",\"contentUrl\":\"https:\\\/\\\/secure.gravatar.com\\\/avatar\\\/2bb7f1561282132fb5826dfeccc66c7996d11ee392ac6aaf7ced8a1c2027fbb2?s=96&d=mm&r=g\",\"caption\":\"Pova\u017esk\u00e9 m\u00fazeum\"}}]}<\/script>\n<!-- \/ Yoast SEO plugin. -->","yoast_head_json":{"title":"Festival drot\u00e1rskych majstrov v nov\u00fdch priestoroch a s jubileom - Pova\u017esk\u00e9 m\u00fazeum","robots":{"index":"index","follow":"follow","max-snippet":"max-snippet:-1","max-image-preview":"max-image-preview:large","max-video-preview":"max-video-preview:-1"},"canonical":"https:\/\/pmza.sk\/?p=914","og_locale":"sk_SK","og_type":"article","og_title":"Festival drot\u00e1rskych majstrov v nov\u00fdch priestoroch a s jubileom - Pova\u017esk\u00e9 m\u00fazeum","og_description":"\u010eal\u0161\u00ed ro\u010dn\u00edk jedine\u010dn\u00e9ho medzin\u00e1rodn\u00e9ho podujatia na Slovensku &#8211; \u00a0Festival drot\u00e1rstva 2010 sa po nieko\u013ek\u00fdch rokoch op\u00e4\u0165 vracia do regi\u00f3nu, pre ktor\u00fd\u00a0 je fenom\u00e9n drot\u00e1rstva tak \u0161pecifick\u00fd. V\u00a0Sob\u00e1\u0161nom pal\u00e1ci v\u00a0Byt\u010di s\u00fa pre odborn\u00fa aj laick\u00fa verejnos\u0165 v\u00a0posledn\u00fd j\u00fanov\u00fd v\u00edkend pripraven\u00e9 atrakt\u00edvne aktivity s\u00a0drot\u00e1rskou tematikou ako v\u00fdstavy, tvoriv\u00e9 dielne, kurzy pr\u00e1ce s dr\u00f4tom, diskusn\u00e9 f\u00f3ra, filmov\u00e9 projekcie [&hellip;]","og_url":"https:\/\/pmza.sk\/?p=914","og_site_name":"Pova\u017esk\u00e9 m\u00fazeum","article_publisher":"https:\/\/www.facebook.com\/povazskemuzeum","article_published_time":"2010-06-21T13:00:41+00:00","og_image":[{"url":"https:\/\/pmza.sk.sk\/wp-content\/uploads\/2010\/06\/Marta-Kolekova-detail-sperku-300x200.jpg","type":"","width":"","height":""}],"author":"Pova\u017esk\u00e9 m\u00fazeum","twitter_card":"summary_large_image","twitter_misc":{"Autor":"Pova\u017esk\u00e9 m\u00fazeum","Predpokladan\u00fd \u010das \u010d\u00edtania":"3 min\u00faty"},"schema":{"@context":"https:\/\/schema.org","@graph":[{"@type":"Article","@id":"https:\/\/pmza.sk\/?p=914#article","isPartOf":{"@id":"https:\/\/pmza.sk\/?p=914"},"author":{"name":"Pova\u017esk\u00e9 m\u00fazeum","@id":"https:\/\/pmza.sk\/#\/schema\/person\/595e6a2ce731ea94dcd5d7f50a41ae33"},"headline":"Festival drot\u00e1rskych majstrov v nov\u00fdch priestoroch a s jubileom","datePublished":"2010-06-21T13:00:41+00:00","mainEntityOfPage":{"@id":"https:\/\/pmza.sk\/?p=914"},"wordCount":587,"publisher":{"@id":"https:\/\/pmza.sk\/#organization"},"image":{"@id":"https:\/\/pmza.sk\/?p=914#primaryimage"},"thumbnailUrl":"https:\/\/pmza.sk.sk\/wp-content\/uploads\/2010\/06\/Marta-Kolekova-detail-sperku-300x200.jpg","articleSection":["Arch\u00edv 2010"],"inLanguage":"sk-SK"},{"@type":"WebPage","@id":"https:\/\/pmza.sk\/?p=914","url":"https:\/\/pmza.sk\/?p=914","name":"Festival drot\u00e1rskych majstrov v nov\u00fdch priestoroch a s jubileom - Pova\u017esk\u00e9 m\u00fazeum","isPartOf":{"@id":"https:\/\/pmza.sk\/#website"},"primaryImageOfPage":{"@id":"https:\/\/pmza.sk\/?p=914#primaryimage"},"image":{"@id":"https:\/\/pmza.sk\/?p=914#primaryimage"},"thumbnailUrl":"https:\/\/pmza.sk.sk\/wp-content\/uploads\/2010\/06\/Marta-Kolekova-detail-sperku-300x200.jpg","datePublished":"2010-06-21T13:00:41+00:00","breadcrumb":{"@id":"https:\/\/pmza.sk\/?p=914#breadcrumb"},"inLanguage":"sk-SK","potentialAction":[{"@type":"ReadAction","target":["https:\/\/pmza.sk\/?p=914"]}]},{"@type":"ImageObject","inLanguage":"sk-SK","@id":"https:\/\/pmza.sk\/?p=914#primaryimage","url":"https:\/\/pmza.sk.sk\/wp-content\/uploads\/2010\/06\/Marta-Kolekova-detail-sperku-300x200.jpg","contentUrl":"https:\/\/pmza.sk.sk\/wp-content\/uploads\/2010\/06\/Marta-Kolekova-detail-sperku-300x200.jpg"},{"@type":"BreadcrumbList","@id":"https:\/\/pmza.sk\/?p=914#breadcrumb","itemListElement":[{"@type":"ListItem","position":1,"name":"Domovsk\u00e1 str\u00e1nka","item":"https:\/\/pmza.sk\/"},{"@type":"ListItem","position":2,"name":"Festival drot\u00e1rskych majstrov v nov\u00fdch priestoroch a s jubileom"}]},{"@type":"WebSite","@id":"https:\/\/pmza.sk\/#website","url":"https:\/\/pmza.sk\/","name":"Pova\u017esk\u00e9 m\u00fazeum","description":"Pova\u017esk\u00e9 m\u00fazeum v \u017diline je region\u00e1lne m\u00fazeum so s\u00eddlom v Budat\u00edne. Jeho expoz\u00edcie s\u00fa zameran\u00e9 na dejiny slovensk\u00e9ho umenia, kult\u00fary a dopravy.","publisher":{"@id":"https:\/\/pmza.sk\/#organization"},"potentialAction":[{"@type":"SearchAction","target":{"@type":"EntryPoint","urlTemplate":"https:\/\/pmza.sk\/?s={search_term_string}"},"query-input":{"@type":"PropertyValueSpecification","valueRequired":true,"valueName":"search_term_string"}}],"inLanguage":"sk-SK"},{"@type":"Organization","@id":"https:\/\/pmza.sk\/#organization","name":"Pova\u017esk\u00e9 m\u00fazeum","url":"https:\/\/pmza.sk\/","logo":{"@type":"ImageObject","inLanguage":"sk-SK","@id":"https:\/\/pmza.sk\/#\/schema\/logo\/image\/","url":"https:\/\/pmza.sk\/wp-content\/uploads\/2022\/01\/logo_PM_horizontal.jpg","contentUrl":"https:\/\/pmza.sk\/wp-content\/uploads\/2022\/01\/logo_PM_horizontal.jpg","width":231,"height":142,"caption":"Pova\u017esk\u00e9 m\u00fazeum"},"image":{"@id":"https:\/\/pmza.sk\/#\/schema\/logo\/image\/"},"sameAs":["https:\/\/www.facebook.com\/povazskemuzeum","https:\/\/www.instagram.com\/povazskemuzeum\/"]},{"@type":"Person","@id":"https:\/\/pmza.sk\/#\/schema\/person\/595e6a2ce731ea94dcd5d7f50a41ae33","name":"Pova\u017esk\u00e9 m\u00fazeum","image":{"@type":"ImageObject","inLanguage":"sk-SK","@id":"https:\/\/secure.gravatar.com\/avatar\/2bb7f1561282132fb5826dfeccc66c7996d11ee392ac6aaf7ced8a1c2027fbb2?s=96&d=mm&r=g","url":"https:\/\/secure.gravatar.com\/avatar\/2bb7f1561282132fb5826dfeccc66c7996d11ee392ac6aaf7ced8a1c2027fbb2?s=96&d=mm&r=g","contentUrl":"https:\/\/secure.gravatar.com\/avatar\/2bb7f1561282132fb5826dfeccc66c7996d11ee392ac6aaf7ced8a1c2027fbb2?s=96&d=mm&r=g","caption":"Pova\u017esk\u00e9 m\u00fazeum"}}]}},"_links":{"self":[{"href":"https:\/\/pmza.sk\/index.php?rest_route=\/wp\/v2\/posts\/914","targetHints":{"allow":["GET"]}}],"collection":[{"href":"https:\/\/pmza.sk\/index.php?rest_route=\/wp\/v2\/posts"}],"about":[{"href":"https:\/\/pmza.sk\/index.php?rest_route=\/wp\/v2\/types\/post"}],"author":[{"embeddable":true,"href":"https:\/\/pmza.sk\/index.php?rest_route=\/wp\/v2\/users\/2"}],"replies":[{"embeddable":true,"href":"https:\/\/pmza.sk\/index.php?rest_route=%2Fwp%2Fv2%2Fcomments&post=914"}],"version-history":[{"count":0,"href":"https:\/\/pmza.sk\/index.php?rest_route=\/wp\/v2\/posts\/914\/revisions"}],"wp:attachment":[{"href":"https:\/\/pmza.sk\/index.php?rest_route=%2Fwp%2Fv2%2Fmedia&parent=914"}],"wp:term":[{"taxonomy":"category","embeddable":true,"href":"https:\/\/pmza.sk\/index.php?rest_route=%2Fwp%2Fv2%2Fcategories&post=914"},{"taxonomy":"post_tag","embeddable":true,"href":"https:\/\/pmza.sk\/index.php?rest_route=%2Fwp%2Fv2%2Ftags&post=914"}],"curies":[{"name":"wp","href":"https:\/\/api.w.org\/{rel}","templated":true}]}}