{"id":9198,"date":"2014-03-03T10:42:49","date_gmt":"2014-03-03T09:42:49","guid":{"rendered":"https:\/\/pmza.sk.sk\/?p=9198"},"modified":"2014-03-03T10:42:49","modified_gmt":"2014-03-03T09:42:49","slug":"vlakom-do-muzei-a-galerii","status":"publish","type":"post","link":"https:\/\/pmza.sk\/?p=9198","title":{"rendered":"Vlakom do m\u00faze\u00ed a gal\u00e9ri\u00ed"},"content":{"rendered":"<p><a href=\"https:\/\/pmza.sk\/wp-content\/uploads\/2014\/03\/Plagat_vlakom-do-muzei-a-gelerii_2014.jpg\"><img fetchpriority=\"high\" decoding=\"async\" class=\"alignleft size-medium wp-image-9211\" alt=\"Plag\u00e1t_vlakom do m\u00faze\u00ed a gel\u00e9ri\u00ed_2014\" src=\"https:\/\/pmza.sk.sk\/wp-content\/uploads\/2014\/03\/Plag\u00e1t_vlakom-do-m\u00faze\u00ed-a-gel\u00e9ri\u00ed_2014-210x300.jpg\" width=\"200\" height=\"286\" \/><\/a>\u017dilinsk\u00fd samospr\u00e1vny kraj sa prostredn\u00edctvom m\u00faze\u00ed a\u00a0gal\u00e9ri\u00ed v\u00a0zria\u010fovate\u013eskej p\u00f4sobnosti v\u00a0roku 2014 zap\u00e1ja do\u00a0projektu <strong>VLAKOM DO M\u00daZE\u00cd A GAL\u00c9RI\u00cd,<\/strong> ktor\u00fd \u00faspe\u0161ne realizuje Ministerstvo kult\u00fary Slovenskej republiky v\u00a0spolupr\u00e1ci so\u00a0\u017delezni\u010dnou spolo\u010dnos\u0165ou Slovensko, a. s. od\u00a0roku 2006. Projekt je ur\u010den\u00fd \u017eiakom z\u00e1kladn\u00fdch \u0161k\u00f4l a\u00a0\u017eiakom 1. \u2013 4. ro\u010dn\u00edka osemro\u010dn\u00fdch gymn\u00e1zi\u00ed, ktor\u00ed takto m\u00f4\u017eu vyu\u017ei\u0165 ponuku nav\u0161t\u00edvi\u0165 m\u00faze\u00e1 a\u00a0gal\u00e9rie na\u00a0Slovensku.<\/p>\n<div>Projekt je ur\u010den\u00fd pre \u017eiakov, ktor\u00ed takto m\u00f4\u017eu vyu\u017ei\u0165 ponuku nav\u0161t\u00edvi\u0165 m\u00faze\u00e1 a gal\u00e9rie na Slovensku.<!--more--><\/div>\n<div><\/div>\n<p>Do projektu sa zapoja m\u00faze\u00e1 a\u00a0gal\u00e9rie v\u00a0zria\u010fovacej p\u00f4sobnosti \u017dilinsk\u00e9ho samospr\u00e1vneho kraja:<\/p>\n<p>&nbsp;<\/p>\n<ul>\n<li><strong><a title=\"Odkaz sa otvor\u00ed v novom okne\" href=\"https:\/\/pmza.sk.sk\/\">Pova\u017esk\u00e9 m\u00fazeum v\u00a0\u017diline<\/a>\u00a0<\/strong><\/li>\n<li><a title=\"Odkaz sa otvor\u00ed v novom okne\" href=\"http:\/\/www.kysuckemuzeum.sk\/\"><strong>Kysuck\u00e9 m\u00fazeum v\u00a0\u010cadci\u00a0<\/strong><\/a><\/li>\n<li><strong><a title=\"Odkaz sa otvor\u00ed v novom okne\" href=\"http:\/\/www.liptovskemuzeum.sk\/\">Liptovsk\u00e9 m\u00fazeum v\u00a0Ru\u017eomberku<\/a>\u00a0<\/strong><\/li>\n<li><a title=\"Odkaz sa otvor\u00ed v novom okne\" href=\"http:\/\/www.oravskemuzeum.sk\/\"><strong>Oravsk\u00e9 m\u00fazeum Pavla Orsz\u00e1gha Hviezdoslava v\u00a0Dolnom Kub\u00edne<\/strong><\/a><\/li>\n<li><a title=\"Odkaz sa otvor\u00ed v novom okne\" href=\"http:\/\/www.kysuckagaleria.sk\/\"><strong>Kysuck\u00e1 gal\u00e9ria v\u00a0O\u0161\u010dadnici\u00a0<\/strong><\/a><\/li>\n<li><strong><a title=\"Odkaz sa otvor\u00ed v novom okne\" href=\"http:\/\/www.galerialm.sk\/\">Liptovsk\u00e1 gal\u00e9ria Petra Michala Boh\u00fa\u0148a v\u00a0Liptovskom Mikul\u00e1\u0161i<\/a>\u00a0<\/strong><\/li>\n<li><a title=\"Odkaz sa otvor\u00ed v novom okne\" href=\"http:\/\/www.oravskagaleria.sk\/\"><strong>Oravsk\u00e1 gal\u00e9ria v\u00a0Dolnom Kub\u00edne\u00a0<\/strong><\/a><\/li>\n<li><a title=\"Odkaz sa otvor\u00ed v novom okne\" href=\"http:\/\/www.pgu.sk\/\"><strong>Pova\u017esk\u00e1 gal\u00e9ria umenia v\u00a0\u017diline<\/strong><\/a><\/li>\n<li><strong><a title=\"Odkaz sa otvor\u00ed v novom okne\" href=\"http:\/\/turiecgallery.sk\/\">Tur\u010dianska gal\u00e9ria v\u00a0Martine<\/a> <br \/><\/strong><\/li>\n<\/ul>\n<h3>Za\u010diatok predpredaja:\u00a0Od 03. marca 2014<\/h3>\n<h3>Za ko\u013eko cestova\u0165<\/h3>\n<p>Plat\u00ed sa <strong>len 0,30 \u20ac za ka\u017ed\u00fdch<\/strong> za\u010dat\u00fdch <strong>50 km<\/strong> pre ka\u017ed\u00e9ho \u017eiaka (cena prepravy sprievodcov je v cene prepravy det\u00ed). Minim\u00e1lny po\u010det det\u00ed v skupine je 10 + 1 dospel\u00fd ved\u00faci. Na ka\u017ed\u00fa \u010fal\u0161iu skupinu 10 det\u00ed (aj ne\u00fapln\u00fa) m\u00e1 n\u00e1rok na bezplatn\u00fa prepravu 1 dospel\u00fd sprievodca.<\/p>\n<h3>Kedy mo\u017eno cestova\u0165<\/h3>\n<ul>\n<li>Od utorka 18. marca do soboty 12. apr\u00edla 2014<\/li>\n<li>V utorok, stredu, \u0161tvrtok a sobotu v ktoromko\u013evek t\u00fd\u017edni<\/li>\n<li>Spolo\u010dn\u00fd spiato\u010dn\u00fd cestovn\u00fd l\u00edstok plat\u00ed len v de\u0148 n\u00e1v\u0161tevy m\u00fazea\/gal\u00e9rie.<\/li>\n<li>Preprava mus\u00ed by\u0165 vopred ohl\u00e1sen\u00e1 a schv\u00e1len\u00e1 (formul\u00e1r).<\/li>\n<li>Vstupn\u00e9 do m\u00faze\u00ed a gal\u00e9ri\u00ed sa ur\u010duje osobitne (treba konzultova\u0165 v danom m\u00fazeu \u010di gal\u00e9rii).<\/li>\n<\/ul>\n<h3>Ako postupova\u0165 pred prepravou<\/h3>\n<ol>\n<li>\u0160kola kontaktuje m\u00fazeum\/gal\u00e9riu zo <strong><a title=\"Initiates file download\" href=\"http:\/\/www.slovakrail.sk\/fileadmin\/dokumenty\/2014_pdf\/Aktualny_program_Vlakom_do_muzei_a_galerii_2014_26_02.pdf\">zverejnen\u00e9ho zoznamu<\/a><\/strong> a dohodne si term\u00edn n\u00e1v\u0161tevy.<\/li>\n<li>Po potvrden\u00ed term\u00ednu n\u00e1v\u0161tevy m\u00fazea\/gal\u00e9rie \u0161kola vypln\u00ed <strong><a title=\"Initiates file download\" href=\"http:\/\/www.slovakrail.sk\/fileadmin\/dokumenty\/2014_pdf\/Objednavkovy_formular_Vlakom_do_muzei_a_galerii_2014doc.doc\">objedn\u00e1vkov\u00fd formul\u00e1r<\/a><\/strong>.<\/li>\n<li>Kompletne vyplnen\u00fd formul\u00e1r (vo form\u00e1te.doc) za\u0161le na e-mailov\u00fa adresu <a>muzeum@slovakrail.sk<\/a>.<\/li>\n<li>\u017delezni\u010dn\u00e1 spolo\u010dnos\u0165 Slovensko schv\u00e1li, potvrd\u00ed prepravu a za\u0161le \u0161kole potvrden\u00fd formul\u00e1r o schv\u00e1len\u00ed prepravy (vo form\u00e1te .pdf)<strong>*<\/strong><\/li>\n<li>Potvrden\u00fdm formul\u00e1rom o schv\u00e1len\u00ed prepravy sa \u0161kola preuk\u00e1\u017ee pri n\u00e1kupe cestovn\u00fdch dokladov a n\u00e1sledne pri kontrole cestovn\u00fdch dokladov vo vlaku.<\/li>\n<li>Pri n\u00e1v\u0161teve m\u00fazea\/gal\u00e9rie je \u0161kola povinn\u00e1 necha\u0165 si formul\u00e1r potvrdi\u0165 pe\u010diatkou, podpisom a d\u00e1tumom nav\u0161t\u00edven\u00e9ho m\u00fazea\/gal\u00e9rie.<br \/><strong>*v pr\u00edpade prekro\u010denia kapacity pl\u00e1novan\u00e9ho vlaku ZSSK zabezpe\u010d\u00ed in\u00fa prepravu po dohode s kontaktnou osobou \u0161koly pr\u00edpadne prepravu odriekne<\/strong><\/li>\n<\/ol>\n<h3>Ako sa preuk\u00e1\u017eete vo vlaku<\/h3>\n<ul>\n<li>Pri ceste <strong>tam<\/strong> cestovn\u00fdmi l\u00edstkami a formul\u00e1rom potvrden\u00fdm ZSSK a \u0161kolou.<\/li>\n<li>Pri ceste <strong>sp\u00e4\u0165<\/strong> cestovn\u00fdmi l\u00edstkami a <strong>formul\u00e1rom potvrden\u00fdm<\/strong> ZSSK, \u0161kolou a nav\u0161t\u00edven\u00fdm <strong>m\u00fazeom\/gal\u00e9riou<\/strong>.<\/li>\n<\/ul>\n<h3>D\u00f4le\u017eit\u00e9\u00a0 inform\u00e1cie<\/h3>\n<ul>\n<li>Z kapacitn\u00fdch d\u00f4vodov je nevyhnutn\u00e9 objedna\u0165 si ka\u017ed\u00fa prepravu najnesk\u00f4r 3 pracovn\u00e9 dni pred pl\u00e1novanou cestou na e-mailovej adrese <a>muzeum@slovakrail.sk<\/a>\u00a0 (denne od 8:00 do 15:00 h)<\/li>\n<li>Schv\u00e1lenie prepravy dopravcom nie je s\u00fahlasom s prepravou os\u00f4b nesp\u013a\u0148aj\u00facich podmienky akcie.<\/li>\n<li>\u0160kola zodpoved\u00e1 za to, \u017ee skupina ako celok, ako aj jednotliv\u00ed \u00fa\u010dastn\u00edci skupiny sp\u013a\u0148aj\u00fa podmienky akcie.<\/li>\n<li>Ved\u00faci skupiny vo vlaku je povinn\u00fd predlo\u017ei\u0165 potvrdzuj\u00faci formul\u00e1r so s\u00fahlasom ZSSK s po\u010dtom \u017eiakov\/sprievodcov (s pe\u010diatkou \u0161koly) a menom zodpovedn\u00e9ho ved\u00faceho. Ten na po\u017eiadanie opr\u00e1vnen\u00e9ho zamestnanca ZSSK mus\u00ed predlo\u017ei\u0165 preukaz\u00a0 toto\u017enosti.<\/li>\n<li>Pri ceste sp\u00e4\u0165 je nutn\u00e9 ma\u0165 formul\u00e1r potvrden\u00fd aj nav\u0161t\u00edven\u00fdm m\u00fazeom\/gal\u00e9riou.<\/li>\n<\/ul>\n<h3>Akciu realizuje osobn\u00fd \u017eelezni\u010dn\u00fd dopravca \u017delezni\u010dn\u00e1 spolo\u010dnos\u0165 Slovensko (ZSSK) s partnermi.<\/h3>\n<p>Viac inform\u00e1ci\u00ed a potrebn\u00e9 formul\u00e1re n\u00e1jdete na web str\u00e1nke \u017dilinsk\u00e9ho samospr\u00e1vneho kraja <a href=\"http:\/\/www.regionzilina.sk\/sk\/aktuality\/aktuality\/vlakom-do-muzei-galerii.html\">www.regionzilina.sk<\/a> a tie\u017e na web str\u00e1nke \u017delezni\u010dnej spolo\u010dnosti Slovensko <a href=\"http:\/\/www.slovakrail.sk\/sk\/specialne-ponuky\/akcie-zssk\/vlakom-do-muzei-a-galerii-marec-2014.html\">www.slovakrail.sk<\/a><\/p>\n<p>Plag\u00e1t si pozrite <a href=\"http:\/\/www.slovakrail.sk\/uploads\/tx_main\/2014\/02\/27\/Vlakom_do_muzei_a_galerii_-_jar_2014.pdf\">TU<\/a><\/p>\n<p>&nbsp;<\/p>\n","protected":false},"excerpt":{"rendered":"<p>\u017dilinsk\u00fd samospr\u00e1vny kraj sa prostredn\u00edctvom m\u00faze\u00ed a\u00a0gal\u00e9ri\u00ed v\u00a0zria\u010fovate\u013eskej p\u00f4sobnosti v\u00a0roku 2014 zap\u00e1ja do\u00a0projektu VLAKOM DO M\u00daZE\u00cd A GAL\u00c9RI\u00cd, ktor\u00fd \u00faspe\u0161ne realizuje Ministerstvo kult\u00fary Slovenskej republiky v\u00a0spolupr\u00e1ci so\u00a0\u017delezni\u010dnou spolo\u010dnos\u0165ou Slovensko, a. s. od\u00a0roku 2006. Projekt je ur\u010den\u00fd \u017eiakom z\u00e1kladn\u00fdch \u0161k\u00f4l a\u00a0\u017eiakom 1. \u2013 4. ro\u010dn\u00edka osemro\u010dn\u00fdch gymn\u00e1zi\u00ed, ktor\u00ed takto m\u00f4\u017eu vyu\u017ei\u0165 ponuku nav\u0161t\u00edvi\u0165 m\u00faze\u00e1 a\u00a0gal\u00e9rie na\u00a0Slovensku. [&hellip;]<\/p>\n","protected":false},"author":2,"featured_media":0,"comment_status":"closed","ping_status":"closed","sticky":false,"template":"","format":"standard","meta":{"site-sidebar-layout":"default","site-content-layout":"","ast-site-content-layout":"","site-content-style":"default","site-sidebar-style":"default","ast-global-header-display":"","ast-banner-title-visibility":"","ast-main-header-display":"","ast-hfb-above-header-display":"","ast-hfb-below-header-display":"","ast-hfb-mobile-header-display":"","site-post-title":"","ast-breadcrumbs-content":"","ast-featured-img":"","footer-sml-layout":"","theme-transparent-header-meta":"","adv-header-id-meta":"","stick-header-meta":"","header-above-stick-meta":"","header-main-stick-meta":"","header-below-stick-meta":"","astra-migrate-meta-layouts":"default","ast-page-background-enabled":"default","ast-page-background-meta":{"desktop":{"background-color":"var(--ast-global-color-4)","background-image":"","background-repeat":"repeat","background-position":"center center","background-size":"auto","background-attachment":"scroll","background-type":"","background-media":"","overlay-type":"","overlay-color":"","overlay-opacity":"","overlay-gradient":""},"tablet":{"background-color":"","background-image":"","background-repeat":"repeat","background-position":"center center","background-size":"auto","background-attachment":"scroll","background-type":"","background-media":"","overlay-type":"","overlay-color":"","overlay-opacity":"","overlay-gradient":""},"mobile":{"background-color":"","background-image":"","background-repeat":"repeat","background-position":"center center","background-size":"auto","background-attachment":"scroll","background-type":"","background-media":"","overlay-type":"","overlay-color":"","overlay-opacity":"","overlay-gradient":""}},"ast-content-background-meta":{"desktop":{"background-color":"var(--ast-global-color-5)","background-image":"","background-repeat":"repeat","background-position":"center center","background-size":"auto","background-attachment":"scroll","background-type":"","background-media":"","overlay-type":"","overlay-color":"","overlay-opacity":"","overlay-gradient":""},"tablet":{"background-color":"var(--ast-global-color-5)","background-image":"","background-repeat":"repeat","background-position":"center center","background-size":"auto","background-attachment":"scroll","background-type":"","background-media":"","overlay-type":"","overlay-color":"","overlay-opacity":"","overlay-gradient":""},"mobile":{"background-color":"var(--ast-global-color-5)","background-image":"","background-repeat":"repeat","background-position":"center center","background-size":"auto","background-attachment":"scroll","background-type":"","background-media":"","overlay-type":"","overlay-color":"","overlay-opacity":"","overlay-gradient":""}},"footnotes":""},"categories":[36],"tags":[],"class_list":["post-9198","post","type-post","status-publish","format-standard","hentry","category-archiv-2014"],"yoast_head":"<!-- This site is optimized with the Yoast SEO plugin v27.4 - https:\/\/yoast.com\/product\/yoast-seo-wordpress\/ -->\n<title>Vlakom do m\u00faze\u00ed a gal\u00e9ri\u00ed - Pova\u017esk\u00e9 m\u00fazeum<\/title>\n<meta name=\"robots\" content=\"index, follow, max-snippet:-1, max-image-preview:large, max-video-preview:-1\" \/>\n<link rel=\"canonical\" href=\"https:\/\/pmza.sk\/?p=9198\" \/>\n<meta property=\"og:locale\" content=\"sk_SK\" \/>\n<meta property=\"og:type\" content=\"article\" \/>\n<meta property=\"og:title\" content=\"Vlakom do m\u00faze\u00ed a gal\u00e9ri\u00ed - Pova\u017esk\u00e9 m\u00fazeum\" \/>\n<meta property=\"og:description\" content=\"\u017dilinsk\u00fd samospr\u00e1vny kraj sa prostredn\u00edctvom m\u00faze\u00ed a\u00a0gal\u00e9ri\u00ed v\u00a0zria\u010fovate\u013eskej p\u00f4sobnosti v\u00a0roku 2014 zap\u00e1ja do\u00a0projektu VLAKOM DO M\u00daZE\u00cd A GAL\u00c9RI\u00cd, ktor\u00fd \u00faspe\u0161ne realizuje Ministerstvo kult\u00fary Slovenskej republiky v\u00a0spolupr\u00e1ci so\u00a0\u017delezni\u010dnou spolo\u010dnos\u0165ou Slovensko, a. s. od\u00a0roku 2006. Projekt je ur\u010den\u00fd \u017eiakom z\u00e1kladn\u00fdch \u0161k\u00f4l a\u00a0\u017eiakom 1. \u2013 4. ro\u010dn\u00edka osemro\u010dn\u00fdch gymn\u00e1zi\u00ed, ktor\u00ed takto m\u00f4\u017eu vyu\u017ei\u0165 ponuku nav\u0161t\u00edvi\u0165 m\u00faze\u00e1 a\u00a0gal\u00e9rie na\u00a0Slovensku. [&hellip;]\" \/>\n<meta property=\"og:url\" content=\"https:\/\/pmza.sk\/?p=9198\" \/>\n<meta property=\"og:site_name\" content=\"Pova\u017esk\u00e9 m\u00fazeum\" \/>\n<meta property=\"article:publisher\" content=\"https:\/\/www.facebook.com\/povazskemuzeum\" \/>\n<meta property=\"article:published_time\" content=\"2014-03-03T09:42:49+00:00\" \/>\n<meta name=\"author\" content=\"Pova\u017esk\u00e9 m\u00fazeum\" \/>\n<meta name=\"twitter:card\" content=\"summary_large_image\" \/>\n<meta name=\"twitter:label1\" content=\"Autor\" \/>\n\t<meta name=\"twitter:data1\" content=\"Pova\u017esk\u00e9 m\u00fazeum\" \/>\n\t<meta name=\"twitter:label2\" content=\"Predpokladan\u00fd \u010das \u010d\u00edtania\" \/>\n\t<meta name=\"twitter:data2\" content=\"4 min\u00faty\" \/>\n<script type=\"application\/ld+json\" class=\"yoast-schema-graph\">{\"@context\":\"https:\\\/\\\/schema.org\",\"@graph\":[{\"@type\":\"Article\",\"@id\":\"https:\\\/\\\/pmza.sk\\\/?p=9198#article\",\"isPartOf\":{\"@id\":\"https:\\\/\\\/pmza.sk\\\/?p=9198\"},\"author\":{\"name\":\"Pova\u017esk\u00e9 m\u00fazeum\",\"@id\":\"https:\\\/\\\/pmza.sk\\\/#\\\/schema\\\/person\\\/595e6a2ce731ea94dcd5d7f50a41ae33\"},\"headline\":\"Vlakom do m\u00faze\u00ed a gal\u00e9ri\u00ed\",\"datePublished\":\"2014-03-03T09:42:49+00:00\",\"mainEntityOfPage\":{\"@id\":\"https:\\\/\\\/pmza.sk\\\/?p=9198\"},\"wordCount\":734,\"publisher\":{\"@id\":\"https:\\\/\\\/pmza.sk\\\/#organization\"},\"articleSection\":[\"Arch\u00edv 2014\"],\"inLanguage\":\"sk-SK\"},{\"@type\":\"WebPage\",\"@id\":\"https:\\\/\\\/pmza.sk\\\/?p=9198\",\"url\":\"https:\\\/\\\/pmza.sk\\\/?p=9198\",\"name\":\"Vlakom do m\u00faze\u00ed a gal\u00e9ri\u00ed - Pova\u017esk\u00e9 m\u00fazeum\",\"isPartOf\":{\"@id\":\"https:\\\/\\\/pmza.sk\\\/#website\"},\"datePublished\":\"2014-03-03T09:42:49+00:00\",\"breadcrumb\":{\"@id\":\"https:\\\/\\\/pmza.sk\\\/?p=9198#breadcrumb\"},\"inLanguage\":\"sk-SK\",\"potentialAction\":[{\"@type\":\"ReadAction\",\"target\":[\"https:\\\/\\\/pmza.sk\\\/?p=9198\"]}]},{\"@type\":\"BreadcrumbList\",\"@id\":\"https:\\\/\\\/pmza.sk\\\/?p=9198#breadcrumb\",\"itemListElement\":[{\"@type\":\"ListItem\",\"position\":1,\"name\":\"Domovsk\u00e1 str\u00e1nka\",\"item\":\"https:\\\/\\\/pmza.sk\\\/\"},{\"@type\":\"ListItem\",\"position\":2,\"name\":\"Vlakom do m\u00faze\u00ed a gal\u00e9ri\u00ed\"}]},{\"@type\":\"WebSite\",\"@id\":\"https:\\\/\\\/pmza.sk\\\/#website\",\"url\":\"https:\\\/\\\/pmza.sk\\\/\",\"name\":\"Pova\u017esk\u00e9 m\u00fazeum\",\"description\":\"Pova\u017esk\u00e9 m\u00fazeum v \u017diline je region\u00e1lne m\u00fazeum so s\u00eddlom v Budat\u00edne. Jeho expoz\u00edcie s\u00fa zameran\u00e9 na dejiny slovensk\u00e9ho umenia, kult\u00fary a dopravy.\",\"publisher\":{\"@id\":\"https:\\\/\\\/pmza.sk\\\/#organization\"},\"potentialAction\":[{\"@type\":\"SearchAction\",\"target\":{\"@type\":\"EntryPoint\",\"urlTemplate\":\"https:\\\/\\\/pmza.sk\\\/?s={search_term_string}\"},\"query-input\":{\"@type\":\"PropertyValueSpecification\",\"valueRequired\":true,\"valueName\":\"search_term_string\"}}],\"inLanguage\":\"sk-SK\"},{\"@type\":\"Organization\",\"@id\":\"https:\\\/\\\/pmza.sk\\\/#organization\",\"name\":\"Pova\u017esk\u00e9 m\u00fazeum\",\"url\":\"https:\\\/\\\/pmza.sk\\\/\",\"logo\":{\"@type\":\"ImageObject\",\"inLanguage\":\"sk-SK\",\"@id\":\"https:\\\/\\\/pmza.sk\\\/#\\\/schema\\\/logo\\\/image\\\/\",\"url\":\"https:\\\/\\\/pmza.sk\\\/wp-content\\\/uploads\\\/2022\\\/01\\\/logo_PM_horizontal.jpg\",\"contentUrl\":\"https:\\\/\\\/pmza.sk\\\/wp-content\\\/uploads\\\/2022\\\/01\\\/logo_PM_horizontal.jpg\",\"width\":231,\"height\":142,\"caption\":\"Pova\u017esk\u00e9 m\u00fazeum\"},\"image\":{\"@id\":\"https:\\\/\\\/pmza.sk\\\/#\\\/schema\\\/logo\\\/image\\\/\"},\"sameAs\":[\"https:\\\/\\\/www.facebook.com\\\/povazskemuzeum\",\"https:\\\/\\\/www.instagram.com\\\/povazskemuzeum\\\/\"]},{\"@type\":\"Person\",\"@id\":\"https:\\\/\\\/pmza.sk\\\/#\\\/schema\\\/person\\\/595e6a2ce731ea94dcd5d7f50a41ae33\",\"name\":\"Pova\u017esk\u00e9 m\u00fazeum\",\"image\":{\"@type\":\"ImageObject\",\"inLanguage\":\"sk-SK\",\"@id\":\"https:\\\/\\\/secure.gravatar.com\\\/avatar\\\/2bb7f1561282132fb5826dfeccc66c7996d11ee392ac6aaf7ced8a1c2027fbb2?s=96&d=mm&r=g\",\"url\":\"https:\\\/\\\/secure.gravatar.com\\\/avatar\\\/2bb7f1561282132fb5826dfeccc66c7996d11ee392ac6aaf7ced8a1c2027fbb2?s=96&d=mm&r=g\",\"contentUrl\":\"https:\\\/\\\/secure.gravatar.com\\\/avatar\\\/2bb7f1561282132fb5826dfeccc66c7996d11ee392ac6aaf7ced8a1c2027fbb2?s=96&d=mm&r=g\",\"caption\":\"Pova\u017esk\u00e9 m\u00fazeum\"}}]}<\/script>\n<!-- \/ Yoast SEO plugin. -->","yoast_head_json":{"title":"Vlakom do m\u00faze\u00ed a gal\u00e9ri\u00ed - Pova\u017esk\u00e9 m\u00fazeum","robots":{"index":"index","follow":"follow","max-snippet":"max-snippet:-1","max-image-preview":"max-image-preview:large","max-video-preview":"max-video-preview:-1"},"canonical":"https:\/\/pmza.sk\/?p=9198","og_locale":"sk_SK","og_type":"article","og_title":"Vlakom do m\u00faze\u00ed a gal\u00e9ri\u00ed - Pova\u017esk\u00e9 m\u00fazeum","og_description":"\u017dilinsk\u00fd samospr\u00e1vny kraj sa prostredn\u00edctvom m\u00faze\u00ed a\u00a0gal\u00e9ri\u00ed v\u00a0zria\u010fovate\u013eskej p\u00f4sobnosti v\u00a0roku 2014 zap\u00e1ja do\u00a0projektu VLAKOM DO M\u00daZE\u00cd A GAL\u00c9RI\u00cd, ktor\u00fd \u00faspe\u0161ne realizuje Ministerstvo kult\u00fary Slovenskej republiky v\u00a0spolupr\u00e1ci so\u00a0\u017delezni\u010dnou spolo\u010dnos\u0165ou Slovensko, a. s. od\u00a0roku 2006. Projekt je ur\u010den\u00fd \u017eiakom z\u00e1kladn\u00fdch \u0161k\u00f4l a\u00a0\u017eiakom 1. \u2013 4. ro\u010dn\u00edka osemro\u010dn\u00fdch gymn\u00e1zi\u00ed, ktor\u00ed takto m\u00f4\u017eu vyu\u017ei\u0165 ponuku nav\u0161t\u00edvi\u0165 m\u00faze\u00e1 a\u00a0gal\u00e9rie na\u00a0Slovensku. [&hellip;]","og_url":"https:\/\/pmza.sk\/?p=9198","og_site_name":"Pova\u017esk\u00e9 m\u00fazeum","article_publisher":"https:\/\/www.facebook.com\/povazskemuzeum","article_published_time":"2014-03-03T09:42:49+00:00","author":"Pova\u017esk\u00e9 m\u00fazeum","twitter_card":"summary_large_image","twitter_misc":{"Autor":"Pova\u017esk\u00e9 m\u00fazeum","Predpokladan\u00fd \u010das \u010d\u00edtania":"4 min\u00faty"},"schema":{"@context":"https:\/\/schema.org","@graph":[{"@type":"Article","@id":"https:\/\/pmza.sk\/?p=9198#article","isPartOf":{"@id":"https:\/\/pmza.sk\/?p=9198"},"author":{"name":"Pova\u017esk\u00e9 m\u00fazeum","@id":"https:\/\/pmza.sk\/#\/schema\/person\/595e6a2ce731ea94dcd5d7f50a41ae33"},"headline":"Vlakom do m\u00faze\u00ed a gal\u00e9ri\u00ed","datePublished":"2014-03-03T09:42:49+00:00","mainEntityOfPage":{"@id":"https:\/\/pmza.sk\/?p=9198"},"wordCount":734,"publisher":{"@id":"https:\/\/pmza.sk\/#organization"},"articleSection":["Arch\u00edv 2014"],"inLanguage":"sk-SK"},{"@type":"WebPage","@id":"https:\/\/pmza.sk\/?p=9198","url":"https:\/\/pmza.sk\/?p=9198","name":"Vlakom do m\u00faze\u00ed a gal\u00e9ri\u00ed - Pova\u017esk\u00e9 m\u00fazeum","isPartOf":{"@id":"https:\/\/pmza.sk\/#website"},"datePublished":"2014-03-03T09:42:49+00:00","breadcrumb":{"@id":"https:\/\/pmza.sk\/?p=9198#breadcrumb"},"inLanguage":"sk-SK","potentialAction":[{"@type":"ReadAction","target":["https:\/\/pmza.sk\/?p=9198"]}]},{"@type":"BreadcrumbList","@id":"https:\/\/pmza.sk\/?p=9198#breadcrumb","itemListElement":[{"@type":"ListItem","position":1,"name":"Domovsk\u00e1 str\u00e1nka","item":"https:\/\/pmza.sk\/"},{"@type":"ListItem","position":2,"name":"Vlakom do m\u00faze\u00ed a gal\u00e9ri\u00ed"}]},{"@type":"WebSite","@id":"https:\/\/pmza.sk\/#website","url":"https:\/\/pmza.sk\/","name":"Pova\u017esk\u00e9 m\u00fazeum","description":"Pova\u017esk\u00e9 m\u00fazeum v \u017diline je region\u00e1lne m\u00fazeum so s\u00eddlom v Budat\u00edne. Jeho expoz\u00edcie s\u00fa zameran\u00e9 na dejiny slovensk\u00e9ho umenia, kult\u00fary a dopravy.","publisher":{"@id":"https:\/\/pmza.sk\/#organization"},"potentialAction":[{"@type":"SearchAction","target":{"@type":"EntryPoint","urlTemplate":"https:\/\/pmza.sk\/?s={search_term_string}"},"query-input":{"@type":"PropertyValueSpecification","valueRequired":true,"valueName":"search_term_string"}}],"inLanguage":"sk-SK"},{"@type":"Organization","@id":"https:\/\/pmza.sk\/#organization","name":"Pova\u017esk\u00e9 m\u00fazeum","url":"https:\/\/pmza.sk\/","logo":{"@type":"ImageObject","inLanguage":"sk-SK","@id":"https:\/\/pmza.sk\/#\/schema\/logo\/image\/","url":"https:\/\/pmza.sk\/wp-content\/uploads\/2022\/01\/logo_PM_horizontal.jpg","contentUrl":"https:\/\/pmza.sk\/wp-content\/uploads\/2022\/01\/logo_PM_horizontal.jpg","width":231,"height":142,"caption":"Pova\u017esk\u00e9 m\u00fazeum"},"image":{"@id":"https:\/\/pmza.sk\/#\/schema\/logo\/image\/"},"sameAs":["https:\/\/www.facebook.com\/povazskemuzeum","https:\/\/www.instagram.com\/povazskemuzeum\/"]},{"@type":"Person","@id":"https:\/\/pmza.sk\/#\/schema\/person\/595e6a2ce731ea94dcd5d7f50a41ae33","name":"Pova\u017esk\u00e9 m\u00fazeum","image":{"@type":"ImageObject","inLanguage":"sk-SK","@id":"https:\/\/secure.gravatar.com\/avatar\/2bb7f1561282132fb5826dfeccc66c7996d11ee392ac6aaf7ced8a1c2027fbb2?s=96&d=mm&r=g","url":"https:\/\/secure.gravatar.com\/avatar\/2bb7f1561282132fb5826dfeccc66c7996d11ee392ac6aaf7ced8a1c2027fbb2?s=96&d=mm&r=g","contentUrl":"https:\/\/secure.gravatar.com\/avatar\/2bb7f1561282132fb5826dfeccc66c7996d11ee392ac6aaf7ced8a1c2027fbb2?s=96&d=mm&r=g","caption":"Pova\u017esk\u00e9 m\u00fazeum"}}]}},"_links":{"self":[{"href":"https:\/\/pmza.sk\/index.php?rest_route=\/wp\/v2\/posts\/9198","targetHints":{"allow":["GET"]}}],"collection":[{"href":"https:\/\/pmza.sk\/index.php?rest_route=\/wp\/v2\/posts"}],"about":[{"href":"https:\/\/pmza.sk\/index.php?rest_route=\/wp\/v2\/types\/post"}],"author":[{"embeddable":true,"href":"https:\/\/pmza.sk\/index.php?rest_route=\/wp\/v2\/users\/2"}],"replies":[{"embeddable":true,"href":"https:\/\/pmza.sk\/index.php?rest_route=%2Fwp%2Fv2%2Fcomments&post=9198"}],"version-history":[{"count":0,"href":"https:\/\/pmza.sk\/index.php?rest_route=\/wp\/v2\/posts\/9198\/revisions"}],"wp:attachment":[{"href":"https:\/\/pmza.sk\/index.php?rest_route=%2Fwp%2Fv2%2Fmedia&parent=9198"}],"wp:term":[{"taxonomy":"category","embeddable":true,"href":"https:\/\/pmza.sk\/index.php?rest_route=%2Fwp%2Fv2%2Fcategories&post=9198"},{"taxonomy":"post_tag","embeddable":true,"href":"https:\/\/pmza.sk\/index.php?rest_route=%2Fwp%2Fv2%2Ftags&post=9198"}],"curies":[{"name":"wp","href":"https:\/\/api.w.org\/{rel}","templated":true}]}}