{"id":920,"date":"2010-06-21T15:07:14","date_gmt":"2010-06-21T13:07:14","guid":{"rendered":"https:\/\/pmza.sk.sk\/?p=920"},"modified":"2010-06-21T15:07:14","modified_gmt":"2010-06-21T13:07:14","slug":"umenie-na-hrade-s-modrymi-a-cervenymi-emociami","status":"publish","type":"post","link":"https:\/\/pmza.sk\/?p=920","title":{"rendered":"Umenie na hrade s modr\u00fdmi a \u010derven\u00fdmi em\u00f3ciami"},"content":{"rendered":"<p style=\"text-align: justify;\"><a href=\"https:\/\/pmza.sk\/wp-content\/uploads\/2010\/06\/pozvanka-Modre-a-cervene-emocie.jpg\"><img fetchpriority=\"high\" decoding=\"async\" class=\"alignleft size-medium wp-image-921\" style=\"margin: 4px 10px; border: black 2px solid;\" title=\"_pozvanka Modre a cervene emocie\" src=\"https:\/\/pmza.sk.sk\/wp-content\/uploads\/2010\/06\/pozvanka-Modre-a-cervene-emocie-300x217.jpg\" alt=\"\" width=\"300\" height=\"217\" \/><\/a>Cyklus v\u00fdstav Umenie na hrade Stre\u010dno za\u010d\u00edna svoj siedmy ro\u010dn\u00edk v\u00fdstavou mlad\u00e9ho v\u00fdtvarn\u00edka a\u00a0posluch\u00e1\u010da V\u0160VU v\u00a0Bratislave Mareka Hole\u0161u. V\u00fdstava pod n\u00e1zvom <strong>Modr\u00e9 a\u00a0\u010derven\u00e9 em\u00f3cie<\/strong> je rozdelen\u00e1 do troch cyklov, v\u00a0ktor\u00fdch autor analyzuje modr\u00fd a\u00a0\u010derven\u00fd kolorit najm\u00e4 ako svet kontrastov. \u201e<em>Ve\u013ekos\u0165 farebnej plochy v\u00a0prezentovan\u00fdch olejoma\u013eb\u00e1ch vn\u00edma autor ako pr\u00edtomnos\u0165 a\u00a0intenzitu em\u00f3ci\u00ed zobrazovanej postavy. Modr\u00e1 a\u00a0\u010derven\u00e1 predstavuj\u00fa z\u00e1rove\u0148 protiklady \u2013 racio a\u00a0v\u00e1\u0161e\u0148, subjekt\u00edvne a\u00a0objekt\u00edvne, taktie\u017e mu\u017ea a\u00a0\u017eenu,<\/em>\u201c uviedla kur\u00e1torka v\u00fdstavy a\u00a0pedagogi\u010dka V\u0160VU v\u00a0Bratislave Klaudia Kosziba.<!--more--><\/p>\n<p style=\"text-align: justify;\">Stre\u010dniansky hrad\u00a0 d\u00e1va u\u017e siedmy rok priestor na prezent\u00e1ciu s\u00fa\u010dasn\u00e9ho v\u00fdtvarn\u00e9ho umenia regi\u00f3nu. Atrakt\u00edvne a\u00a0z\u00e1rove\u0148 n\u00e1ro\u010dn\u00e9 prostredie hradu hostilo nieko\u013eko v\u00fdznamn\u00fdch v\u00fdtvarn\u00fdch mien. Pr\u00edle\u017eitos\u0165 predstavi\u0165 svoju tvorbu dostali aj za\u010d\u00ednaj\u00faci umelci, medzi ktor\u00fdch patr\u00ed aj Marek Hole\u0161a. Absolvoval \u0160kolu \u00fa\u017eitkov\u00e9ho v\u00fdtvarn\u00edctva v\u00a0Ru\u017eomberku &#8211; odbor textiln\u00e9 v\u00fdtvarn\u00edctvo, nesk\u00f4r \u0161tudoval na Akad\u00e9mii umenia 2008 v\u00a0Banskej Bystrici, kde sa v\u00fdlu\u010dne venoval technik\u00e1m ma\u013eby. Z\u00fa\u010dastnil sa a\u00a0bol ocenen\u00fd na mnoh\u00fdch s\u00fa\u0165a\u017eiach venovan\u00fdch neprofesion\u00e1lnej v\u00fdtvarnej tvorbe. V\u00a0s\u00fa\u010dasnosti je posluch\u00e1\u010d V\u0160VU v\u00a0Bratislave. Inklinuje najm\u00e4 k\u00a0figur\u00e1lnym n\u00e1metom, venuje sa \u0161t\u00fadiu anat\u00f3mie \u010dloveka a\u00a0zobrazeniu jeho telesnosti v\u00a0polohe s\u00fa\u010dasnej ma\u013eby. In\u0161piruj\u00fa ho hlavne umelci druhej polovice 20. storo\u010dia p\u00f4sobiaci v\u00a0USA (Jackson Pollock, Mark Rothko) a\u00a0v\u00a0Brit\u00e1nii (David Hockney, Lucien Freud). \u201e<em>Hrad Stre\u010dno pozn\u00e1m ve\u013emi d\u00f4verne. Jeho priestory s\u00fa ve\u013emi \u0161pecifick\u00e9 a\u00a0d\u00fdchaj\u00fa zvl\u00e1\u0161tnou atmosf\u00e9rou. To, \u017ee tu m\u00f4\u017eem prezentova\u0165 svoju tvorbu je pre m\u0148a ve\u013ek\u00e1 v\u00fdzva a\u00a0z\u00e1rove\u0148 zodpovednos\u0165 vo vz\u0165ahu k\u00a0n\u00e1v\u0161tevn\u00edkom hradu,\u201c <\/em>dodal Marek Hole\u0161a.<\/p>\n<p style=\"text-align: justify;\">Vernis\u00e1\u017e v\u00fdstavy Modr\u00e9 a\u00a0\u010derven\u00e9 em\u00f3cie sa uskuto\u010dn\u00ed v\u00a0piatok 25. j\u00fana 2010 o\u00a018,00h v\u00a0Severnom pal\u00e1ci hradu Stre\u010dno. V\u00fdstava bude spr\u00edstupnen\u00e1 verejnosti do 28. augusta 2010. Organiz\u00e1torom v\u00fdstavy je \u017dilinsk\u00fd samospr\u00e1vny kraj a\u00a0Pova\u017esk\u00e9 m\u00fazeum v\u00a0\u017diline.<\/p>\n","protected":false},"excerpt":{"rendered":"<p>Cyklus v\u00fdstav Umenie na hrade Stre\u010dno za\u010d\u00edna svoj siedmy ro\u010dn\u00edk v\u00fdstavou mlad\u00e9ho v\u00fdtvarn\u00edka a\u00a0posluch\u00e1\u010da V\u0160VU v\u00a0Bratislave Mareka Hole\u0161u. V\u00fdstava pod n\u00e1zvom Modr\u00e9 a\u00a0\u010derven\u00e9 em\u00f3cie je rozdelen\u00e1 do troch cyklov, v\u00a0ktor\u00fdch autor analyzuje modr\u00fd a\u00a0\u010derven\u00fd kolorit najm\u00e4 ako svet kontrastov. \u201eVe\u013ekos\u0165 farebnej plochy v\u00a0prezentovan\u00fdch olejoma\u013eb\u00e1ch vn\u00edma autor ako pr\u00edtomnos\u0165 a\u00a0intenzitu em\u00f3ci\u00ed zobrazovanej postavy. Modr\u00e1 a\u00a0\u010derven\u00e1 predstavuj\u00fa [&hellip;]<\/p>\n","protected":false},"author":2,"featured_media":0,"comment_status":"closed","ping_status":"closed","sticky":false,"template":"","format":"standard","meta":{"site-sidebar-layout":"default","site-content-layout":"","ast-site-content-layout":"","site-content-style":"default","site-sidebar-style":"default","ast-global-header-display":"","ast-banner-title-visibility":"","ast-main-header-display":"","ast-hfb-above-header-display":"","ast-hfb-below-header-display":"","ast-hfb-mobile-header-display":"","site-post-title":"","ast-breadcrumbs-content":"","ast-featured-img":"","footer-sml-layout":"","theme-transparent-header-meta":"","adv-header-id-meta":"","stick-header-meta":"","header-above-stick-meta":"","header-main-stick-meta":"","header-below-stick-meta":"","astra-migrate-meta-layouts":"default","ast-page-background-enabled":"default","ast-page-background-meta":{"desktop":{"background-color":"var(--ast-global-color-4)","background-image":"","background-repeat":"repeat","background-position":"center center","background-size":"auto","background-attachment":"scroll","background-type":"","background-media":"","overlay-type":"","overlay-color":"","overlay-opacity":"","overlay-gradient":""},"tablet":{"background-color":"","background-image":"","background-repeat":"repeat","background-position":"center center","background-size":"auto","background-attachment":"scroll","background-type":"","background-media":"","overlay-type":"","overlay-color":"","overlay-opacity":"","overlay-gradient":""},"mobile":{"background-color":"","background-image":"","background-repeat":"repeat","background-position":"center center","background-size":"auto","background-attachment":"scroll","background-type":"","background-media":"","overlay-type":"","overlay-color":"","overlay-opacity":"","overlay-gradient":""}},"ast-content-background-meta":{"desktop":{"background-color":"var(--ast-global-color-5)","background-image":"","background-repeat":"repeat","background-position":"center center","background-size":"auto","background-attachment":"scroll","background-type":"","background-media":"","overlay-type":"","overlay-color":"","overlay-opacity":"","overlay-gradient":""},"tablet":{"background-color":"var(--ast-global-color-5)","background-image":"","background-repeat":"repeat","background-position":"center center","background-size":"auto","background-attachment":"scroll","background-type":"","background-media":"","overlay-type":"","overlay-color":"","overlay-opacity":"","overlay-gradient":""},"mobile":{"background-color":"var(--ast-global-color-5)","background-image":"","background-repeat":"repeat","background-position":"center center","background-size":"auto","background-attachment":"scroll","background-type":"","background-media":"","overlay-type":"","overlay-color":"","overlay-opacity":"","overlay-gradient":""}},"footnotes":""},"categories":[29],"tags":[],"class_list":["post-920","post","type-post","status-publish","format-standard","hentry","category-archiv-2010"],"yoast_head":"<!-- This site is optimized with the Yoast SEO plugin v27.4 - https:\/\/yoast.com\/product\/yoast-seo-wordpress\/ -->\n<title>Umenie na hrade s modr\u00fdmi a \u010derven\u00fdmi em\u00f3ciami - Pova\u017esk\u00e9 m\u00fazeum<\/title>\n<meta name=\"robots\" content=\"index, follow, max-snippet:-1, max-image-preview:large, max-video-preview:-1\" \/>\n<link rel=\"canonical\" href=\"https:\/\/pmza.sk\/?p=920\" \/>\n<meta property=\"og:locale\" content=\"sk_SK\" \/>\n<meta property=\"og:type\" content=\"article\" \/>\n<meta property=\"og:title\" content=\"Umenie na hrade s modr\u00fdmi a \u010derven\u00fdmi em\u00f3ciami - Pova\u017esk\u00e9 m\u00fazeum\" \/>\n<meta property=\"og:description\" content=\"Cyklus v\u00fdstav Umenie na hrade Stre\u010dno za\u010d\u00edna svoj siedmy ro\u010dn\u00edk v\u00fdstavou mlad\u00e9ho v\u00fdtvarn\u00edka a\u00a0posluch\u00e1\u010da V\u0160VU v\u00a0Bratislave Mareka Hole\u0161u. V\u00fdstava pod n\u00e1zvom Modr\u00e9 a\u00a0\u010derven\u00e9 em\u00f3cie je rozdelen\u00e1 do troch cyklov, v\u00a0ktor\u00fdch autor analyzuje modr\u00fd a\u00a0\u010derven\u00fd kolorit najm\u00e4 ako svet kontrastov. \u201eVe\u013ekos\u0165 farebnej plochy v\u00a0prezentovan\u00fdch olejoma\u013eb\u00e1ch vn\u00edma autor ako pr\u00edtomnos\u0165 a\u00a0intenzitu em\u00f3ci\u00ed zobrazovanej postavy. Modr\u00e1 a\u00a0\u010derven\u00e1 predstavuj\u00fa [&hellip;]\" \/>\n<meta property=\"og:url\" content=\"https:\/\/pmza.sk\/?p=920\" \/>\n<meta property=\"og:site_name\" content=\"Pova\u017esk\u00e9 m\u00fazeum\" \/>\n<meta property=\"article:publisher\" content=\"https:\/\/www.facebook.com\/povazskemuzeum\" \/>\n<meta property=\"article:published_time\" content=\"2010-06-21T13:07:14+00:00\" \/>\n<meta property=\"og:image\" content=\"https:\/\/pmza.sk.sk\/wp-content\/uploads\/2010\/06\/pozvanka-Modre-a-cervene-emocie-300x217.jpg\" \/>\n<meta name=\"author\" content=\"Pova\u017esk\u00e9 m\u00fazeum\" \/>\n<meta name=\"twitter:card\" content=\"summary_large_image\" \/>\n<meta name=\"twitter:label1\" content=\"Autor\" \/>\n\t<meta name=\"twitter:data1\" content=\"Pova\u017esk\u00e9 m\u00fazeum\" \/>\n\t<meta name=\"twitter:label2\" content=\"Predpokladan\u00fd \u010das \u010d\u00edtania\" \/>\n\t<meta name=\"twitter:data2\" content=\"2 min\u00faty\" \/>\n<script type=\"application\/ld+json\" class=\"yoast-schema-graph\">{\"@context\":\"https:\\\/\\\/schema.org\",\"@graph\":[{\"@type\":\"Article\",\"@id\":\"https:\\\/\\\/pmza.sk\\\/?p=920#article\",\"isPartOf\":{\"@id\":\"https:\\\/\\\/pmza.sk\\\/?p=920\"},\"author\":{\"name\":\"Pova\u017esk\u00e9 m\u00fazeum\",\"@id\":\"https:\\\/\\\/pmza.sk\\\/#\\\/schema\\\/person\\\/595e6a2ce731ea94dcd5d7f50a41ae33\"},\"headline\":\"Umenie na hrade s modr\u00fdmi a \u010derven\u00fdmi em\u00f3ciami\",\"datePublished\":\"2010-06-21T13:07:14+00:00\",\"mainEntityOfPage\":{\"@id\":\"https:\\\/\\\/pmza.sk\\\/?p=920\"},\"wordCount\":405,\"publisher\":{\"@id\":\"https:\\\/\\\/pmza.sk\\\/#organization\"},\"image\":{\"@id\":\"https:\\\/\\\/pmza.sk\\\/?p=920#primaryimage\"},\"thumbnailUrl\":\"http:\\\/\\\/pmza.sk.sk\\\/wp-content\\\/uploads\\\/2010\\\/06\\\/pozvanka-Modre-a-cervene-emocie-300x217.jpg\",\"articleSection\":[\"Arch\u00edv 2010\"],\"inLanguage\":\"sk-SK\"},{\"@type\":\"WebPage\",\"@id\":\"https:\\\/\\\/pmza.sk\\\/?p=920\",\"url\":\"https:\\\/\\\/pmza.sk\\\/?p=920\",\"name\":\"Umenie na hrade s modr\u00fdmi a \u010derven\u00fdmi em\u00f3ciami - Pova\u017esk\u00e9 m\u00fazeum\",\"isPartOf\":{\"@id\":\"https:\\\/\\\/pmza.sk\\\/#website\"},\"primaryImageOfPage\":{\"@id\":\"https:\\\/\\\/pmza.sk\\\/?p=920#primaryimage\"},\"image\":{\"@id\":\"https:\\\/\\\/pmza.sk\\\/?p=920#primaryimage\"},\"thumbnailUrl\":\"http:\\\/\\\/pmza.sk.sk\\\/wp-content\\\/uploads\\\/2010\\\/06\\\/pozvanka-Modre-a-cervene-emocie-300x217.jpg\",\"datePublished\":\"2010-06-21T13:07:14+00:00\",\"breadcrumb\":{\"@id\":\"https:\\\/\\\/pmza.sk\\\/?p=920#breadcrumb\"},\"inLanguage\":\"sk-SK\",\"potentialAction\":[{\"@type\":\"ReadAction\",\"target\":[\"https:\\\/\\\/pmza.sk\\\/?p=920\"]}]},{\"@type\":\"ImageObject\",\"inLanguage\":\"sk-SK\",\"@id\":\"https:\\\/\\\/pmza.sk\\\/?p=920#primaryimage\",\"url\":\"http:\\\/\\\/pmza.sk.sk\\\/wp-content\\\/uploads\\\/2010\\\/06\\\/pozvanka-Modre-a-cervene-emocie-300x217.jpg\",\"contentUrl\":\"http:\\\/\\\/pmza.sk.sk\\\/wp-content\\\/uploads\\\/2010\\\/06\\\/pozvanka-Modre-a-cervene-emocie-300x217.jpg\"},{\"@type\":\"BreadcrumbList\",\"@id\":\"https:\\\/\\\/pmza.sk\\\/?p=920#breadcrumb\",\"itemListElement\":[{\"@type\":\"ListItem\",\"position\":1,\"name\":\"Domovsk\u00e1 str\u00e1nka\",\"item\":\"https:\\\/\\\/pmza.sk\\\/\"},{\"@type\":\"ListItem\",\"position\":2,\"name\":\"Umenie na hrade s modr\u00fdmi a \u010derven\u00fdmi em\u00f3ciami\"}]},{\"@type\":\"WebSite\",\"@id\":\"https:\\\/\\\/pmza.sk\\\/#website\",\"url\":\"https:\\\/\\\/pmza.sk\\\/\",\"name\":\"Pova\u017esk\u00e9 m\u00fazeum\",\"description\":\"Pova\u017esk\u00e9 m\u00fazeum v \u017diline je region\u00e1lne m\u00fazeum so s\u00eddlom v Budat\u00edne. Jeho expoz\u00edcie s\u00fa zameran\u00e9 na dejiny slovensk\u00e9ho umenia, kult\u00fary a dopravy.\",\"publisher\":{\"@id\":\"https:\\\/\\\/pmza.sk\\\/#organization\"},\"potentialAction\":[{\"@type\":\"SearchAction\",\"target\":{\"@type\":\"EntryPoint\",\"urlTemplate\":\"https:\\\/\\\/pmza.sk\\\/?s={search_term_string}\"},\"query-input\":{\"@type\":\"PropertyValueSpecification\",\"valueRequired\":true,\"valueName\":\"search_term_string\"}}],\"inLanguage\":\"sk-SK\"},{\"@type\":\"Organization\",\"@id\":\"https:\\\/\\\/pmza.sk\\\/#organization\",\"name\":\"Pova\u017esk\u00e9 m\u00fazeum\",\"url\":\"https:\\\/\\\/pmza.sk\\\/\",\"logo\":{\"@type\":\"ImageObject\",\"inLanguage\":\"sk-SK\",\"@id\":\"https:\\\/\\\/pmza.sk\\\/#\\\/schema\\\/logo\\\/image\\\/\",\"url\":\"https:\\\/\\\/pmza.sk\\\/wp-content\\\/uploads\\\/2022\\\/01\\\/logo_PM_horizontal.jpg\",\"contentUrl\":\"https:\\\/\\\/pmza.sk\\\/wp-content\\\/uploads\\\/2022\\\/01\\\/logo_PM_horizontal.jpg\",\"width\":231,\"height\":142,\"caption\":\"Pova\u017esk\u00e9 m\u00fazeum\"},\"image\":{\"@id\":\"https:\\\/\\\/pmza.sk\\\/#\\\/schema\\\/logo\\\/image\\\/\"},\"sameAs\":[\"https:\\\/\\\/www.facebook.com\\\/povazskemuzeum\",\"https:\\\/\\\/www.instagram.com\\\/povazskemuzeum\\\/\"]},{\"@type\":\"Person\",\"@id\":\"https:\\\/\\\/pmza.sk\\\/#\\\/schema\\\/person\\\/595e6a2ce731ea94dcd5d7f50a41ae33\",\"name\":\"Pova\u017esk\u00e9 m\u00fazeum\",\"image\":{\"@type\":\"ImageObject\",\"inLanguage\":\"sk-SK\",\"@id\":\"https:\\\/\\\/secure.gravatar.com\\\/avatar\\\/2bb7f1561282132fb5826dfeccc66c7996d11ee392ac6aaf7ced8a1c2027fbb2?s=96&d=mm&r=g\",\"url\":\"https:\\\/\\\/secure.gravatar.com\\\/avatar\\\/2bb7f1561282132fb5826dfeccc66c7996d11ee392ac6aaf7ced8a1c2027fbb2?s=96&d=mm&r=g\",\"contentUrl\":\"https:\\\/\\\/secure.gravatar.com\\\/avatar\\\/2bb7f1561282132fb5826dfeccc66c7996d11ee392ac6aaf7ced8a1c2027fbb2?s=96&d=mm&r=g\",\"caption\":\"Pova\u017esk\u00e9 m\u00fazeum\"}}]}<\/script>\n<!-- \/ Yoast SEO plugin. -->","yoast_head_json":{"title":"Umenie na hrade s modr\u00fdmi a \u010derven\u00fdmi em\u00f3ciami - Pova\u017esk\u00e9 m\u00fazeum","robots":{"index":"index","follow":"follow","max-snippet":"max-snippet:-1","max-image-preview":"max-image-preview:large","max-video-preview":"max-video-preview:-1"},"canonical":"https:\/\/pmza.sk\/?p=920","og_locale":"sk_SK","og_type":"article","og_title":"Umenie na hrade s modr\u00fdmi a \u010derven\u00fdmi em\u00f3ciami - Pova\u017esk\u00e9 m\u00fazeum","og_description":"Cyklus v\u00fdstav Umenie na hrade Stre\u010dno za\u010d\u00edna svoj siedmy ro\u010dn\u00edk v\u00fdstavou mlad\u00e9ho v\u00fdtvarn\u00edka a\u00a0posluch\u00e1\u010da V\u0160VU v\u00a0Bratislave Mareka Hole\u0161u. V\u00fdstava pod n\u00e1zvom Modr\u00e9 a\u00a0\u010derven\u00e9 em\u00f3cie je rozdelen\u00e1 do troch cyklov, v\u00a0ktor\u00fdch autor analyzuje modr\u00fd a\u00a0\u010derven\u00fd kolorit najm\u00e4 ako svet kontrastov. \u201eVe\u013ekos\u0165 farebnej plochy v\u00a0prezentovan\u00fdch olejoma\u013eb\u00e1ch vn\u00edma autor ako pr\u00edtomnos\u0165 a\u00a0intenzitu em\u00f3ci\u00ed zobrazovanej postavy. Modr\u00e1 a\u00a0\u010derven\u00e1 predstavuj\u00fa [&hellip;]","og_url":"https:\/\/pmza.sk\/?p=920","og_site_name":"Pova\u017esk\u00e9 m\u00fazeum","article_publisher":"https:\/\/www.facebook.com\/povazskemuzeum","article_published_time":"2010-06-21T13:07:14+00:00","og_image":[{"url":"https:\/\/pmza.sk.sk\/wp-content\/uploads\/2010\/06\/pozvanka-Modre-a-cervene-emocie-300x217.jpg","type":"","width":"","height":""}],"author":"Pova\u017esk\u00e9 m\u00fazeum","twitter_card":"summary_large_image","twitter_misc":{"Autor":"Pova\u017esk\u00e9 m\u00fazeum","Predpokladan\u00fd \u010das \u010d\u00edtania":"2 min\u00faty"},"schema":{"@context":"https:\/\/schema.org","@graph":[{"@type":"Article","@id":"https:\/\/pmza.sk\/?p=920#article","isPartOf":{"@id":"https:\/\/pmza.sk\/?p=920"},"author":{"name":"Pova\u017esk\u00e9 m\u00fazeum","@id":"https:\/\/pmza.sk\/#\/schema\/person\/595e6a2ce731ea94dcd5d7f50a41ae33"},"headline":"Umenie na hrade s modr\u00fdmi a \u010derven\u00fdmi em\u00f3ciami","datePublished":"2010-06-21T13:07:14+00:00","mainEntityOfPage":{"@id":"https:\/\/pmza.sk\/?p=920"},"wordCount":405,"publisher":{"@id":"https:\/\/pmza.sk\/#organization"},"image":{"@id":"https:\/\/pmza.sk\/?p=920#primaryimage"},"thumbnailUrl":"https:\/\/pmza.sk.sk\/wp-content\/uploads\/2010\/06\/pozvanka-Modre-a-cervene-emocie-300x217.jpg","articleSection":["Arch\u00edv 2010"],"inLanguage":"sk-SK"},{"@type":"WebPage","@id":"https:\/\/pmza.sk\/?p=920","url":"https:\/\/pmza.sk\/?p=920","name":"Umenie na hrade s modr\u00fdmi a \u010derven\u00fdmi em\u00f3ciami - Pova\u017esk\u00e9 m\u00fazeum","isPartOf":{"@id":"https:\/\/pmza.sk\/#website"},"primaryImageOfPage":{"@id":"https:\/\/pmza.sk\/?p=920#primaryimage"},"image":{"@id":"https:\/\/pmza.sk\/?p=920#primaryimage"},"thumbnailUrl":"https:\/\/pmza.sk.sk\/wp-content\/uploads\/2010\/06\/pozvanka-Modre-a-cervene-emocie-300x217.jpg","datePublished":"2010-06-21T13:07:14+00:00","breadcrumb":{"@id":"https:\/\/pmza.sk\/?p=920#breadcrumb"},"inLanguage":"sk-SK","potentialAction":[{"@type":"ReadAction","target":["https:\/\/pmza.sk\/?p=920"]}]},{"@type":"ImageObject","inLanguage":"sk-SK","@id":"https:\/\/pmza.sk\/?p=920#primaryimage","url":"https:\/\/pmza.sk.sk\/wp-content\/uploads\/2010\/06\/pozvanka-Modre-a-cervene-emocie-300x217.jpg","contentUrl":"https:\/\/pmza.sk.sk\/wp-content\/uploads\/2010\/06\/pozvanka-Modre-a-cervene-emocie-300x217.jpg"},{"@type":"BreadcrumbList","@id":"https:\/\/pmza.sk\/?p=920#breadcrumb","itemListElement":[{"@type":"ListItem","position":1,"name":"Domovsk\u00e1 str\u00e1nka","item":"https:\/\/pmza.sk\/"},{"@type":"ListItem","position":2,"name":"Umenie na hrade s modr\u00fdmi a \u010derven\u00fdmi em\u00f3ciami"}]},{"@type":"WebSite","@id":"https:\/\/pmza.sk\/#website","url":"https:\/\/pmza.sk\/","name":"Pova\u017esk\u00e9 m\u00fazeum","description":"Pova\u017esk\u00e9 m\u00fazeum v \u017diline je region\u00e1lne m\u00fazeum so s\u00eddlom v Budat\u00edne. Jeho expoz\u00edcie s\u00fa zameran\u00e9 na dejiny slovensk\u00e9ho umenia, kult\u00fary a dopravy.","publisher":{"@id":"https:\/\/pmza.sk\/#organization"},"potentialAction":[{"@type":"SearchAction","target":{"@type":"EntryPoint","urlTemplate":"https:\/\/pmza.sk\/?s={search_term_string}"},"query-input":{"@type":"PropertyValueSpecification","valueRequired":true,"valueName":"search_term_string"}}],"inLanguage":"sk-SK"},{"@type":"Organization","@id":"https:\/\/pmza.sk\/#organization","name":"Pova\u017esk\u00e9 m\u00fazeum","url":"https:\/\/pmza.sk\/","logo":{"@type":"ImageObject","inLanguage":"sk-SK","@id":"https:\/\/pmza.sk\/#\/schema\/logo\/image\/","url":"https:\/\/pmza.sk\/wp-content\/uploads\/2022\/01\/logo_PM_horizontal.jpg","contentUrl":"https:\/\/pmza.sk\/wp-content\/uploads\/2022\/01\/logo_PM_horizontal.jpg","width":231,"height":142,"caption":"Pova\u017esk\u00e9 m\u00fazeum"},"image":{"@id":"https:\/\/pmza.sk\/#\/schema\/logo\/image\/"},"sameAs":["https:\/\/www.facebook.com\/povazskemuzeum","https:\/\/www.instagram.com\/povazskemuzeum\/"]},{"@type":"Person","@id":"https:\/\/pmza.sk\/#\/schema\/person\/595e6a2ce731ea94dcd5d7f50a41ae33","name":"Pova\u017esk\u00e9 m\u00fazeum","image":{"@type":"ImageObject","inLanguage":"sk-SK","@id":"https:\/\/secure.gravatar.com\/avatar\/2bb7f1561282132fb5826dfeccc66c7996d11ee392ac6aaf7ced8a1c2027fbb2?s=96&d=mm&r=g","url":"https:\/\/secure.gravatar.com\/avatar\/2bb7f1561282132fb5826dfeccc66c7996d11ee392ac6aaf7ced8a1c2027fbb2?s=96&d=mm&r=g","contentUrl":"https:\/\/secure.gravatar.com\/avatar\/2bb7f1561282132fb5826dfeccc66c7996d11ee392ac6aaf7ced8a1c2027fbb2?s=96&d=mm&r=g","caption":"Pova\u017esk\u00e9 m\u00fazeum"}}]}},"_links":{"self":[{"href":"https:\/\/pmza.sk\/index.php?rest_route=\/wp\/v2\/posts\/920","targetHints":{"allow":["GET"]}}],"collection":[{"href":"https:\/\/pmza.sk\/index.php?rest_route=\/wp\/v2\/posts"}],"about":[{"href":"https:\/\/pmza.sk\/index.php?rest_route=\/wp\/v2\/types\/post"}],"author":[{"embeddable":true,"href":"https:\/\/pmza.sk\/index.php?rest_route=\/wp\/v2\/users\/2"}],"replies":[{"embeddable":true,"href":"https:\/\/pmza.sk\/index.php?rest_route=%2Fwp%2Fv2%2Fcomments&post=920"}],"version-history":[{"count":0,"href":"https:\/\/pmza.sk\/index.php?rest_route=\/wp\/v2\/posts\/920\/revisions"}],"wp:attachment":[{"href":"https:\/\/pmza.sk\/index.php?rest_route=%2Fwp%2Fv2%2Fmedia&parent=920"}],"wp:term":[{"taxonomy":"category","embeddable":true,"href":"https:\/\/pmza.sk\/index.php?rest_route=%2Fwp%2Fv2%2Fcategories&post=920"},{"taxonomy":"post_tag","embeddable":true,"href":"https:\/\/pmza.sk\/index.php?rest_route=%2Fwp%2Fv2%2Ftags&post=920"}],"curies":[{"name":"wp","href":"https:\/\/api.w.org\/{rel}","templated":true}]}}