{"id":9308,"date":"2014-03-17T10:18:01","date_gmt":"2014-03-17T09:18:01","guid":{"rendered":"https:\/\/pmza.sk.sk\/?p=9308"},"modified":"2014-03-17T10:18:01","modified_gmt":"2014-03-17T09:18:01","slug":"sutazime-o-knihu-horneho-povazia","status":"publish","type":"post","link":"https:\/\/pmza.sk\/?p=9308","title":{"rendered":"S\u00fa\u0165a\u017e\u00edme o Knihu Horn\u00e9ho Pova\u017eia"},"content":{"rendered":"<p><a href=\"https:\/\/pmza.sk.sk\/wp-content\/uploads\/2010\/08\/kohut.jpg\"><img fetchpriority=\"high\" decoding=\"async\" class=\"alignleft  wp-image-9032\" alt=\"kohut\" src=\"https:\/\/pmza.sk.sk\/wp-content\/uploads\/2010\/08\/kohut-201x300.jpg\" width=\"190\" height=\"285\" \/><\/a>Pova\u017esk\u00e9 m\u00fazeum v\u00a0\u017diline v\u00a0zria\u010fovate\u013eskej p\u00f4sobnosti \u017dilinsk\u00e9ho samospr\u00e1vneho kraja (\u017dSK) sa tento rok piatimi publik\u00e1ciami prihl\u00e1silo do 8. ro\u010dn\u00edka \u010ditate\u013eskej s\u00fa\u0165a\u017ee o\u00a0Knihu Horn\u00e9ho Pova\u017eia vyhlasovanej Krajskou kni\u017enicou v\u00a0\u017diline. <i>\u201eDo aktu\u00e1lneho ro\u010dn\u00edka s\u00fa\u0165a\u017ee sme nominovali publik\u00e1cie Budat\u00ednsky park, Koh\u00fatik jarab\u00fd, Premeny \u00b413, Remesl\u00e1 a\u00a0Sob\u00e1\u0161ny pal\u00e1c v\u00a0Byt\u010di. Som r\u00e1d, \u017ee na\u0161i odborn\u00ed pracovn\u00edci prin\u00e1\u0161aj\u00fa na kni\u017en\u00fd trh op\u00e4\u0165 zauj\u00edmav\u00e9 a\u00a0informa\u010dne hodnotn\u00e9 publik\u00e1cie,\u201c<\/i> uviedol riadite\u013e Pova\u017esk\u00e9ho m\u00fazea v\u00a0\u017diline Ladislav Cimer\u00e1k.<\/p>\n<p>O\u00a0v\u00ed\u0165aznej knihe rozhodne \u010ditate\u013esk\u00e1 verejnos\u0165 prostredn\u00edctvom hlasovac\u00edch l\u00edstkov. Hlasovanie je mo\u017en\u00e9 realizova\u0165 v\u00a0\u010dase od 1. marca <b>do 14. apr\u00edla 2014<\/b>. Hlasovacie l\u00edstky bud\u00fa uverej\u0148ovan\u00e9 v\u00a0region\u00e1lnom t\u00fd\u017edenn\u00edku, na web str\u00e1nke kni\u017enice <a title=\"blocked::http:\/\/www.krajskakniznicazilina.sk\/\" href=\"http:\/\/www.krajskakniznicazilina.sk\/\" target=\"_blank\" rel=\"noopener\">http:\/\/www.krajskakniznicazilina.sk\/<\/a> <!--more-->alebo si ich z\u00e1ujemcovia m\u00f4\u017eu vyzdvihn\u00fa\u0165 priamo v\u00a0kni\u017enici a\u00a0na jej pobo\u010dk\u00e1ch. Na jednom hlasovacom l\u00edstku m\u00f4\u017ee hlasuj\u00faci udeli\u0165 jeden hlas knihe v\u00a01. kateg\u00f3rii (beletria) a\u00a0jeden hlas knihe v\u00a0druhej kateg\u00f3rii (odborn\u00e1 literat\u00fara). Hlasuj\u00faci m\u00f4\u017ee udeli\u0165 jednej knihe len jeden hlas. Platn\u00fd je len origin\u00e1lny anketov\u00fd l\u00edstok, ktor\u00fd bude k\u00a0dispoz\u00edcii v\u00a0kni\u017enici, na web str\u00e1nke kni\u017enice alebo uverejnen\u00fd v\u00a0region\u00e1lnych periodik\u00e1ch. Hlasovac\u00ed l\u00edstok je potrebn\u00e9 doru\u010di\u0165 do kni\u017enice osobne, po\u0161tou, mailom alebo faxom.<\/p>\n<p>Vyhl\u00e1senie v\u00fdsledkov s\u00fa\u0165a\u017ee bude 23. apr\u00edla 2014.<\/p>\n<p>Viac info na: <a href=\"http:\/\/www.krajskakniznicazilina.sk\/downloads\/khp2014pravidla.pdf\" target=\"_blank\" rel=\"noopener\">pravidl\u00e1 s\u00fa\u0165a\u017ee<\/a><\/p>\n<p><strong>Zoznam publik\u00e1ci\u00ed Pova\u017esk\u00e9ho m\u00fazea v \u017diline:<\/strong><\/p>\n<p><a href=\"https:\/\/pmza.sk\/wp-content\/uploads\/2014\/03\/remesla.jpg\"><img decoding=\"async\" class=\"alignleft size-medium wp-image-9317\" alt=\"remesla\" src=\"https:\/\/pmza.sk.sk\/wp-content\/uploads\/2014\/03\/remesla-300x300.jpg\" width=\"180\" height=\"180\" srcset=\"https:\/\/pmza.sk\/wp-content\/uploads\/2014\/03\/remesla-300x300.jpg 300w, https:\/\/pmza.sk\/wp-content\/uploads\/2014\/03\/remesla-360x360.jpg 360w, https:\/\/pmza.sk\/wp-content\/uploads\/2014\/03\/remesla-736x736.jpg 736w, https:\/\/pmza.sk\/wp-content\/uploads\/2014\/03\/remesla-768x768.jpg 768w, https:\/\/pmza.sk\/wp-content\/uploads\/2014\/03\/remesla-1536x1536.jpg 1536w, https:\/\/pmza.sk\/wp-content\/uploads\/2014\/03\/remesla-2048x2048.jpg 2048w, https:\/\/pmza.sk\/wp-content\/uploads\/2014\/03\/remesla-600x600.jpg 600w, https:\/\/pmza.sk\/wp-content\/uploads\/2014\/03\/remesla-100x100.jpg 100w\" sizes=\"(max-width: 180px) 100vw, 180px\" \/><\/a>Michal Jureck\u00fd, Eva Brez\u00e1niov\u00e1<\/p>\n<p><b>Remesl\u00e1<\/b><\/p>\n<p>(odborn\u00e1 literat\u00fara)<\/p>\n<p>Kniha Remesl\u00e1 je \u010fal\u0161ou z\u00a0radu rodinn\u00fdch publik\u00e1ci\u00ed Pova\u017esk\u00e9ho m\u00fazea v\u00a0\u017diline. V\u00fdber remesiel, ktor\u00fdm sa venuje t\u00e1to kni\u017eka je spojen\u00fd s\u00a0remeslami, ktor\u00e9 m\u00e1me mo\u017enos\u0165 dokumentova\u0165 v\u00a0Pova\u017eskom m\u00fazeu v\u00a0\u017diline, a\u00a0okrem toho ide o\u00a0remesl\u00e1, ktor\u00e9 via\u017eu na seba \u010fal\u0161iu v\u00fdrobu ako napr. uhliarstvo, kov\u00e1\u010dstvo, decht\u00e1rstvo ale aj m\u00e4siarstvo, garbiarstvo, kraj\u010d\u00edrstvo.<\/p>\n<p>&nbsp;<\/p>\n<p><a href=\"https:\/\/pmza.sk\/wp-content\/uploads\/2014\/03\/premeny_2013-scaled-1.jpg\"><img decoding=\"async\" class=\"alignleft size-medium wp-image-9316\" alt=\"premeny_2013\" src=\"https:\/\/pmza.sk.sk\/wp-content\/uploads\/2014\/03\/premeny_2013-242x300.jpg\" width=\"180\" height=\"224\" \/><\/a>Zostavovate\u013eka Katar\u00edna Hallonov\u00e1<\/p>\n<p><b>Premeny dr\u00f4tu \u00b413<\/b><\/p>\n<p>(odborn\u00e1 literat\u00fara)<\/p>\n<p>V\u00fdstava Premeny dr\u00f4tu \u00b413 bola s\u00fa\u010das\u0165ou dlhodob\u00e9ho projektu, ktor\u00fd v\u00a0nadv\u00e4znosti na drot\u00e1rsku trad\u00edciu severoz\u00e1padn\u00e9ho Slovenska odkr\u00fdva v\u00fdtvarn\u00fd potenci\u00e1l dr\u00f4tu. Predstavili sa tu takmer tri stovky pr\u00e1c od sedemdesiatjeden autorov, z\u00a0ktor\u00fdch v\u00e4\u010d\u0161ina vznikla v\u00a0obdob\u00ed posledn\u00fdch troch rokov. V\u00fdstava sa konala v\u00a0atrakt\u00edvnom priestore Sob\u00e1\u0161neho pal\u00e1ca v\u00a0Byt\u010di a\u00a0bola sprievodn\u00fdm podujat\u00edm Festival drot\u00e1rstva 2013.<\/p>\n<p>&nbsp;<\/p>\n<p><a href=\"https:\/\/pmza.sk\/wp-content\/uploads\/2014\/03\/kohutik.jpg\"><img loading=\"lazy\" decoding=\"async\" class=\"alignleft size-medium wp-image-9313\" alt=\"kohutik\" src=\"https:\/\/pmza.sk.sk\/wp-content\/uploads\/2014\/03\/kohutik-300x300.jpg\" width=\"180\" height=\"180\" srcset=\"https:\/\/pmza.sk\/wp-content\/uploads\/2014\/03\/kohutik-300x300.jpg 300w, https:\/\/pmza.sk\/wp-content\/uploads\/2014\/03\/kohutik-360x360.jpg 360w, https:\/\/pmza.sk\/wp-content\/uploads\/2014\/03\/kohutik-736x736.jpg 736w, https:\/\/pmza.sk\/wp-content\/uploads\/2014\/03\/kohutik-768x768.jpg 768w, https:\/\/pmza.sk\/wp-content\/uploads\/2014\/03\/kohutik-1536x1536.jpg 1536w, https:\/\/pmza.sk\/wp-content\/uploads\/2014\/03\/kohutik-2048x2048.jpg 2048w, https:\/\/pmza.sk\/wp-content\/uploads\/2014\/03\/kohutik-600x600.jpg 600w, https:\/\/pmza.sk\/wp-content\/uploads\/2014\/03\/kohutik-100x100.jpg 100w\" sizes=\"(max-width: 180px) 100vw, 180px\" \/><\/a>Katar\u00edna Hallonov\u00e1<\/p>\n<p><b>Koh\u00fatik jarab\u00fd<\/b><\/p>\n<p>(odborn\u00e1 literat\u00fara)<\/p>\n<p>V\u00fdstavn\u00fd katal\u00f3g predstavuje v\u00fdtvarn\u00e9 artefakty p\u00e4\u0165desiatich \u0161tyroch drot\u00e1rskych majstrov vr\u00e1tane \u010dlenov klubu D\u017earek, ktor\u00fd p\u00f4sob\u00ed pri Region\u00e1lnom centre remesiel \u00da\u013dUV v\u00a0Bratislave. Z\u00e1kladom kolekcie s\u00fa v\u00fdsledky tvorivej dielne XX. ro\u010dn\u00edka stretnutia drot\u00e1rskych majstrov. Katal\u00f3g je rozdelen\u00fd do tematick\u00fdch celkov a\u00a0fotografie jednotliv\u00fdch diel dop\u013a\u0148aj\u00fa kr\u00e1tke liter\u00e1rne \u00fatvary venovan\u00e9 t\u00e9me koh\u00fata.<\/p>\n<p>&nbsp;<\/p>\n<p><a href=\"https:\/\/pmza.sk\/wp-content\/uploads\/2014\/03\/palac.jpg\"><img loading=\"lazy\" decoding=\"async\" class=\"alignleft size-medium wp-image-9314\" alt=\"palac\" src=\"https:\/\/pmza.sk.sk\/wp-content\/uploads\/2014\/03\/palac-300x300.jpg\" width=\"180\" height=\"180\" srcset=\"https:\/\/pmza.sk\/wp-content\/uploads\/2014\/03\/palac-300x300.jpg 300w, https:\/\/pmza.sk\/wp-content\/uploads\/2014\/03\/palac-360x360.jpg 360w, https:\/\/pmza.sk\/wp-content\/uploads\/2014\/03\/palac-736x736.jpg 736w, https:\/\/pmza.sk\/wp-content\/uploads\/2014\/03\/palac-768x768.jpg 768w, https:\/\/pmza.sk\/wp-content\/uploads\/2014\/03\/palac-1536x1536.jpg 1536w, https:\/\/pmza.sk\/wp-content\/uploads\/2014\/03\/palac-2048x2048.jpg 2048w, https:\/\/pmza.sk\/wp-content\/uploads\/2014\/03\/palac-600x600.jpg 600w, https:\/\/pmza.sk\/wp-content\/uploads\/2014\/03\/palac-100x100.jpg 100w\" sizes=\"(max-width: 180px) 100vw, 180px\" \/><\/a>Michal Jureck\u00fd<\/p>\n<p><b>Sob\u00e1\u0161ny pal\u00e1c v Byt\u010di<\/b><\/p>\n<p>(odborn\u00e1 literat\u00fara)<\/p>\n<p>Sob\u00e1\u0161ny pal\u00e1c v\u00a0Byt\u010di patr\u00ed medzi najv\u00fdznamnej\u0161ie prof\u00e1nne renesan\u010dn\u00e9 stavby na na\u0161om \u00fazem\u00ed. Jeho v\u00fdnimo\u010dnos\u0165 spo\u010d\u00edva v\u00a0p\u00f4vodnej funkcii \u2013 sl\u00fa\u017eil na svadobn\u00e9 obrady dc\u00e9r jeho stavite\u013ea a\u00a0palat\u00edna Uhorska Juraja Turzu. Publik\u00e1cia prevedie \u010ditate\u013ea dejinami rodu Turzovcov, dejinami pal\u00e1ca a\u00a0oboznamuje s\u00a0jeho architekt\u00farou a\u00a0obnovami ako pamiatkov\u00e9ho objektu. Dop\u013a\u0148a a\u00a0roz\u0161iruje v\u00fdklad pon\u00fakan\u00fd lektormi pri n\u00e1v\u0161teve pal\u00e1ca. Obsahuje mno\u017estvo historick\u00e9ho a\u00a0s\u00fa\u010dasn\u00e9ho obrazov\u00e9ho materi\u00e1lu.<\/p>\n<p>&nbsp;<\/p>\n<p><a href=\"https:\/\/pmza.sk\/wp-content\/uploads\/2014\/03\/park.jpg\"><img loading=\"lazy\" decoding=\"async\" class=\"alignleft size-medium wp-image-9315\" alt=\"park\" src=\"https:\/\/pmza.sk.sk\/wp-content\/uploads\/2014\/03\/park-300x300.jpg\" width=\"180\" height=\"180\" srcset=\"https:\/\/pmza.sk\/wp-content\/uploads\/2014\/03\/park-300x300.jpg 300w, https:\/\/pmza.sk\/wp-content\/uploads\/2014\/03\/park-360x360.jpg 360w, https:\/\/pmza.sk\/wp-content\/uploads\/2014\/03\/park-736x736.jpg 736w, https:\/\/pmza.sk\/wp-content\/uploads\/2014\/03\/park-768x768.jpg 768w, https:\/\/pmza.sk\/wp-content\/uploads\/2014\/03\/park-1536x1536.jpg 1536w, https:\/\/pmza.sk\/wp-content\/uploads\/2014\/03\/park-2048x2048.jpg 2048w, https:\/\/pmza.sk\/wp-content\/uploads\/2014\/03\/park-600x600.jpg 600w, https:\/\/pmza.sk\/wp-content\/uploads\/2014\/03\/park-100x100.jpg 100w\" sizes=\"(max-width: 180px) 100vw, 180px\" \/><\/a>Vikt\u00f3ria Urbanov\u00e1<\/p>\n<p><b>Park pri Budat\u00ednskom hrade a\u00a0jeho premeny<\/b><\/p>\n<p>(odborn\u00e1 literat\u00fara)<\/p>\n<p>Park pri Budat\u00ednskom hrade je najstar\u0161\u00edm v\u00a0\u017diline a\u00a0okol\u00ed, pre\u017e\u00edval v\u00a0r\u00f4znej podobe nieko\u013eko storo\u010d\u00ed s\u00a0v\u00e4\u010d\u0161ou \u010di men\u0161ou starostlivos\u0165ou majite\u013eov hradu. Revitaliz\u00e1cia parku prebehla v\u00a0rokoch 2009 \u2013 2010 a\u00a0dnes je predmetom zv\u00fd\u0161en\u00e9ho z\u00e1ujmu verejnosti. Kniha l\u00e1kavo pon\u00faka s\u00fahrnn\u00e9 inform\u00e1cie o\u00a0hist\u00f3rii a\u00a0drevin\u00e1ch zast\u00fapen\u00fdch v\u00a0parku. Doplnen\u00e1 je o\u00a0historick\u00e9 obr\u00e1zky a\u00a0n\u00e1dhern\u00e9 fotografie parku od Anny Kuchar\u010d\u00edkovej.<\/p>\n","protected":false},"excerpt":{"rendered":"<p>Pova\u017esk\u00e9 m\u00fazeum v\u00a0\u017diline v\u00a0zria\u010fovate\u013eskej p\u00f4sobnosti \u017dilinsk\u00e9ho samospr\u00e1vneho kraja (\u017dSK) sa tento rok piatimi publik\u00e1ciami prihl\u00e1silo do 8. ro\u010dn\u00edka \u010ditate\u013eskej s\u00fa\u0165a\u017ee o\u00a0Knihu Horn\u00e9ho Pova\u017eia vyhlasovanej Krajskou kni\u017enicou v\u00a0\u017diline. \u201eDo aktu\u00e1lneho ro\u010dn\u00edka s\u00fa\u0165a\u017ee sme nominovali publik\u00e1cie Budat\u00ednsky park, Koh\u00fatik jarab\u00fd, Premeny \u00b413, Remesl\u00e1 a\u00a0Sob\u00e1\u0161ny pal\u00e1c v\u00a0Byt\u010di. Som r\u00e1d, \u017ee na\u0161i odborn\u00ed pracovn\u00edci prin\u00e1\u0161aj\u00fa na kni\u017en\u00fd trh op\u00e4\u0165 [&hellip;]<\/p>\n","protected":false},"author":2,"featured_media":0,"comment_status":"closed","ping_status":"closed","sticky":false,"template":"","format":"standard","meta":{"site-sidebar-layout":"default","site-content-layout":"","ast-site-content-layout":"","site-content-style":"default","site-sidebar-style":"default","ast-global-header-display":"","ast-banner-title-visibility":"","ast-main-header-display":"","ast-hfb-above-header-display":"","ast-hfb-below-header-display":"","ast-hfb-mobile-header-display":"","site-post-title":"","ast-breadcrumbs-content":"","ast-featured-img":"","footer-sml-layout":"","theme-transparent-header-meta":"","adv-header-id-meta":"","stick-header-meta":"","header-above-stick-meta":"","header-main-stick-meta":"","header-below-stick-meta":"","astra-migrate-meta-layouts":"default","ast-page-background-enabled":"default","ast-page-background-meta":{"desktop":{"background-color":"var(--ast-global-color-4)","background-image":"","background-repeat":"repeat","background-position":"center center","background-size":"auto","background-attachment":"scroll","background-type":"","background-media":"","overlay-type":"","overlay-color":"","overlay-opacity":"","overlay-gradient":""},"tablet":{"background-color":"","background-image":"","background-repeat":"repeat","background-position":"center center","background-size":"auto","background-attachment":"scroll","background-type":"","background-media":"","overlay-type":"","overlay-color":"","overlay-opacity":"","overlay-gradient":""},"mobile":{"background-color":"","background-image":"","background-repeat":"repeat","background-position":"center center","background-size":"auto","background-attachment":"scroll","background-type":"","background-media":"","overlay-type":"","overlay-color":"","overlay-opacity":"","overlay-gradient":""}},"ast-content-background-meta":{"desktop":{"background-color":"var(--ast-global-color-5)","background-image":"","background-repeat":"repeat","background-position":"center center","background-size":"auto","background-attachment":"scroll","background-type":"","background-media":"","overlay-type":"","overlay-color":"","overlay-opacity":"","overlay-gradient":""},"tablet":{"background-color":"var(--ast-global-color-5)","background-image":"","background-repeat":"repeat","background-position":"center center","background-size":"auto","background-attachment":"scroll","background-type":"","background-media":"","overlay-type":"","overlay-color":"","overlay-opacity":"","overlay-gradient":""},"mobile":{"background-color":"var(--ast-global-color-5)","background-image":"","background-repeat":"repeat","background-position":"center center","background-size":"auto","background-attachment":"scroll","background-type":"","background-media":"","overlay-type":"","overlay-color":"","overlay-opacity":"","overlay-gradient":""}},"footnotes":""},"categories":[36],"tags":[],"class_list":["post-9308","post","type-post","status-publish","format-standard","hentry","category-archiv-2014"],"yoast_head":"<!-- This site is optimized with the Yoast SEO plugin v27.4 - https:\/\/yoast.com\/product\/yoast-seo-wordpress\/ -->\n<title>S\u00fa\u0165a\u017e\u00edme o Knihu Horn\u00e9ho Pova\u017eia - Pova\u017esk\u00e9 m\u00fazeum<\/title>\n<meta name=\"robots\" content=\"index, follow, max-snippet:-1, max-image-preview:large, max-video-preview:-1\" \/>\n<link rel=\"canonical\" href=\"https:\/\/pmza.sk\/?p=9308\" \/>\n<meta property=\"og:locale\" content=\"sk_SK\" \/>\n<meta property=\"og:type\" content=\"article\" \/>\n<meta property=\"og:title\" content=\"S\u00fa\u0165a\u017e\u00edme o Knihu Horn\u00e9ho Pova\u017eia - Pova\u017esk\u00e9 m\u00fazeum\" \/>\n<meta property=\"og:description\" content=\"Pova\u017esk\u00e9 m\u00fazeum v\u00a0\u017diline v\u00a0zria\u010fovate\u013eskej p\u00f4sobnosti \u017dilinsk\u00e9ho samospr\u00e1vneho kraja (\u017dSK) sa tento rok piatimi publik\u00e1ciami prihl\u00e1silo do 8. ro\u010dn\u00edka \u010ditate\u013eskej s\u00fa\u0165a\u017ee o\u00a0Knihu Horn\u00e9ho Pova\u017eia vyhlasovanej Krajskou kni\u017enicou v\u00a0\u017diline. \u201eDo aktu\u00e1lneho ro\u010dn\u00edka s\u00fa\u0165a\u017ee sme nominovali publik\u00e1cie Budat\u00ednsky park, Koh\u00fatik jarab\u00fd, Premeny \u00b413, Remesl\u00e1 a\u00a0Sob\u00e1\u0161ny pal\u00e1c v\u00a0Byt\u010di. Som r\u00e1d, \u017ee na\u0161i odborn\u00ed pracovn\u00edci prin\u00e1\u0161aj\u00fa na kni\u017en\u00fd trh op\u00e4\u0165 [&hellip;]\" \/>\n<meta property=\"og:url\" content=\"https:\/\/pmza.sk\/?p=9308\" \/>\n<meta property=\"og:site_name\" content=\"Pova\u017esk\u00e9 m\u00fazeum\" \/>\n<meta property=\"article:publisher\" content=\"https:\/\/www.facebook.com\/povazskemuzeum\" \/>\n<meta property=\"article:published_time\" content=\"2014-03-17T09:18:01+00:00\" \/>\n<meta property=\"og:image\" content=\"https:\/\/pmza.sk.sk\/wp-content\/uploads\/2010\/08\/kohut-201x300.jpg\" \/>\n<meta name=\"author\" content=\"Pova\u017esk\u00e9 m\u00fazeum\" \/>\n<meta name=\"twitter:card\" content=\"summary_large_image\" \/>\n<meta name=\"twitter:label1\" content=\"Autor\" \/>\n\t<meta name=\"twitter:data1\" content=\"Pova\u017esk\u00e9 m\u00fazeum\" \/>\n\t<meta name=\"twitter:label2\" content=\"Predpokladan\u00fd \u010das \u010d\u00edtania\" \/>\n\t<meta name=\"twitter:data2\" content=\"4 min\u00faty\" \/>\n<script type=\"application\/ld+json\" class=\"yoast-schema-graph\">{\"@context\":\"https:\\\/\\\/schema.org\",\"@graph\":[{\"@type\":\"Article\",\"@id\":\"https:\\\/\\\/pmza.sk\\\/?p=9308#article\",\"isPartOf\":{\"@id\":\"https:\\\/\\\/pmza.sk\\\/?p=9308\"},\"author\":{\"name\":\"Pova\u017esk\u00e9 m\u00fazeum\",\"@id\":\"https:\\\/\\\/pmza.sk\\\/#\\\/schema\\\/person\\\/595e6a2ce731ea94dcd5d7f50a41ae33\"},\"headline\":\"S\u00fa\u0165a\u017e\u00edme o Knihu Horn\u00e9ho Pova\u017eia\",\"datePublished\":\"2014-03-17T09:18:01+00:00\",\"mainEntityOfPage\":{\"@id\":\"https:\\\/\\\/pmza.sk\\\/?p=9308\"},\"wordCount\":765,\"publisher\":{\"@id\":\"https:\\\/\\\/pmza.sk\\\/#organization\"},\"image\":{\"@id\":\"https:\\\/\\\/pmza.sk\\\/?p=9308#primaryimage\"},\"thumbnailUrl\":\"http:\\\/\\\/pmza.sk.sk\\\/wp-content\\\/uploads\\\/2010\\\/08\\\/kohut-201x300.jpg\",\"articleSection\":[\"Arch\u00edv 2014\"],\"inLanguage\":\"sk-SK\"},{\"@type\":\"WebPage\",\"@id\":\"https:\\\/\\\/pmza.sk\\\/?p=9308\",\"url\":\"https:\\\/\\\/pmza.sk\\\/?p=9308\",\"name\":\"S\u00fa\u0165a\u017e\u00edme o Knihu Horn\u00e9ho Pova\u017eia - Pova\u017esk\u00e9 m\u00fazeum\",\"isPartOf\":{\"@id\":\"https:\\\/\\\/pmza.sk\\\/#website\"},\"primaryImageOfPage\":{\"@id\":\"https:\\\/\\\/pmza.sk\\\/?p=9308#primaryimage\"},\"image\":{\"@id\":\"https:\\\/\\\/pmza.sk\\\/?p=9308#primaryimage\"},\"thumbnailUrl\":\"http:\\\/\\\/pmza.sk.sk\\\/wp-content\\\/uploads\\\/2010\\\/08\\\/kohut-201x300.jpg\",\"datePublished\":\"2014-03-17T09:18:01+00:00\",\"breadcrumb\":{\"@id\":\"https:\\\/\\\/pmza.sk\\\/?p=9308#breadcrumb\"},\"inLanguage\":\"sk-SK\",\"potentialAction\":[{\"@type\":\"ReadAction\",\"target\":[\"https:\\\/\\\/pmza.sk\\\/?p=9308\"]}]},{\"@type\":\"ImageObject\",\"inLanguage\":\"sk-SK\",\"@id\":\"https:\\\/\\\/pmza.sk\\\/?p=9308#primaryimage\",\"url\":\"http:\\\/\\\/pmza.sk.sk\\\/wp-content\\\/uploads\\\/2010\\\/08\\\/kohut-201x300.jpg\",\"contentUrl\":\"http:\\\/\\\/pmza.sk.sk\\\/wp-content\\\/uploads\\\/2010\\\/08\\\/kohut-201x300.jpg\"},{\"@type\":\"BreadcrumbList\",\"@id\":\"https:\\\/\\\/pmza.sk\\\/?p=9308#breadcrumb\",\"itemListElement\":[{\"@type\":\"ListItem\",\"position\":1,\"name\":\"Domovsk\u00e1 str\u00e1nka\",\"item\":\"https:\\\/\\\/pmza.sk\\\/\"},{\"@type\":\"ListItem\",\"position\":2,\"name\":\"S\u00fa\u0165a\u017e\u00edme o Knihu Horn\u00e9ho Pova\u017eia\"}]},{\"@type\":\"WebSite\",\"@id\":\"https:\\\/\\\/pmza.sk\\\/#website\",\"url\":\"https:\\\/\\\/pmza.sk\\\/\",\"name\":\"Pova\u017esk\u00e9 m\u00fazeum\",\"description\":\"Pova\u017esk\u00e9 m\u00fazeum v \u017diline je region\u00e1lne m\u00fazeum so s\u00eddlom v Budat\u00edne. Jeho expoz\u00edcie s\u00fa zameran\u00e9 na dejiny slovensk\u00e9ho umenia, kult\u00fary a dopravy.\",\"publisher\":{\"@id\":\"https:\\\/\\\/pmza.sk\\\/#organization\"},\"potentialAction\":[{\"@type\":\"SearchAction\",\"target\":{\"@type\":\"EntryPoint\",\"urlTemplate\":\"https:\\\/\\\/pmza.sk\\\/?s={search_term_string}\"},\"query-input\":{\"@type\":\"PropertyValueSpecification\",\"valueRequired\":true,\"valueName\":\"search_term_string\"}}],\"inLanguage\":\"sk-SK\"},{\"@type\":\"Organization\",\"@id\":\"https:\\\/\\\/pmza.sk\\\/#organization\",\"name\":\"Pova\u017esk\u00e9 m\u00fazeum\",\"url\":\"https:\\\/\\\/pmza.sk\\\/\",\"logo\":{\"@type\":\"ImageObject\",\"inLanguage\":\"sk-SK\",\"@id\":\"https:\\\/\\\/pmza.sk\\\/#\\\/schema\\\/logo\\\/image\\\/\",\"url\":\"https:\\\/\\\/pmza.sk\\\/wp-content\\\/uploads\\\/2022\\\/01\\\/logo_PM_horizontal.jpg\",\"contentUrl\":\"https:\\\/\\\/pmza.sk\\\/wp-content\\\/uploads\\\/2022\\\/01\\\/logo_PM_horizontal.jpg\",\"width\":231,\"height\":142,\"caption\":\"Pova\u017esk\u00e9 m\u00fazeum\"},\"image\":{\"@id\":\"https:\\\/\\\/pmza.sk\\\/#\\\/schema\\\/logo\\\/image\\\/\"},\"sameAs\":[\"https:\\\/\\\/www.facebook.com\\\/povazskemuzeum\",\"https:\\\/\\\/www.instagram.com\\\/povazskemuzeum\\\/\"]},{\"@type\":\"Person\",\"@id\":\"https:\\\/\\\/pmza.sk\\\/#\\\/schema\\\/person\\\/595e6a2ce731ea94dcd5d7f50a41ae33\",\"name\":\"Pova\u017esk\u00e9 m\u00fazeum\",\"image\":{\"@type\":\"ImageObject\",\"inLanguage\":\"sk-SK\",\"@id\":\"https:\\\/\\\/secure.gravatar.com\\\/avatar\\\/2bb7f1561282132fb5826dfeccc66c7996d11ee392ac6aaf7ced8a1c2027fbb2?s=96&d=mm&r=g\",\"url\":\"https:\\\/\\\/secure.gravatar.com\\\/avatar\\\/2bb7f1561282132fb5826dfeccc66c7996d11ee392ac6aaf7ced8a1c2027fbb2?s=96&d=mm&r=g\",\"contentUrl\":\"https:\\\/\\\/secure.gravatar.com\\\/avatar\\\/2bb7f1561282132fb5826dfeccc66c7996d11ee392ac6aaf7ced8a1c2027fbb2?s=96&d=mm&r=g\",\"caption\":\"Pova\u017esk\u00e9 m\u00fazeum\"}}]}<\/script>\n<!-- \/ Yoast SEO plugin. -->","yoast_head_json":{"title":"S\u00fa\u0165a\u017e\u00edme o Knihu Horn\u00e9ho Pova\u017eia - Pova\u017esk\u00e9 m\u00fazeum","robots":{"index":"index","follow":"follow","max-snippet":"max-snippet:-1","max-image-preview":"max-image-preview:large","max-video-preview":"max-video-preview:-1"},"canonical":"https:\/\/pmza.sk\/?p=9308","og_locale":"sk_SK","og_type":"article","og_title":"S\u00fa\u0165a\u017e\u00edme o Knihu Horn\u00e9ho Pova\u017eia - Pova\u017esk\u00e9 m\u00fazeum","og_description":"Pova\u017esk\u00e9 m\u00fazeum v\u00a0\u017diline v\u00a0zria\u010fovate\u013eskej p\u00f4sobnosti \u017dilinsk\u00e9ho samospr\u00e1vneho kraja (\u017dSK) sa tento rok piatimi publik\u00e1ciami prihl\u00e1silo do 8. ro\u010dn\u00edka \u010ditate\u013eskej s\u00fa\u0165a\u017ee o\u00a0Knihu Horn\u00e9ho Pova\u017eia vyhlasovanej Krajskou kni\u017enicou v\u00a0\u017diline. \u201eDo aktu\u00e1lneho ro\u010dn\u00edka s\u00fa\u0165a\u017ee sme nominovali publik\u00e1cie Budat\u00ednsky park, Koh\u00fatik jarab\u00fd, Premeny \u00b413, Remesl\u00e1 a\u00a0Sob\u00e1\u0161ny pal\u00e1c v\u00a0Byt\u010di. Som r\u00e1d, \u017ee na\u0161i odborn\u00ed pracovn\u00edci prin\u00e1\u0161aj\u00fa na kni\u017en\u00fd trh op\u00e4\u0165 [&hellip;]","og_url":"https:\/\/pmza.sk\/?p=9308","og_site_name":"Pova\u017esk\u00e9 m\u00fazeum","article_publisher":"https:\/\/www.facebook.com\/povazskemuzeum","article_published_time":"2014-03-17T09:18:01+00:00","og_image":[{"url":"https:\/\/pmza.sk.sk\/wp-content\/uploads\/2010\/08\/kohut-201x300.jpg","type":"","width":"","height":""}],"author":"Pova\u017esk\u00e9 m\u00fazeum","twitter_card":"summary_large_image","twitter_misc":{"Autor":"Pova\u017esk\u00e9 m\u00fazeum","Predpokladan\u00fd \u010das \u010d\u00edtania":"4 min\u00faty"},"schema":{"@context":"https:\/\/schema.org","@graph":[{"@type":"Article","@id":"https:\/\/pmza.sk\/?p=9308#article","isPartOf":{"@id":"https:\/\/pmza.sk\/?p=9308"},"author":{"name":"Pova\u017esk\u00e9 m\u00fazeum","@id":"https:\/\/pmza.sk\/#\/schema\/person\/595e6a2ce731ea94dcd5d7f50a41ae33"},"headline":"S\u00fa\u0165a\u017e\u00edme o Knihu Horn\u00e9ho Pova\u017eia","datePublished":"2014-03-17T09:18:01+00:00","mainEntityOfPage":{"@id":"https:\/\/pmza.sk\/?p=9308"},"wordCount":765,"publisher":{"@id":"https:\/\/pmza.sk\/#organization"},"image":{"@id":"https:\/\/pmza.sk\/?p=9308#primaryimage"},"thumbnailUrl":"https:\/\/pmza.sk.sk\/wp-content\/uploads\/2010\/08\/kohut-201x300.jpg","articleSection":["Arch\u00edv 2014"],"inLanguage":"sk-SK"},{"@type":"WebPage","@id":"https:\/\/pmza.sk\/?p=9308","url":"https:\/\/pmza.sk\/?p=9308","name":"S\u00fa\u0165a\u017e\u00edme o Knihu Horn\u00e9ho Pova\u017eia - Pova\u017esk\u00e9 m\u00fazeum","isPartOf":{"@id":"https:\/\/pmza.sk\/#website"},"primaryImageOfPage":{"@id":"https:\/\/pmza.sk\/?p=9308#primaryimage"},"image":{"@id":"https:\/\/pmza.sk\/?p=9308#primaryimage"},"thumbnailUrl":"https:\/\/pmza.sk.sk\/wp-content\/uploads\/2010\/08\/kohut-201x300.jpg","datePublished":"2014-03-17T09:18:01+00:00","breadcrumb":{"@id":"https:\/\/pmza.sk\/?p=9308#breadcrumb"},"inLanguage":"sk-SK","potentialAction":[{"@type":"ReadAction","target":["https:\/\/pmza.sk\/?p=9308"]}]},{"@type":"ImageObject","inLanguage":"sk-SK","@id":"https:\/\/pmza.sk\/?p=9308#primaryimage","url":"https:\/\/pmza.sk.sk\/wp-content\/uploads\/2010\/08\/kohut-201x300.jpg","contentUrl":"https:\/\/pmza.sk.sk\/wp-content\/uploads\/2010\/08\/kohut-201x300.jpg"},{"@type":"BreadcrumbList","@id":"https:\/\/pmza.sk\/?p=9308#breadcrumb","itemListElement":[{"@type":"ListItem","position":1,"name":"Domovsk\u00e1 str\u00e1nka","item":"https:\/\/pmza.sk\/"},{"@type":"ListItem","position":2,"name":"S\u00fa\u0165a\u017e\u00edme o Knihu Horn\u00e9ho Pova\u017eia"}]},{"@type":"WebSite","@id":"https:\/\/pmza.sk\/#website","url":"https:\/\/pmza.sk\/","name":"Pova\u017esk\u00e9 m\u00fazeum","description":"Pova\u017esk\u00e9 m\u00fazeum v \u017diline je region\u00e1lne m\u00fazeum so s\u00eddlom v Budat\u00edne. Jeho expoz\u00edcie s\u00fa zameran\u00e9 na dejiny slovensk\u00e9ho umenia, kult\u00fary a dopravy.","publisher":{"@id":"https:\/\/pmza.sk\/#organization"},"potentialAction":[{"@type":"SearchAction","target":{"@type":"EntryPoint","urlTemplate":"https:\/\/pmza.sk\/?s={search_term_string}"},"query-input":{"@type":"PropertyValueSpecification","valueRequired":true,"valueName":"search_term_string"}}],"inLanguage":"sk-SK"},{"@type":"Organization","@id":"https:\/\/pmza.sk\/#organization","name":"Pova\u017esk\u00e9 m\u00fazeum","url":"https:\/\/pmza.sk\/","logo":{"@type":"ImageObject","inLanguage":"sk-SK","@id":"https:\/\/pmza.sk\/#\/schema\/logo\/image\/","url":"https:\/\/pmza.sk\/wp-content\/uploads\/2022\/01\/logo_PM_horizontal.jpg","contentUrl":"https:\/\/pmza.sk\/wp-content\/uploads\/2022\/01\/logo_PM_horizontal.jpg","width":231,"height":142,"caption":"Pova\u017esk\u00e9 m\u00fazeum"},"image":{"@id":"https:\/\/pmza.sk\/#\/schema\/logo\/image\/"},"sameAs":["https:\/\/www.facebook.com\/povazskemuzeum","https:\/\/www.instagram.com\/povazskemuzeum\/"]},{"@type":"Person","@id":"https:\/\/pmza.sk\/#\/schema\/person\/595e6a2ce731ea94dcd5d7f50a41ae33","name":"Pova\u017esk\u00e9 m\u00fazeum","image":{"@type":"ImageObject","inLanguage":"sk-SK","@id":"https:\/\/secure.gravatar.com\/avatar\/2bb7f1561282132fb5826dfeccc66c7996d11ee392ac6aaf7ced8a1c2027fbb2?s=96&d=mm&r=g","url":"https:\/\/secure.gravatar.com\/avatar\/2bb7f1561282132fb5826dfeccc66c7996d11ee392ac6aaf7ced8a1c2027fbb2?s=96&d=mm&r=g","contentUrl":"https:\/\/secure.gravatar.com\/avatar\/2bb7f1561282132fb5826dfeccc66c7996d11ee392ac6aaf7ced8a1c2027fbb2?s=96&d=mm&r=g","caption":"Pova\u017esk\u00e9 m\u00fazeum"}}]}},"_links":{"self":[{"href":"https:\/\/pmza.sk\/index.php?rest_route=\/wp\/v2\/posts\/9308","targetHints":{"allow":["GET"]}}],"collection":[{"href":"https:\/\/pmza.sk\/index.php?rest_route=\/wp\/v2\/posts"}],"about":[{"href":"https:\/\/pmza.sk\/index.php?rest_route=\/wp\/v2\/types\/post"}],"author":[{"embeddable":true,"href":"https:\/\/pmza.sk\/index.php?rest_route=\/wp\/v2\/users\/2"}],"replies":[{"embeddable":true,"href":"https:\/\/pmza.sk\/index.php?rest_route=%2Fwp%2Fv2%2Fcomments&post=9308"}],"version-history":[{"count":0,"href":"https:\/\/pmza.sk\/index.php?rest_route=\/wp\/v2\/posts\/9308\/revisions"}],"wp:attachment":[{"href":"https:\/\/pmza.sk\/index.php?rest_route=%2Fwp%2Fv2%2Fmedia&parent=9308"}],"wp:term":[{"taxonomy":"category","embeddable":true,"href":"https:\/\/pmza.sk\/index.php?rest_route=%2Fwp%2Fv2%2Fcategories&post=9308"},{"taxonomy":"post_tag","embeddable":true,"href":"https:\/\/pmza.sk\/index.php?rest_route=%2Fwp%2Fv2%2Ftags&post=9308"}],"curies":[{"name":"wp","href":"https:\/\/api.w.org\/{rel}","templated":true}]}}