{"id":9380,"date":"2014-03-25T09:12:11","date_gmt":"2014-03-25T08:12:11","guid":{"rendered":"https:\/\/pmza.sk.sk\/?p=9380"},"modified":"2014-03-25T09:12:11","modified_gmt":"2014-03-25T08:12:11","slug":"tyzden-otvorenych-dveri-v-kniznici-povazskeho-muzea-v-ziline","status":"publish","type":"post","link":"https:\/\/pmza.sk\/?p=9380","title":{"rendered":"T\u00fd\u017ede\u0148 otvoren\u00fdch dver\u00ed v Kni\u017enici Pova\u017esk\u00e9ho m\u00fazea v \u017diline"},"content":{"rendered":"<p><a href=\"https:\/\/pmza.sk\/wp-content\/uploads\/2014\/03\/Kniznica-PMZA_3.jpg\"><img fetchpriority=\"high\" decoding=\"async\" class=\"alignleft size-medium wp-image-9385\" alt=\"Kni\u017enica PMZA_3\" src=\"https:\/\/pmza.sk.sk\/wp-content\/uploads\/2014\/03\/Kni\u017enica-PMZA_3-300x196.jpg\" width=\"300\" height=\"196\" \/><\/a>Kni\u017enica Pova\u017esk\u00e9ho m\u00fazea v\u00a0\u017diline sa v\u00a0t\u00fd\u017edni <b>od 31. 3. do 4. 4. 2014<\/b> zap\u00e1ja do podujatia T\u00fd\u017ede\u0148 slovensk\u00fdch kni\u017en\u00edc. Odborn\u00e1 prezen\u010dn\u00e1 kni\u017enica v\u00a0are\u00e1li Budat\u00ednskeho hradu pon\u00faka pri tejto pr\u00edle\u017eitosti bezplatn\u00fa registr\u00e1ciu nov\u00fdch \u010ditate\u013eov. Zaregistrovan\u00ed \u010ditatelia bud\u00fa odmenen\u00ed dar\u010dekom z\u00a0edi\u010dnej \u010dinnosti m\u00fazea pod\u013ea vlastn\u00e9ho v\u00fdberu. S\u00fa\u010das\u0165ou t\u00fd\u017ed\u0148a otvoren\u00fdch dver\u00ed je v\u00fdstava v\u0161etk\u00fdch publik\u00e1ci\u00ed z\u00a0ed\u00edcie m\u00fazea s\u00a0mo\u017enos\u0165ou ich zak\u00fapenia. <i>\u201eDo pozornosti m\u00f4\u017eeme da\u0165 aj na\u0161e unik\u00e1tne publik\u00e1cie vydan\u00e9 v\u00a0roku 2013, ktor\u00e9 s\u00fa nominovan\u00e9 do s\u00fa\u0165a\u017ee Kniha Horn\u00e9ho Pova\u017eia,\u201c<\/i> uviedol riadite\u013e Pova\u017esk\u00e9ho m\u00fazea v\u00a0\u017diline Ladislav Cimer\u00e1k.<!--more--><\/p>\n<p>V\u00a0r\u00e1mci t\u00fd\u017ed\u0148a otvorenej kni\u017enice bud\u00fa n\u00e1v\u0161tevn\u00edkom poskytnut\u00e9 z\u00e1kladn\u00e9 inform\u00e1cie o\u00a0fonde kni\u017enice a\u00a0mo\u017enostiach jeho praktick\u00e9ho vyu\u017eitia. Tie\u017e sa obozn\u00e1mia s\u00a0online katal\u00f3gom kni\u017enice, rezerv\u00e1ciou publik\u00e1ci\u00ed a\u00a0\u010fal\u0161\u00edmi slu\u017ebami, ktor\u00e9 kni\u017enica pou\u017e\u00edvate\u013eom poskytuje.<\/p>\n<p>Odborn\u00e1 prezen\u010dn\u00e1 kni\u017enica Pova\u017esk\u00e9ho m\u00fazea v\u00a0\u017diline je \u0161pecializovan\u00e1 na pr\u00edrodovedn\u00fa, spolo\u010denskovedn\u00fa, muzeologick\u00fa a\u00a0vlastivedn\u00fa literat\u00faru. Nach\u00e1dza sa tu bohat\u00fd fond s\u00a0viac ako 12\u00a0000 kni\u017eni\u010dn\u00fdmi jednotkami, z\u00a0toho je 487 star\u00fdch tla\u010d\u00ed do roku 1918.<\/p>\n<p><b>Otv\u00e1racie hodiny:<\/b><\/p>\n<p>Pondelok: 8:00 \u2013 13:00 hod.<\/p>\n<p>Streda: 8:00 \u2013 12:00, 13:00 \u2013 17:00 hod.<\/p>\n<p>Piatok: 8:00 \u2013 13:00 hod.<\/p>\n<p>&nbsp;<\/p>\n<p>Online katal\u00f3g: <a href=\"http:\/\/194.160.178.22\/mask\/\">http:\/\/194.160.178.22\/mask<\/a><\/p>\n","protected":false},"excerpt":{"rendered":"<p>Kni\u017enica Pova\u017esk\u00e9ho m\u00fazea v\u00a0\u017diline sa v\u00a0t\u00fd\u017edni od 31. 3. do 4. 4. 2014 zap\u00e1ja do podujatia T\u00fd\u017ede\u0148 slovensk\u00fdch kni\u017en\u00edc. Odborn\u00e1 prezen\u010dn\u00e1 kni\u017enica v\u00a0are\u00e1li Budat\u00ednskeho hradu pon\u00faka pri tejto pr\u00edle\u017eitosti bezplatn\u00fa registr\u00e1ciu nov\u00fdch \u010ditate\u013eov. Zaregistrovan\u00ed \u010ditatelia bud\u00fa odmenen\u00ed dar\u010dekom z\u00a0edi\u010dnej \u010dinnosti m\u00fazea pod\u013ea vlastn\u00e9ho v\u00fdberu. S\u00fa\u010das\u0165ou t\u00fd\u017ed\u0148a otvoren\u00fdch dver\u00ed je v\u00fdstava v\u0161etk\u00fdch publik\u00e1ci\u00ed z\u00a0ed\u00edcie m\u00fazea s\u00a0mo\u017enos\u0165ou [&hellip;]<\/p>\n","protected":false},"author":2,"featured_media":0,"comment_status":"closed","ping_status":"closed","sticky":false,"template":"","format":"standard","meta":{"site-sidebar-layout":"default","site-content-layout":"","ast-site-content-layout":"","site-content-style":"default","site-sidebar-style":"default","ast-global-header-display":"","ast-banner-title-visibility":"","ast-main-header-display":"","ast-hfb-above-header-display":"","ast-hfb-below-header-display":"","ast-hfb-mobile-header-display":"","site-post-title":"","ast-breadcrumbs-content":"","ast-featured-img":"","footer-sml-layout":"","theme-transparent-header-meta":"","adv-header-id-meta":"","stick-header-meta":"","header-above-stick-meta":"","header-main-stick-meta":"","header-below-stick-meta":"","astra-migrate-meta-layouts":"default","ast-page-background-enabled":"default","ast-page-background-meta":{"desktop":{"background-color":"var(--ast-global-color-4)","background-image":"","background-repeat":"repeat","background-position":"center center","background-size":"auto","background-attachment":"scroll","background-type":"","background-media":"","overlay-type":"","overlay-color":"","overlay-opacity":"","overlay-gradient":""},"tablet":{"background-color":"","background-image":"","background-repeat":"repeat","background-position":"center center","background-size":"auto","background-attachment":"scroll","background-type":"","background-media":"","overlay-type":"","overlay-color":"","overlay-opacity":"","overlay-gradient":""},"mobile":{"background-color":"","background-image":"","background-repeat":"repeat","background-position":"center center","background-size":"auto","background-attachment":"scroll","background-type":"","background-media":"","overlay-type":"","overlay-color":"","overlay-opacity":"","overlay-gradient":""}},"ast-content-background-meta":{"desktop":{"background-color":"var(--ast-global-color-5)","background-image":"","background-repeat":"repeat","background-position":"center center","background-size":"auto","background-attachment":"scroll","background-type":"","background-media":"","overlay-type":"","overlay-color":"","overlay-opacity":"","overlay-gradient":""},"tablet":{"background-color":"var(--ast-global-color-5)","background-image":"","background-repeat":"repeat","background-position":"center center","background-size":"auto","background-attachment":"scroll","background-type":"","background-media":"","overlay-type":"","overlay-color":"","overlay-opacity":"","overlay-gradient":""},"mobile":{"background-color":"var(--ast-global-color-5)","background-image":"","background-repeat":"repeat","background-position":"center center","background-size":"auto","background-attachment":"scroll","background-type":"","background-media":"","overlay-type":"","overlay-color":"","overlay-opacity":"","overlay-gradient":""}},"footnotes":""},"categories":[36],"tags":[],"class_list":["post-9380","post","type-post","status-publish","format-standard","hentry","category-archiv-2014"],"yoast_head":"<!-- This site is optimized with the Yoast SEO plugin v27.4 - https:\/\/yoast.com\/product\/yoast-seo-wordpress\/ -->\n<title>T\u00fd\u017ede\u0148 otvoren\u00fdch dver\u00ed v Kni\u017enici Pova\u017esk\u00e9ho m\u00fazea v \u017diline - Pova\u017esk\u00e9 m\u00fazeum<\/title>\n<meta name=\"robots\" content=\"index, follow, max-snippet:-1, max-image-preview:large, max-video-preview:-1\" \/>\n<link rel=\"canonical\" href=\"https:\/\/pmza.sk\/?p=9380\" \/>\n<meta property=\"og:locale\" content=\"sk_SK\" \/>\n<meta property=\"og:type\" content=\"article\" \/>\n<meta property=\"og:title\" content=\"T\u00fd\u017ede\u0148 otvoren\u00fdch dver\u00ed v Kni\u017enici Pova\u017esk\u00e9ho m\u00fazea v \u017diline - Pova\u017esk\u00e9 m\u00fazeum\" \/>\n<meta property=\"og:description\" content=\"Kni\u017enica Pova\u017esk\u00e9ho m\u00fazea v\u00a0\u017diline sa v\u00a0t\u00fd\u017edni od 31. 3. do 4. 4. 2014 zap\u00e1ja do podujatia T\u00fd\u017ede\u0148 slovensk\u00fdch kni\u017en\u00edc. Odborn\u00e1 prezen\u010dn\u00e1 kni\u017enica v\u00a0are\u00e1li Budat\u00ednskeho hradu pon\u00faka pri tejto pr\u00edle\u017eitosti bezplatn\u00fa registr\u00e1ciu nov\u00fdch \u010ditate\u013eov. Zaregistrovan\u00ed \u010ditatelia bud\u00fa odmenen\u00ed dar\u010dekom z\u00a0edi\u010dnej \u010dinnosti m\u00fazea pod\u013ea vlastn\u00e9ho v\u00fdberu. S\u00fa\u010das\u0165ou t\u00fd\u017ed\u0148a otvoren\u00fdch dver\u00ed je v\u00fdstava v\u0161etk\u00fdch publik\u00e1ci\u00ed z\u00a0ed\u00edcie m\u00fazea s\u00a0mo\u017enos\u0165ou [&hellip;]\" \/>\n<meta property=\"og:url\" content=\"https:\/\/pmza.sk\/?p=9380\" \/>\n<meta property=\"og:site_name\" content=\"Pova\u017esk\u00e9 m\u00fazeum\" \/>\n<meta property=\"article:publisher\" content=\"https:\/\/www.facebook.com\/povazskemuzeum\" \/>\n<meta property=\"article:published_time\" content=\"2014-03-25T08:12:11+00:00\" \/>\n<meta name=\"author\" content=\"Pova\u017esk\u00e9 m\u00fazeum\" \/>\n<meta name=\"twitter:card\" content=\"summary_large_image\" \/>\n<meta name=\"twitter:label1\" content=\"Autor\" \/>\n\t<meta name=\"twitter:data1\" content=\"Pova\u017esk\u00e9 m\u00fazeum\" \/>\n\t<meta name=\"twitter:label2\" content=\"Predpokladan\u00fd \u010das \u010d\u00edtania\" \/>\n\t<meta name=\"twitter:data2\" content=\"1 min\u00fata\" \/>\n<script type=\"application\/ld+json\" class=\"yoast-schema-graph\">{\"@context\":\"https:\\\/\\\/schema.org\",\"@graph\":[{\"@type\":\"Article\",\"@id\":\"https:\\\/\\\/pmza.sk\\\/?p=9380#article\",\"isPartOf\":{\"@id\":\"https:\\\/\\\/pmza.sk\\\/?p=9380\"},\"author\":{\"name\":\"Pova\u017esk\u00e9 m\u00fazeum\",\"@id\":\"https:\\\/\\\/pmza.sk\\\/#\\\/schema\\\/person\\\/595e6a2ce731ea94dcd5d7f50a41ae33\"},\"headline\":\"T\u00fd\u017ede\u0148 otvoren\u00fdch dver\u00ed v Kni\u017enici Pova\u017esk\u00e9ho m\u00fazea v \u017diline\",\"datePublished\":\"2014-03-25T08:12:11+00:00\",\"mainEntityOfPage\":{\"@id\":\"https:\\\/\\\/pmza.sk\\\/?p=9380\"},\"wordCount\":270,\"publisher\":{\"@id\":\"https:\\\/\\\/pmza.sk\\\/#organization\"},\"articleSection\":[\"Arch\u00edv 2014\"],\"inLanguage\":\"sk-SK\"},{\"@type\":\"WebPage\",\"@id\":\"https:\\\/\\\/pmza.sk\\\/?p=9380\",\"url\":\"https:\\\/\\\/pmza.sk\\\/?p=9380\",\"name\":\"T\u00fd\u017ede\u0148 otvoren\u00fdch dver\u00ed v Kni\u017enici Pova\u017esk\u00e9ho m\u00fazea v \u017diline - Pova\u017esk\u00e9 m\u00fazeum\",\"isPartOf\":{\"@id\":\"https:\\\/\\\/pmza.sk\\\/#website\"},\"datePublished\":\"2014-03-25T08:12:11+00:00\",\"breadcrumb\":{\"@id\":\"https:\\\/\\\/pmza.sk\\\/?p=9380#breadcrumb\"},\"inLanguage\":\"sk-SK\",\"potentialAction\":[{\"@type\":\"ReadAction\",\"target\":[\"https:\\\/\\\/pmza.sk\\\/?p=9380\"]}]},{\"@type\":\"BreadcrumbList\",\"@id\":\"https:\\\/\\\/pmza.sk\\\/?p=9380#breadcrumb\",\"itemListElement\":[{\"@type\":\"ListItem\",\"position\":1,\"name\":\"Domovsk\u00e1 str\u00e1nka\",\"item\":\"https:\\\/\\\/pmza.sk\\\/\"},{\"@type\":\"ListItem\",\"position\":2,\"name\":\"T\u00fd\u017ede\u0148 otvoren\u00fdch dver\u00ed v Kni\u017enici Pova\u017esk\u00e9ho m\u00fazea v \u017diline\"}]},{\"@type\":\"WebSite\",\"@id\":\"https:\\\/\\\/pmza.sk\\\/#website\",\"url\":\"https:\\\/\\\/pmza.sk\\\/\",\"name\":\"Pova\u017esk\u00e9 m\u00fazeum\",\"description\":\"Pova\u017esk\u00e9 m\u00fazeum v \u017diline je region\u00e1lne m\u00fazeum so s\u00eddlom v Budat\u00edne. Jeho expoz\u00edcie s\u00fa zameran\u00e9 na dejiny slovensk\u00e9ho umenia, kult\u00fary a dopravy.\",\"publisher\":{\"@id\":\"https:\\\/\\\/pmza.sk\\\/#organization\"},\"potentialAction\":[{\"@type\":\"SearchAction\",\"target\":{\"@type\":\"EntryPoint\",\"urlTemplate\":\"https:\\\/\\\/pmza.sk\\\/?s={search_term_string}\"},\"query-input\":{\"@type\":\"PropertyValueSpecification\",\"valueRequired\":true,\"valueName\":\"search_term_string\"}}],\"inLanguage\":\"sk-SK\"},{\"@type\":\"Organization\",\"@id\":\"https:\\\/\\\/pmza.sk\\\/#organization\",\"name\":\"Pova\u017esk\u00e9 m\u00fazeum\",\"url\":\"https:\\\/\\\/pmza.sk\\\/\",\"logo\":{\"@type\":\"ImageObject\",\"inLanguage\":\"sk-SK\",\"@id\":\"https:\\\/\\\/pmza.sk\\\/#\\\/schema\\\/logo\\\/image\\\/\",\"url\":\"https:\\\/\\\/pmza.sk\\\/wp-content\\\/uploads\\\/2022\\\/01\\\/logo_PM_horizontal.jpg\",\"contentUrl\":\"https:\\\/\\\/pmza.sk\\\/wp-content\\\/uploads\\\/2022\\\/01\\\/logo_PM_horizontal.jpg\",\"width\":231,\"height\":142,\"caption\":\"Pova\u017esk\u00e9 m\u00fazeum\"},\"image\":{\"@id\":\"https:\\\/\\\/pmza.sk\\\/#\\\/schema\\\/logo\\\/image\\\/\"},\"sameAs\":[\"https:\\\/\\\/www.facebook.com\\\/povazskemuzeum\",\"https:\\\/\\\/www.instagram.com\\\/povazskemuzeum\\\/\"]},{\"@type\":\"Person\",\"@id\":\"https:\\\/\\\/pmza.sk\\\/#\\\/schema\\\/person\\\/595e6a2ce731ea94dcd5d7f50a41ae33\",\"name\":\"Pova\u017esk\u00e9 m\u00fazeum\",\"image\":{\"@type\":\"ImageObject\",\"inLanguage\":\"sk-SK\",\"@id\":\"https:\\\/\\\/secure.gravatar.com\\\/avatar\\\/2bb7f1561282132fb5826dfeccc66c7996d11ee392ac6aaf7ced8a1c2027fbb2?s=96&d=mm&r=g\",\"url\":\"https:\\\/\\\/secure.gravatar.com\\\/avatar\\\/2bb7f1561282132fb5826dfeccc66c7996d11ee392ac6aaf7ced8a1c2027fbb2?s=96&d=mm&r=g\",\"contentUrl\":\"https:\\\/\\\/secure.gravatar.com\\\/avatar\\\/2bb7f1561282132fb5826dfeccc66c7996d11ee392ac6aaf7ced8a1c2027fbb2?s=96&d=mm&r=g\",\"caption\":\"Pova\u017esk\u00e9 m\u00fazeum\"}}]}<\/script>\n<!-- \/ Yoast SEO plugin. -->","yoast_head_json":{"title":"T\u00fd\u017ede\u0148 otvoren\u00fdch dver\u00ed v Kni\u017enici Pova\u017esk\u00e9ho m\u00fazea v \u017diline - Pova\u017esk\u00e9 m\u00fazeum","robots":{"index":"index","follow":"follow","max-snippet":"max-snippet:-1","max-image-preview":"max-image-preview:large","max-video-preview":"max-video-preview:-1"},"canonical":"https:\/\/pmza.sk\/?p=9380","og_locale":"sk_SK","og_type":"article","og_title":"T\u00fd\u017ede\u0148 otvoren\u00fdch dver\u00ed v Kni\u017enici Pova\u017esk\u00e9ho m\u00fazea v \u017diline - Pova\u017esk\u00e9 m\u00fazeum","og_description":"Kni\u017enica Pova\u017esk\u00e9ho m\u00fazea v\u00a0\u017diline sa v\u00a0t\u00fd\u017edni od 31. 3. do 4. 4. 2014 zap\u00e1ja do podujatia T\u00fd\u017ede\u0148 slovensk\u00fdch kni\u017en\u00edc. Odborn\u00e1 prezen\u010dn\u00e1 kni\u017enica v\u00a0are\u00e1li Budat\u00ednskeho hradu pon\u00faka pri tejto pr\u00edle\u017eitosti bezplatn\u00fa registr\u00e1ciu nov\u00fdch \u010ditate\u013eov. Zaregistrovan\u00ed \u010ditatelia bud\u00fa odmenen\u00ed dar\u010dekom z\u00a0edi\u010dnej \u010dinnosti m\u00fazea pod\u013ea vlastn\u00e9ho v\u00fdberu. S\u00fa\u010das\u0165ou t\u00fd\u017ed\u0148a otvoren\u00fdch dver\u00ed je v\u00fdstava v\u0161etk\u00fdch publik\u00e1ci\u00ed z\u00a0ed\u00edcie m\u00fazea s\u00a0mo\u017enos\u0165ou [&hellip;]","og_url":"https:\/\/pmza.sk\/?p=9380","og_site_name":"Pova\u017esk\u00e9 m\u00fazeum","article_publisher":"https:\/\/www.facebook.com\/povazskemuzeum","article_published_time":"2014-03-25T08:12:11+00:00","author":"Pova\u017esk\u00e9 m\u00fazeum","twitter_card":"summary_large_image","twitter_misc":{"Autor":"Pova\u017esk\u00e9 m\u00fazeum","Predpokladan\u00fd \u010das \u010d\u00edtania":"1 min\u00fata"},"schema":{"@context":"https:\/\/schema.org","@graph":[{"@type":"Article","@id":"https:\/\/pmza.sk\/?p=9380#article","isPartOf":{"@id":"https:\/\/pmza.sk\/?p=9380"},"author":{"name":"Pova\u017esk\u00e9 m\u00fazeum","@id":"https:\/\/pmza.sk\/#\/schema\/person\/595e6a2ce731ea94dcd5d7f50a41ae33"},"headline":"T\u00fd\u017ede\u0148 otvoren\u00fdch dver\u00ed v Kni\u017enici Pova\u017esk\u00e9ho m\u00fazea v \u017diline","datePublished":"2014-03-25T08:12:11+00:00","mainEntityOfPage":{"@id":"https:\/\/pmza.sk\/?p=9380"},"wordCount":270,"publisher":{"@id":"https:\/\/pmza.sk\/#organization"},"articleSection":["Arch\u00edv 2014"],"inLanguage":"sk-SK"},{"@type":"WebPage","@id":"https:\/\/pmza.sk\/?p=9380","url":"https:\/\/pmza.sk\/?p=9380","name":"T\u00fd\u017ede\u0148 otvoren\u00fdch dver\u00ed v Kni\u017enici Pova\u017esk\u00e9ho m\u00fazea v \u017diline - Pova\u017esk\u00e9 m\u00fazeum","isPartOf":{"@id":"https:\/\/pmza.sk\/#website"},"datePublished":"2014-03-25T08:12:11+00:00","breadcrumb":{"@id":"https:\/\/pmza.sk\/?p=9380#breadcrumb"},"inLanguage":"sk-SK","potentialAction":[{"@type":"ReadAction","target":["https:\/\/pmza.sk\/?p=9380"]}]},{"@type":"BreadcrumbList","@id":"https:\/\/pmza.sk\/?p=9380#breadcrumb","itemListElement":[{"@type":"ListItem","position":1,"name":"Domovsk\u00e1 str\u00e1nka","item":"https:\/\/pmza.sk\/"},{"@type":"ListItem","position":2,"name":"T\u00fd\u017ede\u0148 otvoren\u00fdch dver\u00ed v Kni\u017enici Pova\u017esk\u00e9ho m\u00fazea v \u017diline"}]},{"@type":"WebSite","@id":"https:\/\/pmza.sk\/#website","url":"https:\/\/pmza.sk\/","name":"Pova\u017esk\u00e9 m\u00fazeum","description":"Pova\u017esk\u00e9 m\u00fazeum v \u017diline je region\u00e1lne m\u00fazeum so s\u00eddlom v Budat\u00edne. Jeho expoz\u00edcie s\u00fa zameran\u00e9 na dejiny slovensk\u00e9ho umenia, kult\u00fary a dopravy.","publisher":{"@id":"https:\/\/pmza.sk\/#organization"},"potentialAction":[{"@type":"SearchAction","target":{"@type":"EntryPoint","urlTemplate":"https:\/\/pmza.sk\/?s={search_term_string}"},"query-input":{"@type":"PropertyValueSpecification","valueRequired":true,"valueName":"search_term_string"}}],"inLanguage":"sk-SK"},{"@type":"Organization","@id":"https:\/\/pmza.sk\/#organization","name":"Pova\u017esk\u00e9 m\u00fazeum","url":"https:\/\/pmza.sk\/","logo":{"@type":"ImageObject","inLanguage":"sk-SK","@id":"https:\/\/pmza.sk\/#\/schema\/logo\/image\/","url":"https:\/\/pmza.sk\/wp-content\/uploads\/2022\/01\/logo_PM_horizontal.jpg","contentUrl":"https:\/\/pmza.sk\/wp-content\/uploads\/2022\/01\/logo_PM_horizontal.jpg","width":231,"height":142,"caption":"Pova\u017esk\u00e9 m\u00fazeum"},"image":{"@id":"https:\/\/pmza.sk\/#\/schema\/logo\/image\/"},"sameAs":["https:\/\/www.facebook.com\/povazskemuzeum","https:\/\/www.instagram.com\/povazskemuzeum\/"]},{"@type":"Person","@id":"https:\/\/pmza.sk\/#\/schema\/person\/595e6a2ce731ea94dcd5d7f50a41ae33","name":"Pova\u017esk\u00e9 m\u00fazeum","image":{"@type":"ImageObject","inLanguage":"sk-SK","@id":"https:\/\/secure.gravatar.com\/avatar\/2bb7f1561282132fb5826dfeccc66c7996d11ee392ac6aaf7ced8a1c2027fbb2?s=96&d=mm&r=g","url":"https:\/\/secure.gravatar.com\/avatar\/2bb7f1561282132fb5826dfeccc66c7996d11ee392ac6aaf7ced8a1c2027fbb2?s=96&d=mm&r=g","contentUrl":"https:\/\/secure.gravatar.com\/avatar\/2bb7f1561282132fb5826dfeccc66c7996d11ee392ac6aaf7ced8a1c2027fbb2?s=96&d=mm&r=g","caption":"Pova\u017esk\u00e9 m\u00fazeum"}}]}},"_links":{"self":[{"href":"https:\/\/pmza.sk\/index.php?rest_route=\/wp\/v2\/posts\/9380","targetHints":{"allow":["GET"]}}],"collection":[{"href":"https:\/\/pmza.sk\/index.php?rest_route=\/wp\/v2\/posts"}],"about":[{"href":"https:\/\/pmza.sk\/index.php?rest_route=\/wp\/v2\/types\/post"}],"author":[{"embeddable":true,"href":"https:\/\/pmza.sk\/index.php?rest_route=\/wp\/v2\/users\/2"}],"replies":[{"embeddable":true,"href":"https:\/\/pmza.sk\/index.php?rest_route=%2Fwp%2Fv2%2Fcomments&post=9380"}],"version-history":[{"count":0,"href":"https:\/\/pmza.sk\/index.php?rest_route=\/wp\/v2\/posts\/9380\/revisions"}],"wp:attachment":[{"href":"https:\/\/pmza.sk\/index.php?rest_route=%2Fwp%2Fv2%2Fmedia&parent=9380"}],"wp:term":[{"taxonomy":"category","embeddable":true,"href":"https:\/\/pmza.sk\/index.php?rest_route=%2Fwp%2Fv2%2Fcategories&post=9380"},{"taxonomy":"post_tag","embeddable":true,"href":"https:\/\/pmza.sk\/index.php?rest_route=%2Fwp%2Fv2%2Ftags&post=9380"}],"curies":[{"name":"wp","href":"https:\/\/api.w.org\/{rel}","templated":true}]}}