{"id":9436,"date":"2014-04-02T12:44:34","date_gmt":"2014-04-02T10:44:34","guid":{"rendered":"https:\/\/pmza.sk.sk\/?p=9436"},"modified":"2014-04-02T12:44:34","modified_gmt":"2014-04-02T10:44:34","slug":"cezanne-manet-renoir-a-ini","status":"publish","type":"post","link":"https:\/\/pmza.sk\/?p=9436","title":{"rendered":"C\u00e9zanne, Manet, Renoir a in\u00ed"},"content":{"rendered":"<p><a href=\"https:\/\/pmza.sk\/wp-content\/uploads\/2014\/04\/www-impresionisti-plagat-bez-log-scaled-1.jpg\"><img fetchpriority=\"high\" decoding=\"async\" class=\"alignleft size-medium wp-image-9435\" alt=\"www impresionisti plag\u00e1t bez log\" src=\"https:\/\/pmza.sk.sk\/wp-content\/uploads\/2014\/04\/www-impresionisti-plag\u00e1t-bez-log-220x300.jpg\" width=\"281\" height=\"383\" \/><\/a><strong>C\u00e9zanne,<\/strong><b> Manet, Renoir a in\u00ed <\/b>je n\u00e1zov v\u00fdstavy svetov\u00fdch impresionistov, ktor\u00fa si m\u00f4\u017eete pozrie\u0165 exkluz\u00edvne iba v Budat\u00edne a n\u00e1sledne v Berl\u00edne v\u010faka spolupr\u00e1ci Pova\u017esk\u00e9ho m\u00fazea v \u017diline s gal\u00e9riou Sundermann Fine Art \u2013 W\u00fcrzburg (Nemecko).<\/p>\n<p>Miesto konania: expozi\u010dn\u00e9 priestory are\u00e1lu Budat\u00ednskeho hradu<\/p>\n<p>Vernis\u00e1\u017e: piatok, 25. 4. 2014 o\u00a018:00 h<\/p>\n<p>Trvanie v\u00fdstavy: <strong>26. 4. 2014 \u2013 8. 6. 2014 vr\u00e1tane pondelkov<!--more--><\/strong><\/p>\n<p>&nbsp;<\/p>\n<p>&nbsp;<\/p>\n<p>&nbsp;<\/p>\n<p>Finan\u010dn\u00fd partner:<\/p>\n<p><a href=\"https:\/\/pmza.sk\/wp-content\/uploads\/2014\/04\/ARTS-logo-cierne.jpg\"><img decoding=\"async\" class=\"alignleft size-medium wp-image-9477\" alt=\"ARTS logo cierne\" src=\"https:\/\/pmza.sk.sk\/wp-content\/uploads\/2014\/04\/ARTS-logo-cierne-300x127.jpg\" width=\"300\" height=\"127\" \/><\/a><\/p>\n<p>&nbsp;<\/p>\n<p>&nbsp;<\/p>\n<p>&nbsp;<\/p>\n<p>&nbsp;<\/p>\n<p>&nbsp;<\/p>\n<p>Partneri:<\/p>\n<p><a href=\"https:\/\/pmza.sk\/wp-content\/uploads\/2014\/02\/Palace-hotel-Polom-logo_1.png\"><img decoding=\"async\" class=\"alignleft size-full wp-image-9165\" alt=\"Palace hotel Polom logo_1\" src=\"https:\/\/pmza.sk\/wp-content\/uploads\/2014\/02\/Palace-hotel-Polom-logo_1.png\" width=\"172\" height=\"99\" \/><\/a><\/p>\n<p><a href=\"https:\/\/pmza.sk\/wp-content\/uploads\/2014\/03\/MDS-Povazska-Bystrica_logo_velke.jpg\"><img loading=\"lazy\" decoding=\"async\" class=\"alignleft size-medium wp-image-9275\" alt=\"MDS Pova\u017esk\u00e1 Bystrica_logo_velke\" src=\"https:\/\/pmza.sk.sk\/wp-content\/uploads\/2014\/03\/MDS-Pova\u017esk\u00e1-Bystrica_logo_velke-300x224.jpg\" width=\"117\" height=\"87\" \/><\/a><\/p>\n<p><a href=\"https:\/\/pmza.sk\/wp-content\/uploads\/2014\/03\/11_stanica-nove-logo2.jpg\"><img loading=\"lazy\" decoding=\"async\" class=\"alignleft size-medium wp-image-9266\" alt=\"11_stanica-nove-logo2\" src=\"https:\/\/pmza.sk.sk\/wp-content\/uploads\/2014\/03\/11_stanica-nove-logo2-300x129.jpg\" width=\"138\" height=\"59\" \/><\/a><a href=\"https:\/\/pmza.sk\/wp-content\/uploads\/2014\/03\/artforum1.jpg\"><img loading=\"lazy\" decoding=\"async\" class=\"alignleft size-medium wp-image-9250\" alt=\"artforum(1)\" src=\"https:\/\/pmza.sk.sk\/wp-content\/uploads\/2014\/03\/artforum1-300x50.jpg\" width=\"138\" height=\"23\" \/><\/a><a href=\"https:\/\/pmza.sk\/wp-content\/uploads\/2014\/02\/bigmedia.jpg\"><img loading=\"lazy\" decoding=\"async\" class=\"alignleft size-medium wp-image-9422\" alt=\"bigmedia\" src=\"https:\/\/pmza.sk.sk\/wp-content\/uploads\/2014\/02\/bigmedia-300x67.jpg\" width=\"206\" height=\"46\" \/><\/a><a href=\"https:\/\/pmza.sk\/wp-content\/uploads\/2014\/02\/villa_budatin.jpg\"><img loading=\"lazy\" decoding=\"async\" class=\"alignleft size-medium wp-image-9426\" alt=\"villa_budatin\" src=\"https:\/\/pmza.sk.sk\/wp-content\/uploads\/2014\/02\/villa_budatin-300x216.jpg\" width=\"135\" height=\"97\" \/><\/a><\/p>\n<p>&nbsp;<\/p>\n<p>&nbsp;<\/p>\n<p>&nbsp;<\/p>\n<p>&nbsp;<\/p>\n<p>&nbsp;<\/p>\n<p>Medi\u00e1lni partneri:<\/p>\n<p><a href=\"https:\/\/pmza.sk\/wp-content\/uploads\/2014\/02\/logozilinadnes.png\"><img loading=\"lazy\" decoding=\"async\" class=\"alignleft size-medium wp-image-9098\" alt=\"logozilinadnes\" src=\"https:\/\/pmza.sk.sk\/wp-content\/uploads\/2014\/02\/logozilinadnes-300x125.png\" width=\"140\" height=\"58\" \/><\/a><\/p>\n<p><a href=\"https:\/\/pmza.sk\/wp-content\/uploads\/2014\/03\/TV_FENIX.jpg\"><img loading=\"lazy\" decoding=\"async\" class=\"alignleft size-full wp-image-9288\" alt=\"TV_FENIX\" src=\"https:\/\/pmza.sk\/wp-content\/uploads\/2014\/03\/TV_FENIX.jpg\" width=\"135\" height=\"42\" \/><\/a><\/p>\n<p><a href=\"https:\/\/pmza.sk\/wp-content\/uploads\/2014\/02\/severka-scaled-1.jpg\"><img loading=\"lazy\" decoding=\"async\" class=\"alignleft size-medium wp-image-9159\" alt=\"severka\" src=\"https:\/\/pmza.sk.sk\/wp-content\/uploads\/2014\/02\/severka-300x88.jpg\" width=\"116\" height=\"34\" \/><\/a><\/p>\n<p><a href=\"https:\/\/pmza.sk\/wp-content\/uploads\/2014\/03\/LOGO-SEVER_biele_dsc_logo.jpg\"><img loading=\"lazy\" decoding=\"async\" class=\"alignleft size-medium wp-image-9253\" alt=\"LOGO SEVER_biele_dsc_logo\" src=\"https:\/\/pmza.sk.sk\/wp-content\/uploads\/2014\/03\/LOGO-SEVER_biele_dsc_logo-300x193.jpg\" width=\"139\" height=\"89\" \/><\/a><\/p>\n<p><a href=\"https:\/\/pmza.sk\/wp-content\/uploads\/2014\/02\/MY-ZN_logo.jpg\"><img loading=\"lazy\" decoding=\"async\" class=\"alignleft size-full wp-image-9099\" alt=\"MY \u017dN_logo\" src=\"https:\/\/pmza.sk\/wp-content\/uploads\/2014\/02\/MY-ZN_logo.jpg\" width=\"97\" height=\"76\" \/><\/a><\/p>\n<p>&nbsp;<\/p>\n<p>&nbsp;<\/p>\n<p>&nbsp;<\/p>\n<p><a href=\"https:\/\/pmza.sk\/wp-content\/uploads\/2014\/02\/zilina-sme-sk_logo.jpg\"><img loading=\"lazy\" decoding=\"async\" class=\"alignleft size-full wp-image-9100\" alt=\"zilina sme sk_logo\" src=\"https:\/\/pmza.sk\/wp-content\/uploads\/2014\/02\/zilina-sme-sk_logo.jpg\" width=\"124\" height=\"76\" \/><\/a><\/p>\n<p>&nbsp;<\/p>\n<p>&nbsp;<\/p>\n<p><a href=\"https:\/\/pmza.sk.sk\/wp-content\/uploads\/2010\/06\/zv-logo_krivky1.jpg\"><img loading=\"lazy\" decoding=\"async\" class=\"alignleft size-medium wp-image-8047\" alt=\"\u017eilinsk\u00fd ve\u010dern\u00edk\" src=\"https:\/\/pmza.sk.sk\/wp-content\/uploads\/2010\/06\/zv-logo_krivky1-300x68.jpg\" width=\"133\" height=\"30\" \/><\/a><\/p>\n","protected":false},"excerpt":{"rendered":"<p>C\u00e9zanne, Manet, Renoir a in\u00ed je n\u00e1zov v\u00fdstavy svetov\u00fdch impresionistov, ktor\u00fa si m\u00f4\u017eete pozrie\u0165 exkluz\u00edvne iba v Budat\u00edne a n\u00e1sledne v Berl\u00edne v\u010faka spolupr\u00e1ci Pova\u017esk\u00e9ho m\u00fazea v \u017diline s gal\u00e9riou Sundermann Fine Art \u2013 W\u00fcrzburg (Nemecko). Miesto konania: expozi\u010dn\u00e9 priestory are\u00e1lu Budat\u00ednskeho hradu Vernis\u00e1\u017e: piatok, 25. 4. 2014 o\u00a018:00 h Trvanie v\u00fdstavy: 26. 4. 2014 [&hellip;]<\/p>\n","protected":false},"author":2,"featured_media":0,"comment_status":"closed","ping_status":"closed","sticky":false,"template":"","format":"standard","meta":{"site-sidebar-layout":"default","site-content-layout":"","ast-site-content-layout":"","site-content-style":"default","site-sidebar-style":"default","ast-global-header-display":"","ast-banner-title-visibility":"","ast-main-header-display":"","ast-hfb-above-header-display":"","ast-hfb-below-header-display":"","ast-hfb-mobile-header-display":"","site-post-title":"","ast-breadcrumbs-content":"","ast-featured-img":"","footer-sml-layout":"","theme-transparent-header-meta":"","adv-header-id-meta":"","stick-header-meta":"","header-above-stick-meta":"","header-main-stick-meta":"","header-below-stick-meta":"","astra-migrate-meta-layouts":"default","ast-page-background-enabled":"default","ast-page-background-meta":{"desktop":{"background-color":"var(--ast-global-color-4)","background-image":"","background-repeat":"repeat","background-position":"center center","background-size":"auto","background-attachment":"scroll","background-type":"","background-media":"","overlay-type":"","overlay-color":"","overlay-opacity":"","overlay-gradient":""},"tablet":{"background-color":"","background-image":"","background-repeat":"repeat","background-position":"center center","background-size":"auto","background-attachment":"scroll","background-type":"","background-media":"","overlay-type":"","overlay-color":"","overlay-opacity":"","overlay-gradient":""},"mobile":{"background-color":"","background-image":"","background-repeat":"repeat","background-position":"center center","background-size":"auto","background-attachment":"scroll","background-type":"","background-media":"","overlay-type":"","overlay-color":"","overlay-opacity":"","overlay-gradient":""}},"ast-content-background-meta":{"desktop":{"background-color":"var(--ast-global-color-5)","background-image":"","background-repeat":"repeat","background-position":"center center","background-size":"auto","background-attachment":"scroll","background-type":"","background-media":"","overlay-type":"","overlay-color":"","overlay-opacity":"","overlay-gradient":""},"tablet":{"background-color":"var(--ast-global-color-5)","background-image":"","background-repeat":"repeat","background-position":"center center","background-size":"auto","background-attachment":"scroll","background-type":"","background-media":"","overlay-type":"","overlay-color":"","overlay-opacity":"","overlay-gradient":""},"mobile":{"background-color":"var(--ast-global-color-5)","background-image":"","background-repeat":"repeat","background-position":"center center","background-size":"auto","background-attachment":"scroll","background-type":"","background-media":"","overlay-type":"","overlay-color":"","overlay-opacity":"","overlay-gradient":""}},"footnotes":""},"categories":[36],"tags":[],"class_list":["post-9436","post","type-post","status-publish","format-standard","hentry","category-archiv-2014"],"yoast_head":"<!-- This site is optimized with the Yoast SEO plugin v27.4 - https:\/\/yoast.com\/product\/yoast-seo-wordpress\/ -->\n<title>C\u00e9zanne, Manet, Renoir a in\u00ed - Pova\u017esk\u00e9 m\u00fazeum<\/title>\n<meta name=\"robots\" content=\"index, follow, max-snippet:-1, max-image-preview:large, max-video-preview:-1\" \/>\n<link rel=\"canonical\" href=\"https:\/\/pmza.sk\/?p=9436\" \/>\n<meta property=\"og:locale\" content=\"sk_SK\" \/>\n<meta property=\"og:type\" content=\"article\" \/>\n<meta property=\"og:title\" content=\"C\u00e9zanne, Manet, Renoir a in\u00ed - Pova\u017esk\u00e9 m\u00fazeum\" \/>\n<meta property=\"og:description\" content=\"C\u00e9zanne, Manet, Renoir a in\u00ed je n\u00e1zov v\u00fdstavy svetov\u00fdch impresionistov, ktor\u00fa si m\u00f4\u017eete pozrie\u0165 exkluz\u00edvne iba v Budat\u00edne a n\u00e1sledne v Berl\u00edne v\u010faka spolupr\u00e1ci Pova\u017esk\u00e9ho m\u00fazea v \u017diline s gal\u00e9riou Sundermann Fine Art \u2013 W\u00fcrzburg (Nemecko). Miesto konania: expozi\u010dn\u00e9 priestory are\u00e1lu Budat\u00ednskeho hradu Vernis\u00e1\u017e: piatok, 25. 4. 2014 o\u00a018:00 h Trvanie v\u00fdstavy: 26. 4. 2014 [&hellip;]\" \/>\n<meta property=\"og:url\" content=\"https:\/\/pmza.sk\/?p=9436\" \/>\n<meta property=\"og:site_name\" content=\"Pova\u017esk\u00e9 m\u00fazeum\" \/>\n<meta property=\"article:publisher\" content=\"https:\/\/www.facebook.com\/povazskemuzeum\" \/>\n<meta property=\"article:published_time\" content=\"2014-04-02T10:44:34+00:00\" \/>\n<meta property=\"og:image\" content=\"https:\/\/pmza.sk.sk\/wp-content\/uploads\/2014\/04\/ARTS-logo-cierne-300x127.jpg\" \/>\n<meta name=\"author\" content=\"Pova\u017esk\u00e9 m\u00fazeum\" \/>\n<meta name=\"twitter:card\" content=\"summary_large_image\" \/>\n<meta name=\"twitter:label1\" content=\"Autor\" \/>\n\t<meta name=\"twitter:data1\" content=\"Pova\u017esk\u00e9 m\u00fazeum\" \/>\n<script type=\"application\/ld+json\" class=\"yoast-schema-graph\">{\"@context\":\"https:\\\/\\\/schema.org\",\"@graph\":[{\"@type\":\"Article\",\"@id\":\"https:\\\/\\\/pmza.sk\\\/?p=9436#article\",\"isPartOf\":{\"@id\":\"https:\\\/\\\/pmza.sk\\\/?p=9436\"},\"author\":{\"name\":\"Pova\u017esk\u00e9 m\u00fazeum\",\"@id\":\"https:\\\/\\\/pmza.sk\\\/#\\\/schema\\\/person\\\/595e6a2ce731ea94dcd5d7f50a41ae33\"},\"headline\":\"C\u00e9zanne, Manet, Renoir a in\u00ed\",\"datePublished\":\"2014-04-02T10:44:34+00:00\",\"mainEntityOfPage\":{\"@id\":\"https:\\\/\\\/pmza.sk\\\/?p=9436\"},\"wordCount\":102,\"publisher\":{\"@id\":\"https:\\\/\\\/pmza.sk\\\/#organization\"},\"image\":{\"@id\":\"https:\\\/\\\/pmza.sk\\\/?p=9436#primaryimage\"},\"thumbnailUrl\":\"http:\\\/\\\/pmza.sk.sk\\\/wp-content\\\/uploads\\\/2014\\\/04\\\/ARTS-logo-cierne-300x127.jpg\",\"articleSection\":[\"Arch\u00edv 2014\"],\"inLanguage\":\"sk-SK\"},{\"@type\":\"WebPage\",\"@id\":\"https:\\\/\\\/pmza.sk\\\/?p=9436\",\"url\":\"https:\\\/\\\/pmza.sk\\\/?p=9436\",\"name\":\"C\u00e9zanne, Manet, Renoir a in\u00ed - Pova\u017esk\u00e9 m\u00fazeum\",\"isPartOf\":{\"@id\":\"https:\\\/\\\/pmza.sk\\\/#website\"},\"primaryImageOfPage\":{\"@id\":\"https:\\\/\\\/pmza.sk\\\/?p=9436#primaryimage\"},\"image\":{\"@id\":\"https:\\\/\\\/pmza.sk\\\/?p=9436#primaryimage\"},\"thumbnailUrl\":\"http:\\\/\\\/pmza.sk.sk\\\/wp-content\\\/uploads\\\/2014\\\/04\\\/ARTS-logo-cierne-300x127.jpg\",\"datePublished\":\"2014-04-02T10:44:34+00:00\",\"breadcrumb\":{\"@id\":\"https:\\\/\\\/pmza.sk\\\/?p=9436#breadcrumb\"},\"inLanguage\":\"sk-SK\",\"potentialAction\":[{\"@type\":\"ReadAction\",\"target\":[\"https:\\\/\\\/pmza.sk\\\/?p=9436\"]}]},{\"@type\":\"ImageObject\",\"inLanguage\":\"sk-SK\",\"@id\":\"https:\\\/\\\/pmza.sk\\\/?p=9436#primaryimage\",\"url\":\"http:\\\/\\\/pmza.sk.sk\\\/wp-content\\\/uploads\\\/2014\\\/04\\\/ARTS-logo-cierne-300x127.jpg\",\"contentUrl\":\"http:\\\/\\\/pmza.sk.sk\\\/wp-content\\\/uploads\\\/2014\\\/04\\\/ARTS-logo-cierne-300x127.jpg\"},{\"@type\":\"BreadcrumbList\",\"@id\":\"https:\\\/\\\/pmza.sk\\\/?p=9436#breadcrumb\",\"itemListElement\":[{\"@type\":\"ListItem\",\"position\":1,\"name\":\"Domovsk\u00e1 str\u00e1nka\",\"item\":\"https:\\\/\\\/pmza.sk\\\/\"},{\"@type\":\"ListItem\",\"position\":2,\"name\":\"C\u00e9zanne, Manet, Renoir a in\u00ed\"}]},{\"@type\":\"WebSite\",\"@id\":\"https:\\\/\\\/pmza.sk\\\/#website\",\"url\":\"https:\\\/\\\/pmza.sk\\\/\",\"name\":\"Pova\u017esk\u00e9 m\u00fazeum\",\"description\":\"Pova\u017esk\u00e9 m\u00fazeum v \u017diline je region\u00e1lne m\u00fazeum so s\u00eddlom v Budat\u00edne. Jeho expoz\u00edcie s\u00fa zameran\u00e9 na dejiny slovensk\u00e9ho umenia, kult\u00fary a dopravy.\",\"publisher\":{\"@id\":\"https:\\\/\\\/pmza.sk\\\/#organization\"},\"potentialAction\":[{\"@type\":\"SearchAction\",\"target\":{\"@type\":\"EntryPoint\",\"urlTemplate\":\"https:\\\/\\\/pmza.sk\\\/?s={search_term_string}\"},\"query-input\":{\"@type\":\"PropertyValueSpecification\",\"valueRequired\":true,\"valueName\":\"search_term_string\"}}],\"inLanguage\":\"sk-SK\"},{\"@type\":\"Organization\",\"@id\":\"https:\\\/\\\/pmza.sk\\\/#organization\",\"name\":\"Pova\u017esk\u00e9 m\u00fazeum\",\"url\":\"https:\\\/\\\/pmza.sk\\\/\",\"logo\":{\"@type\":\"ImageObject\",\"inLanguage\":\"sk-SK\",\"@id\":\"https:\\\/\\\/pmza.sk\\\/#\\\/schema\\\/logo\\\/image\\\/\",\"url\":\"https:\\\/\\\/pmza.sk\\\/wp-content\\\/uploads\\\/2022\\\/01\\\/logo_PM_horizontal.jpg\",\"contentUrl\":\"https:\\\/\\\/pmza.sk\\\/wp-content\\\/uploads\\\/2022\\\/01\\\/logo_PM_horizontal.jpg\",\"width\":231,\"height\":142,\"caption\":\"Pova\u017esk\u00e9 m\u00fazeum\"},\"image\":{\"@id\":\"https:\\\/\\\/pmza.sk\\\/#\\\/schema\\\/logo\\\/image\\\/\"},\"sameAs\":[\"https:\\\/\\\/www.facebook.com\\\/povazskemuzeum\",\"https:\\\/\\\/www.instagram.com\\\/povazskemuzeum\\\/\"]},{\"@type\":\"Person\",\"@id\":\"https:\\\/\\\/pmza.sk\\\/#\\\/schema\\\/person\\\/595e6a2ce731ea94dcd5d7f50a41ae33\",\"name\":\"Pova\u017esk\u00e9 m\u00fazeum\",\"image\":{\"@type\":\"ImageObject\",\"inLanguage\":\"sk-SK\",\"@id\":\"https:\\\/\\\/secure.gravatar.com\\\/avatar\\\/2bb7f1561282132fb5826dfeccc66c7996d11ee392ac6aaf7ced8a1c2027fbb2?s=96&d=mm&r=g\",\"url\":\"https:\\\/\\\/secure.gravatar.com\\\/avatar\\\/2bb7f1561282132fb5826dfeccc66c7996d11ee392ac6aaf7ced8a1c2027fbb2?s=96&d=mm&r=g\",\"contentUrl\":\"https:\\\/\\\/secure.gravatar.com\\\/avatar\\\/2bb7f1561282132fb5826dfeccc66c7996d11ee392ac6aaf7ced8a1c2027fbb2?s=96&d=mm&r=g\",\"caption\":\"Pova\u017esk\u00e9 m\u00fazeum\"}}]}<\/script>\n<!-- \/ Yoast SEO plugin. -->","yoast_head_json":{"title":"C\u00e9zanne, Manet, Renoir a in\u00ed - Pova\u017esk\u00e9 m\u00fazeum","robots":{"index":"index","follow":"follow","max-snippet":"max-snippet:-1","max-image-preview":"max-image-preview:large","max-video-preview":"max-video-preview:-1"},"canonical":"https:\/\/pmza.sk\/?p=9436","og_locale":"sk_SK","og_type":"article","og_title":"C\u00e9zanne, Manet, Renoir a in\u00ed - Pova\u017esk\u00e9 m\u00fazeum","og_description":"C\u00e9zanne, Manet, Renoir a in\u00ed je n\u00e1zov v\u00fdstavy svetov\u00fdch impresionistov, ktor\u00fa si m\u00f4\u017eete pozrie\u0165 exkluz\u00edvne iba v Budat\u00edne a n\u00e1sledne v Berl\u00edne v\u010faka spolupr\u00e1ci Pova\u017esk\u00e9ho m\u00fazea v \u017diline s gal\u00e9riou Sundermann Fine Art \u2013 W\u00fcrzburg (Nemecko). Miesto konania: expozi\u010dn\u00e9 priestory are\u00e1lu Budat\u00ednskeho hradu Vernis\u00e1\u017e: piatok, 25. 4. 2014 o\u00a018:00 h Trvanie v\u00fdstavy: 26. 4. 2014 [&hellip;]","og_url":"https:\/\/pmza.sk\/?p=9436","og_site_name":"Pova\u017esk\u00e9 m\u00fazeum","article_publisher":"https:\/\/www.facebook.com\/povazskemuzeum","article_published_time":"2014-04-02T10:44:34+00:00","og_image":[{"url":"https:\/\/pmza.sk.sk\/wp-content\/uploads\/2014\/04\/ARTS-logo-cierne-300x127.jpg","type":"","width":"","height":""}],"author":"Pova\u017esk\u00e9 m\u00fazeum","twitter_card":"summary_large_image","twitter_misc":{"Autor":"Pova\u017esk\u00e9 m\u00fazeum"},"schema":{"@context":"https:\/\/schema.org","@graph":[{"@type":"Article","@id":"https:\/\/pmza.sk\/?p=9436#article","isPartOf":{"@id":"https:\/\/pmza.sk\/?p=9436"},"author":{"name":"Pova\u017esk\u00e9 m\u00fazeum","@id":"https:\/\/pmza.sk\/#\/schema\/person\/595e6a2ce731ea94dcd5d7f50a41ae33"},"headline":"C\u00e9zanne, Manet, Renoir a in\u00ed","datePublished":"2014-04-02T10:44:34+00:00","mainEntityOfPage":{"@id":"https:\/\/pmza.sk\/?p=9436"},"wordCount":102,"publisher":{"@id":"https:\/\/pmza.sk\/#organization"},"image":{"@id":"https:\/\/pmza.sk\/?p=9436#primaryimage"},"thumbnailUrl":"https:\/\/pmza.sk.sk\/wp-content\/uploads\/2014\/04\/ARTS-logo-cierne-300x127.jpg","articleSection":["Arch\u00edv 2014"],"inLanguage":"sk-SK"},{"@type":"WebPage","@id":"https:\/\/pmza.sk\/?p=9436","url":"https:\/\/pmza.sk\/?p=9436","name":"C\u00e9zanne, Manet, Renoir a in\u00ed - Pova\u017esk\u00e9 m\u00fazeum","isPartOf":{"@id":"https:\/\/pmza.sk\/#website"},"primaryImageOfPage":{"@id":"https:\/\/pmza.sk\/?p=9436#primaryimage"},"image":{"@id":"https:\/\/pmza.sk\/?p=9436#primaryimage"},"thumbnailUrl":"https:\/\/pmza.sk.sk\/wp-content\/uploads\/2014\/04\/ARTS-logo-cierne-300x127.jpg","datePublished":"2014-04-02T10:44:34+00:00","breadcrumb":{"@id":"https:\/\/pmza.sk\/?p=9436#breadcrumb"},"inLanguage":"sk-SK","potentialAction":[{"@type":"ReadAction","target":["https:\/\/pmza.sk\/?p=9436"]}]},{"@type":"ImageObject","inLanguage":"sk-SK","@id":"https:\/\/pmza.sk\/?p=9436#primaryimage","url":"https:\/\/pmza.sk.sk\/wp-content\/uploads\/2014\/04\/ARTS-logo-cierne-300x127.jpg","contentUrl":"https:\/\/pmza.sk.sk\/wp-content\/uploads\/2014\/04\/ARTS-logo-cierne-300x127.jpg"},{"@type":"BreadcrumbList","@id":"https:\/\/pmza.sk\/?p=9436#breadcrumb","itemListElement":[{"@type":"ListItem","position":1,"name":"Domovsk\u00e1 str\u00e1nka","item":"https:\/\/pmza.sk\/"},{"@type":"ListItem","position":2,"name":"C\u00e9zanne, Manet, Renoir a in\u00ed"}]},{"@type":"WebSite","@id":"https:\/\/pmza.sk\/#website","url":"https:\/\/pmza.sk\/","name":"Pova\u017esk\u00e9 m\u00fazeum","description":"Pova\u017esk\u00e9 m\u00fazeum v \u017diline je region\u00e1lne m\u00fazeum so s\u00eddlom v Budat\u00edne. Jeho expoz\u00edcie s\u00fa zameran\u00e9 na dejiny slovensk\u00e9ho umenia, kult\u00fary a dopravy.","publisher":{"@id":"https:\/\/pmza.sk\/#organization"},"potentialAction":[{"@type":"SearchAction","target":{"@type":"EntryPoint","urlTemplate":"https:\/\/pmza.sk\/?s={search_term_string}"},"query-input":{"@type":"PropertyValueSpecification","valueRequired":true,"valueName":"search_term_string"}}],"inLanguage":"sk-SK"},{"@type":"Organization","@id":"https:\/\/pmza.sk\/#organization","name":"Pova\u017esk\u00e9 m\u00fazeum","url":"https:\/\/pmza.sk\/","logo":{"@type":"ImageObject","inLanguage":"sk-SK","@id":"https:\/\/pmza.sk\/#\/schema\/logo\/image\/","url":"https:\/\/pmza.sk\/wp-content\/uploads\/2022\/01\/logo_PM_horizontal.jpg","contentUrl":"https:\/\/pmza.sk\/wp-content\/uploads\/2022\/01\/logo_PM_horizontal.jpg","width":231,"height":142,"caption":"Pova\u017esk\u00e9 m\u00fazeum"},"image":{"@id":"https:\/\/pmza.sk\/#\/schema\/logo\/image\/"},"sameAs":["https:\/\/www.facebook.com\/povazskemuzeum","https:\/\/www.instagram.com\/povazskemuzeum\/"]},{"@type":"Person","@id":"https:\/\/pmza.sk\/#\/schema\/person\/595e6a2ce731ea94dcd5d7f50a41ae33","name":"Pova\u017esk\u00e9 m\u00fazeum","image":{"@type":"ImageObject","inLanguage":"sk-SK","@id":"https:\/\/secure.gravatar.com\/avatar\/2bb7f1561282132fb5826dfeccc66c7996d11ee392ac6aaf7ced8a1c2027fbb2?s=96&d=mm&r=g","url":"https:\/\/secure.gravatar.com\/avatar\/2bb7f1561282132fb5826dfeccc66c7996d11ee392ac6aaf7ced8a1c2027fbb2?s=96&d=mm&r=g","contentUrl":"https:\/\/secure.gravatar.com\/avatar\/2bb7f1561282132fb5826dfeccc66c7996d11ee392ac6aaf7ced8a1c2027fbb2?s=96&d=mm&r=g","caption":"Pova\u017esk\u00e9 m\u00fazeum"}}]}},"_links":{"self":[{"href":"https:\/\/pmza.sk\/index.php?rest_route=\/wp\/v2\/posts\/9436","targetHints":{"allow":["GET"]}}],"collection":[{"href":"https:\/\/pmza.sk\/index.php?rest_route=\/wp\/v2\/posts"}],"about":[{"href":"https:\/\/pmza.sk\/index.php?rest_route=\/wp\/v2\/types\/post"}],"author":[{"embeddable":true,"href":"https:\/\/pmza.sk\/index.php?rest_route=\/wp\/v2\/users\/2"}],"replies":[{"embeddable":true,"href":"https:\/\/pmza.sk\/index.php?rest_route=%2Fwp%2Fv2%2Fcomments&post=9436"}],"version-history":[{"count":0,"href":"https:\/\/pmza.sk\/index.php?rest_route=\/wp\/v2\/posts\/9436\/revisions"}],"wp:attachment":[{"href":"https:\/\/pmza.sk\/index.php?rest_route=%2Fwp%2Fv2%2Fmedia&parent=9436"}],"wp:term":[{"taxonomy":"category","embeddable":true,"href":"https:\/\/pmza.sk\/index.php?rest_route=%2Fwp%2Fv2%2Fcategories&post=9436"},{"taxonomy":"post_tag","embeddable":true,"href":"https:\/\/pmza.sk\/index.php?rest_route=%2Fwp%2Fv2%2Ftags&post=9436"}],"curies":[{"name":"wp","href":"https:\/\/api.w.org\/{rel}","templated":true}]}}