{"id":9465,"date":"2014-04-03T10:29:58","date_gmt":"2014-04-03T08:29:58","guid":{"rendered":"https:\/\/pmza.sk.sk\/?p=9465"},"modified":"2014-04-03T10:29:58","modified_gmt":"2014-04-03T08:29:58","slug":"slavnostne-otvarame-muzeum-dopravy-rajecke-teplice","status":"publish","type":"post","link":"https:\/\/pmza.sk\/?p=9465","title":{"rendered":"Sl\u00e1vnostne otv\u00e1rame M\u00fazeum dopravy Rajeck\u00e9 Teplice"},"content":{"rendered":"<p><a href=\"https:\/\/pmza.sk\/wp-content\/uploads\/2014\/04\/26-ZST-Rajecke-Teplice.jpg\"><img decoding=\"async\" class=\"alignleft size-medium wp-image-9461\" alt=\"26-ZST-Rajecke-Teplice\" src=\"https:\/\/pmza.sk.sk\/wp-content\/uploads\/2014\/04\/26-ZST-Rajecke-Teplice-300x129.jpg\" width=\"300\" height=\"129\" \/><\/a>Nad\u0161enci dopravy a\u00a0jej hist\u00f3rie si pr\u00eddu na svoje v\u00a0novom M\u00fazeu dopravy Rajeck\u00e9 Teplice v\u00a0budove \u017eelezni\u010dnej zast\u00e1vky, ktor\u00e9 <strong>11. apr\u00edla 2014 o\u00a015:30 hod.<\/strong> sl\u00e1vnostne otvor\u00ed Pova\u017esk\u00e9 m\u00fazeum v\u00a0\u017diline v\u00a0zria\u010fovate\u013eskej p\u00f4sobnosti \u017dilinsk\u00e9ho samospr\u00e1vneho kraja.<\/p>\n<p>My\u0161lienka vybudova\u0165 m\u00fazeum dopravy v\u00a0\u017diline a\u00a0okol\u00ed vznikla u\u017e v\u00a060. rokoch 20. storo\u010dia. \u017dilina je odprad\u00e1vna cestnou kri\u017eovatkou a\u00a0po postaven\u00ed miestnej \u017eeleznice \u017dilina \u2013 Rajec sa stala aj v\u00fdznamn\u00fdm \u017eelezni\u010dn\u00fdm uzlom. <!--more-->Pres\u00eddlila sem Vysok\u00e1 \u0161kola dopravn\u00e1 a\u00a0\u010fal\u0161ie in\u0161tit\u00facie, ktor\u00fdch predmetom \u010dinnosti je doprava. Preto sa v Pova\u017eskom m\u00fazeu v\u00a0\u017diline za\u010dala systematicky budova\u0165 zbierka expon\u00e1tov z\u00a0oblasti hist\u00f3rie dopravy. Z\u00a0d\u00f4vodu politick\u00fdch vplyvov v\u00a080. rokoch i\u00a0po roku 1989 sa rozvoj tejto oblasti utlmil, av\u0161ak my\u0161lienka vybudovania m\u00fazea dopravy pretrv\u00e1vala. <i>\u201eV\u00a0roku 2009, po\u010das 110. v\u00fdro\u010dia trate \u017dilina \u2013 Rajec, sa zrodila my\u0161lienka vybudova\u0165 m\u00fazeum dopravy v\u00a0budove \u017eelezni\u010dnej zast\u00e1vky Rajeck\u00e9 Teplice. Budova sa u\u017e nieko\u013eko rokov nepou\u017e\u00edvala, ale bola zrekon\u0161truovan\u00e1 a\u00a0jej stani\u010dn\u00e1 hala je ide\u00e1lnym priestorom pre in\u0161tal\u00e1ciu dopravn\u00fdch expon\u00e1tov. Od roku 2010 sme h\u013eadali zdroje na adapt\u00e1ciu priestorov pre m\u00fazeum a\u00a0n\u00e1kup v\u00fdstavn\u00e9ho mobili\u00e1ru. Tie sa podarilo z\u00edska\u0165 a\u017e v\u00a0roku 2013 v\u010faka podpore Ministerstva kult\u00fary Slovenskej republiky a\u00a0sponzorsk\u00fdm darom partnerov zo s\u00fakromn\u00e9ho sektora,\u201c<\/i> povedal autor projektu Mgr. Peter \u0160imko.<\/p>\n<p>N\u00e1v\u0161tevn\u00edci v\u00a0M\u00fazeu dopravy Rajeck\u00e9 Teplice uvidia skuto\u010dn\u00fa \u017eelezni\u010dn\u00fa tra\u0165majstrovsk\u00fa drezinu, techniku pou\u017e\u00edvan\u00fa na \u017eeleznici v\u00a0minulosti \u010di uk\u00e1\u017eku historickej dopravnej kancel\u00e1rie. Pre detsk\u00e9ho n\u00e1v\u0161tevn\u00edka bude mo\u017enos\u0165 zahra\u0165 sa s\u00a0historick\u00fdm modelov\u00fdm ko\u013eajiskom. Toto v\u0161etko bude dop\u013a\u0148a\u0165 mno\u017estvo dvojrozmern\u00e9ho obrazov\u00e9ho materi\u00e1lu, ktor\u00fd napom\u00f4\u017ee n\u00e1v\u0161tevn\u00edkovi v\u00a0kr\u00e1tkosti spozna\u0165 v\u00fdvoj dopravy na celom Slovensku. <i>\u201ePritom v\u0161ak nechceme zabudn\u00fa\u0165 na na\u0161e region\u00e1lne \u0161pecifik\u00e1, nako\u013eko mnoho z\u00edskan\u00fdch predmetov poch\u00e1dza pr\u00e1ve z\u00a0miestnej stanice \u017dilina \u2013 Rajec. Nebud\u00fa ch\u00fdba\u0165 dobov\u00e9 uniformy, sprievodn\u00e9 slovo lektora a\u00a0ob\u010das sfunk\u010dn\u00edme i\u00a0niektor\u00e9 star\u00e9 stroje a\u00a0zariadenia. Ka\u017edoro\u010dne bud\u00fa na trati \u017dilina \u2013 Rajec prem\u00e1va\u0165 historick\u00e9 vlaky, tak ako sa to v\u00a0roku 2013 dialo u\u017e po 4. raz v\u00a0r\u00e1mci podujatia Rajeck\u00e1 An\u010da,<\/i>\u201c<i> <\/i>doplnil P. \u0160imko.<\/p>\n<p>Projekt je spolufinancovan\u00fd z\u00a0Dota\u010dn\u00e9ho syst\u00e9mu Ministerstva kult\u00fary SR, zo zdrojov \u017dSK a\u00a0Pova\u017esk\u00e9ho m\u00fazea v \u017diline.<\/p>\n<p>Ako je na Slovensku zvykom, \u017eiadne dielo nevznikne bez osobn\u00e9ho nad\u0161enia a\u00a0obety autorov my\u0161lienky. A\u00a0to aj v\u00a0\u0161t\u00e1tom dotovanej kult\u00farnej in\u0161tit\u00facii. Chceme v\u0161ak po\u010fakova\u0165 najm\u00e4 v\u0161etk\u00fdm, ktor\u00ed pomohli pri realiz\u00e1cii m\u00fazea, a\u00a0to nielen materi\u00e1lne ale aj jednoduchou podporou my\u0161lienky. Ich men\u00e1 bud\u00fa uveden\u00e9 priamo v\u00a0m\u00fazeu. Z\u00e1rove\u0148 v\u0161ak chceme vyslovi\u0165 \u017eiados\u0165 o\u00a0ak\u00fako\u013evek podporu a\u00a0ocen\u00edme z\u00e1ujem s\u00fakromn\u00fdch zberate\u013eov darova\u0165 alebo zapo\u017ei\u010da\u0165 n\u00e1m \u010fal\u0161ie expon\u00e1ty.<\/p>\n<p><a href=\"https:\/\/pmza.sk\/wp-content\/uploads\/2014\/04\/TepliceXXY_-_kopia.jpg\"><img fetchpriority=\"high\" decoding=\"async\" class=\"alignleft size-medium wp-image-9464\" alt=\"TepliceXXY_-_kopia\" src=\"https:\/\/pmza.sk.sk\/wp-content\/uploads\/2014\/04\/TepliceXXY_-_kopia-300x187.jpg\" width=\"330\" height=\"206\" \/><\/a> <a href=\"https:\/\/pmza.sk\/wp-content\/uploads\/2014\/04\/IMG_5934-scaled-1.jpg\"><img decoding=\"async\" class=\"alignleft size-medium wp-image-9463\" alt=\"IMG_5934\" src=\"https:\/\/pmza.sk.sk\/wp-content\/uploads\/2014\/04\/IMG_5934-200x300.jpg\" width=\"136\" height=\"205\" \/><\/a><\/p>\n<p>&nbsp;<\/p>\n<p>&nbsp;<\/p>\n<p>&nbsp;<\/p>\n<p>&nbsp;<\/p>\n<p>&nbsp;<\/p>\n<p>&nbsp;<\/p>\n<p>&nbsp;<\/p>\n<p>Plag\u00e1t n\u00e1jdete <a href=\"https:\/\/pmza.sk\/wp-content\/uploads\/2014\/04\/Muzeum-dopravy-Rajecke-Teplice_A4_plagat-scaled-1.jpg\">TU<\/a><\/p>\n<p>&nbsp;<\/p>\n<p>&nbsp;<\/p>\n","protected":false},"excerpt":{"rendered":"<p>Nad\u0161enci dopravy a\u00a0jej hist\u00f3rie si pr\u00eddu na svoje v\u00a0novom M\u00fazeu dopravy Rajeck\u00e9 Teplice v\u00a0budove \u017eelezni\u010dnej zast\u00e1vky, ktor\u00e9 11. apr\u00edla 2014 o\u00a015:30 hod. sl\u00e1vnostne otvor\u00ed Pova\u017esk\u00e9 m\u00fazeum v\u00a0\u017diline v\u00a0zria\u010fovate\u013eskej p\u00f4sobnosti \u017dilinsk\u00e9ho samospr\u00e1vneho kraja. My\u0161lienka vybudova\u0165 m\u00fazeum dopravy v\u00a0\u017diline a\u00a0okol\u00ed vznikla u\u017e v\u00a060. rokoch 20. storo\u010dia. \u017dilina je odprad\u00e1vna cestnou kri\u017eovatkou a\u00a0po postaven\u00ed miestnej \u017eeleznice \u017dilina \u2013 [&hellip;]<\/p>\n","protected":false},"author":2,"featured_media":0,"comment_status":"closed","ping_status":"closed","sticky":false,"template":"","format":"standard","meta":{"site-sidebar-layout":"default","site-content-layout":"","ast-site-content-layout":"","site-content-style":"default","site-sidebar-style":"default","ast-global-header-display":"","ast-banner-title-visibility":"","ast-main-header-display":"","ast-hfb-above-header-display":"","ast-hfb-below-header-display":"","ast-hfb-mobile-header-display":"","site-post-title":"","ast-breadcrumbs-content":"","ast-featured-img":"","footer-sml-layout":"","theme-transparent-header-meta":"","adv-header-id-meta":"","stick-header-meta":"","header-above-stick-meta":"","header-main-stick-meta":"","header-below-stick-meta":"","astra-migrate-meta-layouts":"default","ast-page-background-enabled":"default","ast-page-background-meta":{"desktop":{"background-color":"var(--ast-global-color-4)","background-image":"","background-repeat":"repeat","background-position":"center center","background-size":"auto","background-attachment":"scroll","background-type":"","background-media":"","overlay-type":"","overlay-color":"","overlay-opacity":"","overlay-gradient":""},"tablet":{"background-color":"","background-image":"","background-repeat":"repeat","background-position":"center center","background-size":"auto","background-attachment":"scroll","background-type":"","background-media":"","overlay-type":"","overlay-color":"","overlay-opacity":"","overlay-gradient":""},"mobile":{"background-color":"","background-image":"","background-repeat":"repeat","background-position":"center center","background-size":"auto","background-attachment":"scroll","background-type":"","background-media":"","overlay-type":"","overlay-color":"","overlay-opacity":"","overlay-gradient":""}},"ast-content-background-meta":{"desktop":{"background-color":"var(--ast-global-color-5)","background-image":"","background-repeat":"repeat","background-position":"center center","background-size":"auto","background-attachment":"scroll","background-type":"","background-media":"","overlay-type":"","overlay-color":"","overlay-opacity":"","overlay-gradient":""},"tablet":{"background-color":"var(--ast-global-color-5)","background-image":"","background-repeat":"repeat","background-position":"center center","background-size":"auto","background-attachment":"scroll","background-type":"","background-media":"","overlay-type":"","overlay-color":"","overlay-opacity":"","overlay-gradient":""},"mobile":{"background-color":"var(--ast-global-color-5)","background-image":"","background-repeat":"repeat","background-position":"center center","background-size":"auto","background-attachment":"scroll","background-type":"","background-media":"","overlay-type":"","overlay-color":"","overlay-opacity":"","overlay-gradient":""}},"footnotes":""},"categories":[36],"tags":[],"class_list":["post-9465","post","type-post","status-publish","format-standard","hentry","category-archiv-2014"],"yoast_head":"<!-- This site is optimized with the Yoast SEO plugin v27.4 - https:\/\/yoast.com\/product\/yoast-seo-wordpress\/ -->\n<title>Sl\u00e1vnostne otv\u00e1rame M\u00fazeum dopravy Rajeck\u00e9 Teplice - Pova\u017esk\u00e9 m\u00fazeum<\/title>\n<meta name=\"robots\" content=\"index, follow, max-snippet:-1, max-image-preview:large, max-video-preview:-1\" \/>\n<link rel=\"canonical\" href=\"https:\/\/pmza.sk\/?p=9465\" \/>\n<meta property=\"og:locale\" content=\"sk_SK\" \/>\n<meta property=\"og:type\" content=\"article\" \/>\n<meta property=\"og:title\" content=\"Sl\u00e1vnostne otv\u00e1rame M\u00fazeum dopravy Rajeck\u00e9 Teplice - Pova\u017esk\u00e9 m\u00fazeum\" \/>\n<meta property=\"og:description\" content=\"Nad\u0161enci dopravy a\u00a0jej hist\u00f3rie si pr\u00eddu na svoje v\u00a0novom M\u00fazeu dopravy Rajeck\u00e9 Teplice v\u00a0budove \u017eelezni\u010dnej zast\u00e1vky, ktor\u00e9 11. apr\u00edla 2014 o\u00a015:30 hod. sl\u00e1vnostne otvor\u00ed Pova\u017esk\u00e9 m\u00fazeum v\u00a0\u017diline v\u00a0zria\u010fovate\u013eskej p\u00f4sobnosti \u017dilinsk\u00e9ho samospr\u00e1vneho kraja. My\u0161lienka vybudova\u0165 m\u00fazeum dopravy v\u00a0\u017diline a\u00a0okol\u00ed vznikla u\u017e v\u00a060. rokoch 20. storo\u010dia. \u017dilina je odprad\u00e1vna cestnou kri\u017eovatkou a\u00a0po postaven\u00ed miestnej \u017eeleznice \u017dilina \u2013 [&hellip;]\" \/>\n<meta property=\"og:url\" content=\"https:\/\/pmza.sk\/?p=9465\" \/>\n<meta property=\"og:site_name\" content=\"Pova\u017esk\u00e9 m\u00fazeum\" \/>\n<meta property=\"article:publisher\" content=\"https:\/\/www.facebook.com\/povazskemuzeum\" \/>\n<meta property=\"article:published_time\" content=\"2014-04-03T08:29:58+00:00\" \/>\n<meta property=\"og:image\" content=\"https:\/\/pmza.sk.sk\/wp-content\/uploads\/2014\/04\/26-ZST-Rajecke-Teplice-300x129.jpg\" \/>\n<meta name=\"author\" content=\"Pova\u017esk\u00e9 m\u00fazeum\" \/>\n<meta name=\"twitter:card\" content=\"summary_large_image\" \/>\n<meta name=\"twitter:label1\" content=\"Autor\" \/>\n\t<meta name=\"twitter:data1\" content=\"Pova\u017esk\u00e9 m\u00fazeum\" \/>\n\t<meta name=\"twitter:label2\" content=\"Predpokladan\u00fd \u010das \u010d\u00edtania\" \/>\n\t<meta name=\"twitter:data2\" content=\"3 min\u00faty\" \/>\n<script type=\"application\/ld+json\" class=\"yoast-schema-graph\">{\"@context\":\"https:\\\/\\\/schema.org\",\"@graph\":[{\"@type\":\"Article\",\"@id\":\"https:\\\/\\\/pmza.sk\\\/?p=9465#article\",\"isPartOf\":{\"@id\":\"https:\\\/\\\/pmza.sk\\\/?p=9465\"},\"author\":{\"name\":\"Pova\u017esk\u00e9 m\u00fazeum\",\"@id\":\"https:\\\/\\\/pmza.sk\\\/#\\\/schema\\\/person\\\/595e6a2ce731ea94dcd5d7f50a41ae33\"},\"headline\":\"Sl\u00e1vnostne otv\u00e1rame M\u00fazeum dopravy Rajeck\u00e9 Teplice\",\"datePublished\":\"2014-04-03T08:29:58+00:00\",\"mainEntityOfPage\":{\"@id\":\"https:\\\/\\\/pmza.sk\\\/?p=9465\"},\"wordCount\":569,\"publisher\":{\"@id\":\"https:\\\/\\\/pmza.sk\\\/#organization\"},\"image\":{\"@id\":\"https:\\\/\\\/pmza.sk\\\/?p=9465#primaryimage\"},\"thumbnailUrl\":\"http:\\\/\\\/pmza.sk.sk\\\/wp-content\\\/uploads\\\/2014\\\/04\\\/26-ZST-Rajecke-Teplice-300x129.jpg\",\"articleSection\":[\"Arch\u00edv 2014\"],\"inLanguage\":\"sk-SK\"},{\"@type\":\"WebPage\",\"@id\":\"https:\\\/\\\/pmza.sk\\\/?p=9465\",\"url\":\"https:\\\/\\\/pmza.sk\\\/?p=9465\",\"name\":\"Sl\u00e1vnostne otv\u00e1rame M\u00fazeum dopravy Rajeck\u00e9 Teplice - Pova\u017esk\u00e9 m\u00fazeum\",\"isPartOf\":{\"@id\":\"https:\\\/\\\/pmza.sk\\\/#website\"},\"primaryImageOfPage\":{\"@id\":\"https:\\\/\\\/pmza.sk\\\/?p=9465#primaryimage\"},\"image\":{\"@id\":\"https:\\\/\\\/pmza.sk\\\/?p=9465#primaryimage\"},\"thumbnailUrl\":\"http:\\\/\\\/pmza.sk.sk\\\/wp-content\\\/uploads\\\/2014\\\/04\\\/26-ZST-Rajecke-Teplice-300x129.jpg\",\"datePublished\":\"2014-04-03T08:29:58+00:00\",\"breadcrumb\":{\"@id\":\"https:\\\/\\\/pmza.sk\\\/?p=9465#breadcrumb\"},\"inLanguage\":\"sk-SK\",\"potentialAction\":[{\"@type\":\"ReadAction\",\"target\":[\"https:\\\/\\\/pmza.sk\\\/?p=9465\"]}]},{\"@type\":\"ImageObject\",\"inLanguage\":\"sk-SK\",\"@id\":\"https:\\\/\\\/pmza.sk\\\/?p=9465#primaryimage\",\"url\":\"http:\\\/\\\/pmza.sk.sk\\\/wp-content\\\/uploads\\\/2014\\\/04\\\/26-ZST-Rajecke-Teplice-300x129.jpg\",\"contentUrl\":\"http:\\\/\\\/pmza.sk.sk\\\/wp-content\\\/uploads\\\/2014\\\/04\\\/26-ZST-Rajecke-Teplice-300x129.jpg\"},{\"@type\":\"BreadcrumbList\",\"@id\":\"https:\\\/\\\/pmza.sk\\\/?p=9465#breadcrumb\",\"itemListElement\":[{\"@type\":\"ListItem\",\"position\":1,\"name\":\"Domovsk\u00e1 str\u00e1nka\",\"item\":\"https:\\\/\\\/pmza.sk\\\/\"},{\"@type\":\"ListItem\",\"position\":2,\"name\":\"Sl\u00e1vnostne otv\u00e1rame M\u00fazeum dopravy Rajeck\u00e9 Teplice\"}]},{\"@type\":\"WebSite\",\"@id\":\"https:\\\/\\\/pmza.sk\\\/#website\",\"url\":\"https:\\\/\\\/pmza.sk\\\/\",\"name\":\"Pova\u017esk\u00e9 m\u00fazeum\",\"description\":\"Pova\u017esk\u00e9 m\u00fazeum v \u017diline je region\u00e1lne m\u00fazeum so s\u00eddlom v Budat\u00edne. Jeho expoz\u00edcie s\u00fa zameran\u00e9 na dejiny slovensk\u00e9ho umenia, kult\u00fary a dopravy.\",\"publisher\":{\"@id\":\"https:\\\/\\\/pmza.sk\\\/#organization\"},\"potentialAction\":[{\"@type\":\"SearchAction\",\"target\":{\"@type\":\"EntryPoint\",\"urlTemplate\":\"https:\\\/\\\/pmza.sk\\\/?s={search_term_string}\"},\"query-input\":{\"@type\":\"PropertyValueSpecification\",\"valueRequired\":true,\"valueName\":\"search_term_string\"}}],\"inLanguage\":\"sk-SK\"},{\"@type\":\"Organization\",\"@id\":\"https:\\\/\\\/pmza.sk\\\/#organization\",\"name\":\"Pova\u017esk\u00e9 m\u00fazeum\",\"url\":\"https:\\\/\\\/pmza.sk\\\/\",\"logo\":{\"@type\":\"ImageObject\",\"inLanguage\":\"sk-SK\",\"@id\":\"https:\\\/\\\/pmza.sk\\\/#\\\/schema\\\/logo\\\/image\\\/\",\"url\":\"https:\\\/\\\/pmza.sk\\\/wp-content\\\/uploads\\\/2022\\\/01\\\/logo_PM_horizontal.jpg\",\"contentUrl\":\"https:\\\/\\\/pmza.sk\\\/wp-content\\\/uploads\\\/2022\\\/01\\\/logo_PM_horizontal.jpg\",\"width\":231,\"height\":142,\"caption\":\"Pova\u017esk\u00e9 m\u00fazeum\"},\"image\":{\"@id\":\"https:\\\/\\\/pmza.sk\\\/#\\\/schema\\\/logo\\\/image\\\/\"},\"sameAs\":[\"https:\\\/\\\/www.facebook.com\\\/povazskemuzeum\",\"https:\\\/\\\/www.instagram.com\\\/povazskemuzeum\\\/\"]},{\"@type\":\"Person\",\"@id\":\"https:\\\/\\\/pmza.sk\\\/#\\\/schema\\\/person\\\/595e6a2ce731ea94dcd5d7f50a41ae33\",\"name\":\"Pova\u017esk\u00e9 m\u00fazeum\",\"image\":{\"@type\":\"ImageObject\",\"inLanguage\":\"sk-SK\",\"@id\":\"https:\\\/\\\/secure.gravatar.com\\\/avatar\\\/2bb7f1561282132fb5826dfeccc66c7996d11ee392ac6aaf7ced8a1c2027fbb2?s=96&d=mm&r=g\",\"url\":\"https:\\\/\\\/secure.gravatar.com\\\/avatar\\\/2bb7f1561282132fb5826dfeccc66c7996d11ee392ac6aaf7ced8a1c2027fbb2?s=96&d=mm&r=g\",\"contentUrl\":\"https:\\\/\\\/secure.gravatar.com\\\/avatar\\\/2bb7f1561282132fb5826dfeccc66c7996d11ee392ac6aaf7ced8a1c2027fbb2?s=96&d=mm&r=g\",\"caption\":\"Pova\u017esk\u00e9 m\u00fazeum\"}}]}<\/script>\n<!-- \/ Yoast SEO plugin. -->","yoast_head_json":{"title":"Sl\u00e1vnostne otv\u00e1rame M\u00fazeum dopravy Rajeck\u00e9 Teplice - Pova\u017esk\u00e9 m\u00fazeum","robots":{"index":"index","follow":"follow","max-snippet":"max-snippet:-1","max-image-preview":"max-image-preview:large","max-video-preview":"max-video-preview:-1"},"canonical":"https:\/\/pmza.sk\/?p=9465","og_locale":"sk_SK","og_type":"article","og_title":"Sl\u00e1vnostne otv\u00e1rame M\u00fazeum dopravy Rajeck\u00e9 Teplice - Pova\u017esk\u00e9 m\u00fazeum","og_description":"Nad\u0161enci dopravy a\u00a0jej hist\u00f3rie si pr\u00eddu na svoje v\u00a0novom M\u00fazeu dopravy Rajeck\u00e9 Teplice v\u00a0budove \u017eelezni\u010dnej zast\u00e1vky, ktor\u00e9 11. apr\u00edla 2014 o\u00a015:30 hod. sl\u00e1vnostne otvor\u00ed Pova\u017esk\u00e9 m\u00fazeum v\u00a0\u017diline v\u00a0zria\u010fovate\u013eskej p\u00f4sobnosti \u017dilinsk\u00e9ho samospr\u00e1vneho kraja. My\u0161lienka vybudova\u0165 m\u00fazeum dopravy v\u00a0\u017diline a\u00a0okol\u00ed vznikla u\u017e v\u00a060. rokoch 20. storo\u010dia. \u017dilina je odprad\u00e1vna cestnou kri\u017eovatkou a\u00a0po postaven\u00ed miestnej \u017eeleznice \u017dilina \u2013 [&hellip;]","og_url":"https:\/\/pmza.sk\/?p=9465","og_site_name":"Pova\u017esk\u00e9 m\u00fazeum","article_publisher":"https:\/\/www.facebook.com\/povazskemuzeum","article_published_time":"2014-04-03T08:29:58+00:00","og_image":[{"url":"https:\/\/pmza.sk.sk\/wp-content\/uploads\/2014\/04\/26-ZST-Rajecke-Teplice-300x129.jpg","type":"","width":"","height":""}],"author":"Pova\u017esk\u00e9 m\u00fazeum","twitter_card":"summary_large_image","twitter_misc":{"Autor":"Pova\u017esk\u00e9 m\u00fazeum","Predpokladan\u00fd \u010das \u010d\u00edtania":"3 min\u00faty"},"schema":{"@context":"https:\/\/schema.org","@graph":[{"@type":"Article","@id":"https:\/\/pmza.sk\/?p=9465#article","isPartOf":{"@id":"https:\/\/pmza.sk\/?p=9465"},"author":{"name":"Pova\u017esk\u00e9 m\u00fazeum","@id":"https:\/\/pmza.sk\/#\/schema\/person\/595e6a2ce731ea94dcd5d7f50a41ae33"},"headline":"Sl\u00e1vnostne otv\u00e1rame M\u00fazeum dopravy Rajeck\u00e9 Teplice","datePublished":"2014-04-03T08:29:58+00:00","mainEntityOfPage":{"@id":"https:\/\/pmza.sk\/?p=9465"},"wordCount":569,"publisher":{"@id":"https:\/\/pmza.sk\/#organization"},"image":{"@id":"https:\/\/pmza.sk\/?p=9465#primaryimage"},"thumbnailUrl":"https:\/\/pmza.sk.sk\/wp-content\/uploads\/2014\/04\/26-ZST-Rajecke-Teplice-300x129.jpg","articleSection":["Arch\u00edv 2014"],"inLanguage":"sk-SK"},{"@type":"WebPage","@id":"https:\/\/pmza.sk\/?p=9465","url":"https:\/\/pmza.sk\/?p=9465","name":"Sl\u00e1vnostne otv\u00e1rame M\u00fazeum dopravy Rajeck\u00e9 Teplice - Pova\u017esk\u00e9 m\u00fazeum","isPartOf":{"@id":"https:\/\/pmza.sk\/#website"},"primaryImageOfPage":{"@id":"https:\/\/pmza.sk\/?p=9465#primaryimage"},"image":{"@id":"https:\/\/pmza.sk\/?p=9465#primaryimage"},"thumbnailUrl":"https:\/\/pmza.sk.sk\/wp-content\/uploads\/2014\/04\/26-ZST-Rajecke-Teplice-300x129.jpg","datePublished":"2014-04-03T08:29:58+00:00","breadcrumb":{"@id":"https:\/\/pmza.sk\/?p=9465#breadcrumb"},"inLanguage":"sk-SK","potentialAction":[{"@type":"ReadAction","target":["https:\/\/pmza.sk\/?p=9465"]}]},{"@type":"ImageObject","inLanguage":"sk-SK","@id":"https:\/\/pmza.sk\/?p=9465#primaryimage","url":"https:\/\/pmza.sk.sk\/wp-content\/uploads\/2014\/04\/26-ZST-Rajecke-Teplice-300x129.jpg","contentUrl":"https:\/\/pmza.sk.sk\/wp-content\/uploads\/2014\/04\/26-ZST-Rajecke-Teplice-300x129.jpg"},{"@type":"BreadcrumbList","@id":"https:\/\/pmza.sk\/?p=9465#breadcrumb","itemListElement":[{"@type":"ListItem","position":1,"name":"Domovsk\u00e1 str\u00e1nka","item":"https:\/\/pmza.sk\/"},{"@type":"ListItem","position":2,"name":"Sl\u00e1vnostne otv\u00e1rame M\u00fazeum dopravy Rajeck\u00e9 Teplice"}]},{"@type":"WebSite","@id":"https:\/\/pmza.sk\/#website","url":"https:\/\/pmza.sk\/","name":"Pova\u017esk\u00e9 m\u00fazeum","description":"Pova\u017esk\u00e9 m\u00fazeum v \u017diline je region\u00e1lne m\u00fazeum so s\u00eddlom v Budat\u00edne. Jeho expoz\u00edcie s\u00fa zameran\u00e9 na dejiny slovensk\u00e9ho umenia, kult\u00fary a dopravy.","publisher":{"@id":"https:\/\/pmza.sk\/#organization"},"potentialAction":[{"@type":"SearchAction","target":{"@type":"EntryPoint","urlTemplate":"https:\/\/pmza.sk\/?s={search_term_string}"},"query-input":{"@type":"PropertyValueSpecification","valueRequired":true,"valueName":"search_term_string"}}],"inLanguage":"sk-SK"},{"@type":"Organization","@id":"https:\/\/pmza.sk\/#organization","name":"Pova\u017esk\u00e9 m\u00fazeum","url":"https:\/\/pmza.sk\/","logo":{"@type":"ImageObject","inLanguage":"sk-SK","@id":"https:\/\/pmza.sk\/#\/schema\/logo\/image\/","url":"https:\/\/pmza.sk\/wp-content\/uploads\/2022\/01\/logo_PM_horizontal.jpg","contentUrl":"https:\/\/pmza.sk\/wp-content\/uploads\/2022\/01\/logo_PM_horizontal.jpg","width":231,"height":142,"caption":"Pova\u017esk\u00e9 m\u00fazeum"},"image":{"@id":"https:\/\/pmza.sk\/#\/schema\/logo\/image\/"},"sameAs":["https:\/\/www.facebook.com\/povazskemuzeum","https:\/\/www.instagram.com\/povazskemuzeum\/"]},{"@type":"Person","@id":"https:\/\/pmza.sk\/#\/schema\/person\/595e6a2ce731ea94dcd5d7f50a41ae33","name":"Pova\u017esk\u00e9 m\u00fazeum","image":{"@type":"ImageObject","inLanguage":"sk-SK","@id":"https:\/\/secure.gravatar.com\/avatar\/2bb7f1561282132fb5826dfeccc66c7996d11ee392ac6aaf7ced8a1c2027fbb2?s=96&d=mm&r=g","url":"https:\/\/secure.gravatar.com\/avatar\/2bb7f1561282132fb5826dfeccc66c7996d11ee392ac6aaf7ced8a1c2027fbb2?s=96&d=mm&r=g","contentUrl":"https:\/\/secure.gravatar.com\/avatar\/2bb7f1561282132fb5826dfeccc66c7996d11ee392ac6aaf7ced8a1c2027fbb2?s=96&d=mm&r=g","caption":"Pova\u017esk\u00e9 m\u00fazeum"}}]}},"_links":{"self":[{"href":"https:\/\/pmza.sk\/index.php?rest_route=\/wp\/v2\/posts\/9465","targetHints":{"allow":["GET"]}}],"collection":[{"href":"https:\/\/pmza.sk\/index.php?rest_route=\/wp\/v2\/posts"}],"about":[{"href":"https:\/\/pmza.sk\/index.php?rest_route=\/wp\/v2\/types\/post"}],"author":[{"embeddable":true,"href":"https:\/\/pmza.sk\/index.php?rest_route=\/wp\/v2\/users\/2"}],"replies":[{"embeddable":true,"href":"https:\/\/pmza.sk\/index.php?rest_route=%2Fwp%2Fv2%2Fcomments&post=9465"}],"version-history":[{"count":0,"href":"https:\/\/pmza.sk\/index.php?rest_route=\/wp\/v2\/posts\/9465\/revisions"}],"wp:attachment":[{"href":"https:\/\/pmza.sk\/index.php?rest_route=%2Fwp%2Fv2%2Fmedia&parent=9465"}],"wp:term":[{"taxonomy":"category","embeddable":true,"href":"https:\/\/pmza.sk\/index.php?rest_route=%2Fwp%2Fv2%2Fcategories&post=9465"},{"taxonomy":"post_tag","embeddable":true,"href":"https:\/\/pmza.sk\/index.php?rest_route=%2Fwp%2Fv2%2Ftags&post=9465"}],"curies":[{"name":"wp","href":"https:\/\/api.w.org\/{rel}","templated":true}]}}