{"id":9493,"date":"2014-04-08T12:11:16","date_gmt":"2014-04-08T10:11:16","guid":{"rendered":"https:\/\/pmza.sk.sk\/?p=9493"},"modified":"2014-04-08T12:11:16","modified_gmt":"2014-04-08T10:11:16","slug":"hradna-skola-2014","status":"publish","type":"post","link":"https:\/\/pmza.sk\/?p=9493","title":{"rendered":"Hradn\u00e1 \u0161kola 2014"},"content":{"rendered":"<p><a href=\"https:\/\/pmza.sk\/wp-content\/uploads\/2014\/04\/HS_2013_1.jpg\"><img fetchpriority=\"high\" decoding=\"async\" class=\"alignleft size-medium wp-image-9496\" alt=\"H\u0160_2013_1\" src=\"https:\/\/pmza.sk.sk\/wp-content\/uploads\/2014\/04\/H\u0160_2013_1-300x200.jpg\" width=\"300\" height=\"200\" \/><\/a> Aj tento rok n\u00e1m u\u017e na hradn\u00fa br\u00e1nu klope jedno z\u00a0najatrakt\u00edvnej\u0161\u00edch podujat\u00ed Pova\u017esk\u00e9ho m\u00fazea v\u00a0\u017diline, ktor\u00e9 je ur\u010den\u00e9 \u017eiakom z\u00e1kladn\u00fdch \u0161k\u00f4l. U\u017e po 12.-kr\u00e1t sa po\u010das Hradnej \u0161koly na hrade Stre\u010dno \u017eiaci z\u00e1kladn\u00fdch \u0161k\u00f4l zozn\u00e1mia so zauj\u00edmavou pr\u00e1cou odborn\u00fdch pracovn\u00edkov Pova\u017esk\u00e9ho m\u00fazea, ktor\u00ed ich interakt\u00edvnou formou vzdel\u00e1vania zasv\u00e4tia do tajomstiev re\u0161taurovania, preparovania a\u00a0historick\u00e9ho b\u00e1dania.<\/p>\n<p><i>\u201eHradn\u00e1 \u0161kola je jedn\u00fdm z\u00a0na\u0161ich najlukrat\u00edvnej\u0161\u00edch podujat\u00ed pre \u0161koly. <!--more-->Tento rok u\u017e od febru\u00e1ra evidujeme rezerv\u00e1cie \u0161k\u00f4l, ktor\u00fdm je toto podujatie z\u00a0minul\u00fdch \u00faspe\u0161n\u00fdch ro\u010dn\u00edkov dobre zn\u00e1me. Na\u0161\u00edm cie\u013eom je zatrakt\u00edvni\u0165 vzdel\u00e1vanie hravou formou pre \u017eiakov. Te\u0161\u00ed n\u00e1s ve\u013ek\u00e1 \u00fa\u010das\u0165 a\u00a0z\u00e1ujem \u0161k\u00f4l o\u00a0m\u00fazejn\u00fa pedagogiku,\u201c<\/i> uviedol Ladislav Cimer\u00e1k, riadite\u013e Pova\u017esk\u00e9ho m\u00fazea v\u00a0\u017diline.<\/p>\n<p>Tento rok po\u010das Hradnej \u0161koly bud\u00fa m\u00f4c\u0165 \u017eiaci nav\u0161t\u00edvi\u0165 v\u00fdstavu Spevavce \u2013 vrabcotvar\u00e9 vt\u00e1ky Malej Fatry, jednu z\u00a0\u010fal\u0161\u00edch s\u00e9ri\u00ed zoologick\u00fdch v\u00fdstav venovan\u00fa problematike na\u0161ich operencov. <i>\u201eSpevavce sa pova\u017euj\u00fa za <\/i><i>najvyvinutej\u0161\u00ed rad vt\u00e1kov, v\u010faka schopnosti vytv\u00e1ra\u0165 zlo\u017eit\u00e9 hlasov\u00e9 prejavy. Pomocou hlasov\u00e9ho org\u00e1nu naz\u00fdvan\u00e9ho syrinx, maj\u00fa v\u00fdborn\u00fa kontrolu nad hlasom. Spevom si vyzna\u010duj\u00fa terit\u00f3rium, v\u00a0ktorom \u017eij\u00fa. Spev je u\u00a0niektor\u00fdch vroden\u00fd, alebo sa ho m\u00f4\u017eu nau\u010di\u0165 i\u00a0napodob\u0148ovan\u00edm. Spevavce s\u00fa schopn\u00e9 posed\u00e1va\u0165 na vyv\u00fd\u0161en\u00fdch miestach, preto\u017ee maj\u00fa v\u00fdnimo\u010dn\u00fd typ n\u00f4h, ktor\u00fd im umo\u017e\u0148uje uchopi\u0165 i\u00a0najten\u0161ie kon\u00e1re, hoci niektor\u00e9 z\u00a0nich \u017eij\u00fa predov\u0161etk\u00fdm na zemi. V\u00fdstava bude spr\u00edstupnen\u00e1 verejnosti od 15. apr\u00edla do 25. j\u00fana 2014,\u201c <\/i>predstavila svoju v\u00fdstavu zoologi\u010dka M\u00e1ria Adamov\u00e1.<\/p>\n<p>Hradn\u00e1 \u0161kola je tento rok obohaten\u00e1 o\u00a0n\u00e1v\u0161tevu Stredovekej dediny Paseka, kde \u017eiaci m\u00f4\u017eu nav\u0161t\u00edvi\u0165 dom ryb\u00e1ra, pek\u00e1ra, lie\u010dite\u013eky a \u00fatul\u0148u pre p\u00fatnikov. V are\u00e1li sa tie\u017e nach\u00e1dza ohnisko, 2 studne, javisko a detsk\u00e9 ihrisko.<\/p>\n<p>Podujatie Hradn\u00e1 \u0161kola je len pre vopred objednan\u00e9 skupiny. Za\u010d\u00edname u\u017e 27. m\u00e1ja a potom n\u00e1sledne ka\u017ed\u00fd j\u00fanov\u00fd utorok. Organiz\u00e1torom je Pova\u017esk\u00e9 m\u00fazeum v \u017diline v zria\u010fovate\u013eskej p\u00f4sobnosti \u017dilinsk\u00e9ho samospr\u00e1vneho kraja.<\/p>\n<p>V\u00a0pr\u00edpade z\u00e1ujmu je potrebn\u00e9 sa vopred objedna\u0165 a\u00a0rezervova\u0165 si term\u00edn: <a href=\"mailto:lukacsova@pmza.sk\">lukacsova@pmza.sk<\/a>, alebo na \u010d\u00edsle 0917 868 538<\/p>\n<p>TERM\u00cdNY:<\/p>\n<p><strong>27. 5.<\/strong><\/p>\n<p><strong>OBSADEN\u00c9<\/strong><\/p>\n<p><strong>3. 6. <\/strong><\/p>\n<p><strong>OBSADEN\u00c9<\/strong><\/p>\n<p><strong>10. 6.<\/strong><\/p>\n<p><strong>OBSADEN\u00c9<\/strong><\/p>\n<p><strong>17. 6.<\/strong><\/p>\n<p>11:30<\/p>\n<p><strong>24. 6.<\/strong><\/p>\n<p><strong>OBSADEN\u00c9<\/strong><\/p>\n<p>&nbsp;<\/p>\n<p>Fotogal\u00e9ria <a href=\"https:\/\/pmza.sk.sk\/foto-mdd\/?album=84\">TU<\/a><\/p>\n<p>&nbsp;<\/p>\n<p><a href=\"https:\/\/pmza.sk\/wp-content\/uploads\/2014\/04\/HS_2013_2.jpg\"><img decoding=\"async\" class=\"alignleft size-medium wp-image-9497\" alt=\"H\u0160_2013_2\" src=\"https:\/\/pmza.sk.sk\/wp-content\/uploads\/2014\/04\/H\u0160_2013_2-300x200.jpg\" width=\"280\" height=\"186\" \/><\/a><\/p>\n<p>\u00a0<a href=\"https:\/\/pmza.sk\/wp-content\/uploads\/2014\/04\/HS_2013_3.jpg\"><img decoding=\"async\" class=\"alignleft size-medium wp-image-9495\" alt=\"H\u0160_2013_3\" src=\"https:\/\/pmza.sk.sk\/wp-content\/uploads\/2014\/04\/H\u0160_2013_3-300x200.jpg\" width=\"280\" height=\"186\" \/><\/a><\/p>\n<p>&nbsp;<\/p>\n<p>&nbsp;<\/p>\n<p>&nbsp;<\/p>\n<p>&nbsp;<\/p>\n<p>&nbsp;<\/p>\n<p>&nbsp;<\/p>\n","protected":false},"excerpt":{"rendered":"<p>Aj tento rok n\u00e1m u\u017e na hradn\u00fa br\u00e1nu klope jedno z\u00a0najatrakt\u00edvnej\u0161\u00edch podujat\u00ed Pova\u017esk\u00e9ho m\u00fazea v\u00a0\u017diline, ktor\u00e9 je ur\u010den\u00e9 \u017eiakom z\u00e1kladn\u00fdch \u0161k\u00f4l. U\u017e po 12.-kr\u00e1t sa po\u010das Hradnej \u0161koly na hrade Stre\u010dno \u017eiaci z\u00e1kladn\u00fdch \u0161k\u00f4l zozn\u00e1mia so zauj\u00edmavou pr\u00e1cou odborn\u00fdch pracovn\u00edkov Pova\u017esk\u00e9ho m\u00fazea, ktor\u00ed ich interakt\u00edvnou formou vzdel\u00e1vania zasv\u00e4tia do tajomstiev re\u0161taurovania, preparovania a\u00a0historick\u00e9ho b\u00e1dania. \u201eHradn\u00e1 [&hellip;]<\/p>\n","protected":false},"author":2,"featured_media":0,"comment_status":"closed","ping_status":"closed","sticky":false,"template":"","format":"standard","meta":{"site-sidebar-layout":"default","site-content-layout":"","ast-site-content-layout":"","site-content-style":"default","site-sidebar-style":"default","ast-global-header-display":"","ast-banner-title-visibility":"","ast-main-header-display":"","ast-hfb-above-header-display":"","ast-hfb-below-header-display":"","ast-hfb-mobile-header-display":"","site-post-title":"","ast-breadcrumbs-content":"","ast-featured-img":"","footer-sml-layout":"","theme-transparent-header-meta":"","adv-header-id-meta":"","stick-header-meta":"","header-above-stick-meta":"","header-main-stick-meta":"","header-below-stick-meta":"","astra-migrate-meta-layouts":"default","ast-page-background-enabled":"default","ast-page-background-meta":{"desktop":{"background-color":"var(--ast-global-color-4)","background-image":"","background-repeat":"repeat","background-position":"center center","background-size":"auto","background-attachment":"scroll","background-type":"","background-media":"","overlay-type":"","overlay-color":"","overlay-opacity":"","overlay-gradient":""},"tablet":{"background-color":"","background-image":"","background-repeat":"repeat","background-position":"center center","background-size":"auto","background-attachment":"scroll","background-type":"","background-media":"","overlay-type":"","overlay-color":"","overlay-opacity":"","overlay-gradient":""},"mobile":{"background-color":"","background-image":"","background-repeat":"repeat","background-position":"center center","background-size":"auto","background-attachment":"scroll","background-type":"","background-media":"","overlay-type":"","overlay-color":"","overlay-opacity":"","overlay-gradient":""}},"ast-content-background-meta":{"desktop":{"background-color":"var(--ast-global-color-5)","background-image":"","background-repeat":"repeat","background-position":"center center","background-size":"auto","background-attachment":"scroll","background-type":"","background-media":"","overlay-type":"","overlay-color":"","overlay-opacity":"","overlay-gradient":""},"tablet":{"background-color":"var(--ast-global-color-5)","background-image":"","background-repeat":"repeat","background-position":"center center","background-size":"auto","background-attachment":"scroll","background-type":"","background-media":"","overlay-type":"","overlay-color":"","overlay-opacity":"","overlay-gradient":""},"mobile":{"background-color":"var(--ast-global-color-5)","background-image":"","background-repeat":"repeat","background-position":"center center","background-size":"auto","background-attachment":"scroll","background-type":"","background-media":"","overlay-type":"","overlay-color":"","overlay-opacity":"","overlay-gradient":""}},"footnotes":""},"categories":[36],"tags":[],"class_list":["post-9493","post","type-post","status-publish","format-standard","hentry","category-archiv-2014"],"yoast_head":"<!-- This site is optimized with the Yoast SEO plugin v27.4 - https:\/\/yoast.com\/product\/yoast-seo-wordpress\/ -->\n<title>Hradn\u00e1 \u0161kola 2014 - Pova\u017esk\u00e9 m\u00fazeum<\/title>\n<meta name=\"robots\" content=\"index, follow, max-snippet:-1, max-image-preview:large, max-video-preview:-1\" \/>\n<link rel=\"canonical\" href=\"https:\/\/pmza.sk\/?p=9493\" \/>\n<meta property=\"og:locale\" content=\"sk_SK\" \/>\n<meta property=\"og:type\" content=\"article\" \/>\n<meta property=\"og:title\" content=\"Hradn\u00e1 \u0161kola 2014 - Pova\u017esk\u00e9 m\u00fazeum\" \/>\n<meta property=\"og:description\" content=\"Aj tento rok n\u00e1m u\u017e na hradn\u00fa br\u00e1nu klope jedno z\u00a0najatrakt\u00edvnej\u0161\u00edch podujat\u00ed Pova\u017esk\u00e9ho m\u00fazea v\u00a0\u017diline, ktor\u00e9 je ur\u010den\u00e9 \u017eiakom z\u00e1kladn\u00fdch \u0161k\u00f4l. U\u017e po 12.-kr\u00e1t sa po\u010das Hradnej \u0161koly na hrade Stre\u010dno \u017eiaci z\u00e1kladn\u00fdch \u0161k\u00f4l zozn\u00e1mia so zauj\u00edmavou pr\u00e1cou odborn\u00fdch pracovn\u00edkov Pova\u017esk\u00e9ho m\u00fazea, ktor\u00ed ich interakt\u00edvnou formou vzdel\u00e1vania zasv\u00e4tia do tajomstiev re\u0161taurovania, preparovania a\u00a0historick\u00e9ho b\u00e1dania. \u201eHradn\u00e1 [&hellip;]\" \/>\n<meta property=\"og:url\" content=\"https:\/\/pmza.sk\/?p=9493\" \/>\n<meta property=\"og:site_name\" content=\"Pova\u017esk\u00e9 m\u00fazeum\" \/>\n<meta property=\"article:publisher\" content=\"https:\/\/www.facebook.com\/povazskemuzeum\" \/>\n<meta property=\"article:published_time\" content=\"2014-04-08T10:11:16+00:00\" \/>\n<meta name=\"author\" content=\"Pova\u017esk\u00e9 m\u00fazeum\" \/>\n<meta name=\"twitter:card\" content=\"summary_large_image\" \/>\n<meta name=\"twitter:label1\" content=\"Autor\" \/>\n\t<meta name=\"twitter:data1\" content=\"Pova\u017esk\u00e9 m\u00fazeum\" \/>\n\t<meta name=\"twitter:label2\" content=\"Predpokladan\u00fd \u010das \u010d\u00edtania\" \/>\n\t<meta name=\"twitter:data2\" content=\"2 min\u00faty\" \/>\n<script type=\"application\/ld+json\" class=\"yoast-schema-graph\">{\"@context\":\"https:\\\/\\\/schema.org\",\"@graph\":[{\"@type\":\"Article\",\"@id\":\"https:\\\/\\\/pmza.sk\\\/?p=9493#article\",\"isPartOf\":{\"@id\":\"https:\\\/\\\/pmza.sk\\\/?p=9493\"},\"author\":{\"name\":\"Pova\u017esk\u00e9 m\u00fazeum\",\"@id\":\"https:\\\/\\\/pmza.sk\\\/#\\\/schema\\\/person\\\/595e6a2ce731ea94dcd5d7f50a41ae33\"},\"headline\":\"Hradn\u00e1 \u0161kola 2014\",\"datePublished\":\"2014-04-08T10:11:16+00:00\",\"mainEntityOfPage\":{\"@id\":\"https:\\\/\\\/pmza.sk\\\/?p=9493\"},\"wordCount\":455,\"publisher\":{\"@id\":\"https:\\\/\\\/pmza.sk\\\/#organization\"},\"articleSection\":[\"Arch\u00edv 2014\"],\"inLanguage\":\"sk-SK\"},{\"@type\":\"WebPage\",\"@id\":\"https:\\\/\\\/pmza.sk\\\/?p=9493\",\"url\":\"https:\\\/\\\/pmza.sk\\\/?p=9493\",\"name\":\"Hradn\u00e1 \u0161kola 2014 - Pova\u017esk\u00e9 m\u00fazeum\",\"isPartOf\":{\"@id\":\"https:\\\/\\\/pmza.sk\\\/#website\"},\"datePublished\":\"2014-04-08T10:11:16+00:00\",\"breadcrumb\":{\"@id\":\"https:\\\/\\\/pmza.sk\\\/?p=9493#breadcrumb\"},\"inLanguage\":\"sk-SK\",\"potentialAction\":[{\"@type\":\"ReadAction\",\"target\":[\"https:\\\/\\\/pmza.sk\\\/?p=9493\"]}]},{\"@type\":\"BreadcrumbList\",\"@id\":\"https:\\\/\\\/pmza.sk\\\/?p=9493#breadcrumb\",\"itemListElement\":[{\"@type\":\"ListItem\",\"position\":1,\"name\":\"Domovsk\u00e1 str\u00e1nka\",\"item\":\"https:\\\/\\\/pmza.sk\\\/\"},{\"@type\":\"ListItem\",\"position\":2,\"name\":\"Hradn\u00e1 \u0161kola 2014\"}]},{\"@type\":\"WebSite\",\"@id\":\"https:\\\/\\\/pmza.sk\\\/#website\",\"url\":\"https:\\\/\\\/pmza.sk\\\/\",\"name\":\"Pova\u017esk\u00e9 m\u00fazeum\",\"description\":\"Pova\u017esk\u00e9 m\u00fazeum v \u017diline je region\u00e1lne m\u00fazeum so s\u00eddlom v Budat\u00edne. Jeho expoz\u00edcie s\u00fa zameran\u00e9 na dejiny slovensk\u00e9ho umenia, kult\u00fary a dopravy.\",\"publisher\":{\"@id\":\"https:\\\/\\\/pmza.sk\\\/#organization\"},\"potentialAction\":[{\"@type\":\"SearchAction\",\"target\":{\"@type\":\"EntryPoint\",\"urlTemplate\":\"https:\\\/\\\/pmza.sk\\\/?s={search_term_string}\"},\"query-input\":{\"@type\":\"PropertyValueSpecification\",\"valueRequired\":true,\"valueName\":\"search_term_string\"}}],\"inLanguage\":\"sk-SK\"},{\"@type\":\"Organization\",\"@id\":\"https:\\\/\\\/pmza.sk\\\/#organization\",\"name\":\"Pova\u017esk\u00e9 m\u00fazeum\",\"url\":\"https:\\\/\\\/pmza.sk\\\/\",\"logo\":{\"@type\":\"ImageObject\",\"inLanguage\":\"sk-SK\",\"@id\":\"https:\\\/\\\/pmza.sk\\\/#\\\/schema\\\/logo\\\/image\\\/\",\"url\":\"https:\\\/\\\/pmza.sk\\\/wp-content\\\/uploads\\\/2022\\\/01\\\/logo_PM_horizontal.jpg\",\"contentUrl\":\"https:\\\/\\\/pmza.sk\\\/wp-content\\\/uploads\\\/2022\\\/01\\\/logo_PM_horizontal.jpg\",\"width\":231,\"height\":142,\"caption\":\"Pova\u017esk\u00e9 m\u00fazeum\"},\"image\":{\"@id\":\"https:\\\/\\\/pmza.sk\\\/#\\\/schema\\\/logo\\\/image\\\/\"},\"sameAs\":[\"https:\\\/\\\/www.facebook.com\\\/povazskemuzeum\",\"https:\\\/\\\/www.instagram.com\\\/povazskemuzeum\\\/\"]},{\"@type\":\"Person\",\"@id\":\"https:\\\/\\\/pmza.sk\\\/#\\\/schema\\\/person\\\/595e6a2ce731ea94dcd5d7f50a41ae33\",\"name\":\"Pova\u017esk\u00e9 m\u00fazeum\",\"image\":{\"@type\":\"ImageObject\",\"inLanguage\":\"sk-SK\",\"@id\":\"https:\\\/\\\/secure.gravatar.com\\\/avatar\\\/2bb7f1561282132fb5826dfeccc66c7996d11ee392ac6aaf7ced8a1c2027fbb2?s=96&d=mm&r=g\",\"url\":\"https:\\\/\\\/secure.gravatar.com\\\/avatar\\\/2bb7f1561282132fb5826dfeccc66c7996d11ee392ac6aaf7ced8a1c2027fbb2?s=96&d=mm&r=g\",\"contentUrl\":\"https:\\\/\\\/secure.gravatar.com\\\/avatar\\\/2bb7f1561282132fb5826dfeccc66c7996d11ee392ac6aaf7ced8a1c2027fbb2?s=96&d=mm&r=g\",\"caption\":\"Pova\u017esk\u00e9 m\u00fazeum\"}}]}<\/script>\n<!-- \/ Yoast SEO plugin. -->","yoast_head_json":{"title":"Hradn\u00e1 \u0161kola 2014 - Pova\u017esk\u00e9 m\u00fazeum","robots":{"index":"index","follow":"follow","max-snippet":"max-snippet:-1","max-image-preview":"max-image-preview:large","max-video-preview":"max-video-preview:-1"},"canonical":"https:\/\/pmza.sk\/?p=9493","og_locale":"sk_SK","og_type":"article","og_title":"Hradn\u00e1 \u0161kola 2014 - Pova\u017esk\u00e9 m\u00fazeum","og_description":"Aj tento rok n\u00e1m u\u017e na hradn\u00fa br\u00e1nu klope jedno z\u00a0najatrakt\u00edvnej\u0161\u00edch podujat\u00ed Pova\u017esk\u00e9ho m\u00fazea v\u00a0\u017diline, ktor\u00e9 je ur\u010den\u00e9 \u017eiakom z\u00e1kladn\u00fdch \u0161k\u00f4l. U\u017e po 12.-kr\u00e1t sa po\u010das Hradnej \u0161koly na hrade Stre\u010dno \u017eiaci z\u00e1kladn\u00fdch \u0161k\u00f4l zozn\u00e1mia so zauj\u00edmavou pr\u00e1cou odborn\u00fdch pracovn\u00edkov Pova\u017esk\u00e9ho m\u00fazea, ktor\u00ed ich interakt\u00edvnou formou vzdel\u00e1vania zasv\u00e4tia do tajomstiev re\u0161taurovania, preparovania a\u00a0historick\u00e9ho b\u00e1dania. \u201eHradn\u00e1 [&hellip;]","og_url":"https:\/\/pmza.sk\/?p=9493","og_site_name":"Pova\u017esk\u00e9 m\u00fazeum","article_publisher":"https:\/\/www.facebook.com\/povazskemuzeum","article_published_time":"2014-04-08T10:11:16+00:00","author":"Pova\u017esk\u00e9 m\u00fazeum","twitter_card":"summary_large_image","twitter_misc":{"Autor":"Pova\u017esk\u00e9 m\u00fazeum","Predpokladan\u00fd \u010das \u010d\u00edtania":"2 min\u00faty"},"schema":{"@context":"https:\/\/schema.org","@graph":[{"@type":"Article","@id":"https:\/\/pmza.sk\/?p=9493#article","isPartOf":{"@id":"https:\/\/pmza.sk\/?p=9493"},"author":{"name":"Pova\u017esk\u00e9 m\u00fazeum","@id":"https:\/\/pmza.sk\/#\/schema\/person\/595e6a2ce731ea94dcd5d7f50a41ae33"},"headline":"Hradn\u00e1 \u0161kola 2014","datePublished":"2014-04-08T10:11:16+00:00","mainEntityOfPage":{"@id":"https:\/\/pmza.sk\/?p=9493"},"wordCount":455,"publisher":{"@id":"https:\/\/pmza.sk\/#organization"},"articleSection":["Arch\u00edv 2014"],"inLanguage":"sk-SK"},{"@type":"WebPage","@id":"https:\/\/pmza.sk\/?p=9493","url":"https:\/\/pmza.sk\/?p=9493","name":"Hradn\u00e1 \u0161kola 2014 - Pova\u017esk\u00e9 m\u00fazeum","isPartOf":{"@id":"https:\/\/pmza.sk\/#website"},"datePublished":"2014-04-08T10:11:16+00:00","breadcrumb":{"@id":"https:\/\/pmza.sk\/?p=9493#breadcrumb"},"inLanguage":"sk-SK","potentialAction":[{"@type":"ReadAction","target":["https:\/\/pmza.sk\/?p=9493"]}]},{"@type":"BreadcrumbList","@id":"https:\/\/pmza.sk\/?p=9493#breadcrumb","itemListElement":[{"@type":"ListItem","position":1,"name":"Domovsk\u00e1 str\u00e1nka","item":"https:\/\/pmza.sk\/"},{"@type":"ListItem","position":2,"name":"Hradn\u00e1 \u0161kola 2014"}]},{"@type":"WebSite","@id":"https:\/\/pmza.sk\/#website","url":"https:\/\/pmza.sk\/","name":"Pova\u017esk\u00e9 m\u00fazeum","description":"Pova\u017esk\u00e9 m\u00fazeum v \u017diline je region\u00e1lne m\u00fazeum so s\u00eddlom v Budat\u00edne. Jeho expoz\u00edcie s\u00fa zameran\u00e9 na dejiny slovensk\u00e9ho umenia, kult\u00fary a dopravy.","publisher":{"@id":"https:\/\/pmza.sk\/#organization"},"potentialAction":[{"@type":"SearchAction","target":{"@type":"EntryPoint","urlTemplate":"https:\/\/pmza.sk\/?s={search_term_string}"},"query-input":{"@type":"PropertyValueSpecification","valueRequired":true,"valueName":"search_term_string"}}],"inLanguage":"sk-SK"},{"@type":"Organization","@id":"https:\/\/pmza.sk\/#organization","name":"Pova\u017esk\u00e9 m\u00fazeum","url":"https:\/\/pmza.sk\/","logo":{"@type":"ImageObject","inLanguage":"sk-SK","@id":"https:\/\/pmza.sk\/#\/schema\/logo\/image\/","url":"https:\/\/pmza.sk\/wp-content\/uploads\/2022\/01\/logo_PM_horizontal.jpg","contentUrl":"https:\/\/pmza.sk\/wp-content\/uploads\/2022\/01\/logo_PM_horizontal.jpg","width":231,"height":142,"caption":"Pova\u017esk\u00e9 m\u00fazeum"},"image":{"@id":"https:\/\/pmza.sk\/#\/schema\/logo\/image\/"},"sameAs":["https:\/\/www.facebook.com\/povazskemuzeum","https:\/\/www.instagram.com\/povazskemuzeum\/"]},{"@type":"Person","@id":"https:\/\/pmza.sk\/#\/schema\/person\/595e6a2ce731ea94dcd5d7f50a41ae33","name":"Pova\u017esk\u00e9 m\u00fazeum","image":{"@type":"ImageObject","inLanguage":"sk-SK","@id":"https:\/\/secure.gravatar.com\/avatar\/2bb7f1561282132fb5826dfeccc66c7996d11ee392ac6aaf7ced8a1c2027fbb2?s=96&d=mm&r=g","url":"https:\/\/secure.gravatar.com\/avatar\/2bb7f1561282132fb5826dfeccc66c7996d11ee392ac6aaf7ced8a1c2027fbb2?s=96&d=mm&r=g","contentUrl":"https:\/\/secure.gravatar.com\/avatar\/2bb7f1561282132fb5826dfeccc66c7996d11ee392ac6aaf7ced8a1c2027fbb2?s=96&d=mm&r=g","caption":"Pova\u017esk\u00e9 m\u00fazeum"}}]}},"_links":{"self":[{"href":"https:\/\/pmza.sk\/index.php?rest_route=\/wp\/v2\/posts\/9493","targetHints":{"allow":["GET"]}}],"collection":[{"href":"https:\/\/pmza.sk\/index.php?rest_route=\/wp\/v2\/posts"}],"about":[{"href":"https:\/\/pmza.sk\/index.php?rest_route=\/wp\/v2\/types\/post"}],"author":[{"embeddable":true,"href":"https:\/\/pmza.sk\/index.php?rest_route=\/wp\/v2\/users\/2"}],"replies":[{"embeddable":true,"href":"https:\/\/pmza.sk\/index.php?rest_route=%2Fwp%2Fv2%2Fcomments&post=9493"}],"version-history":[{"count":0,"href":"https:\/\/pmza.sk\/index.php?rest_route=\/wp\/v2\/posts\/9493\/revisions"}],"wp:attachment":[{"href":"https:\/\/pmza.sk\/index.php?rest_route=%2Fwp%2Fv2%2Fmedia&parent=9493"}],"wp:term":[{"taxonomy":"category","embeddable":true,"href":"https:\/\/pmza.sk\/index.php?rest_route=%2Fwp%2Fv2%2Fcategories&post=9493"},{"taxonomy":"post_tag","embeddable":true,"href":"https:\/\/pmza.sk\/index.php?rest_route=%2Fwp%2Fv2%2Ftags&post=9493"}],"curies":[{"name":"wp","href":"https:\/\/api.w.org\/{rel}","templated":true}]}}