{"id":9529,"date":"2014-04-14T13:14:17","date_gmt":"2014-04-14T11:14:17","guid":{"rendered":"https:\/\/pmza.sk.sk\/?p=9529"},"modified":"2014-04-14T13:14:17","modified_gmt":"2014-04-14T11:14:17","slug":"vystava-spevavce-vrabcotvare-vtaky-malej-fatry","status":"publish","type":"post","link":"https:\/\/pmza.sk\/?p=9529","title":{"rendered":"V\u00fdstava Spevavce \u2013 vrabcotvar\u00e9 vt\u00e1ky Malej Fatry"},"content":{"rendered":"<p><a href=\"https:\/\/pmza.sk\/wp-content\/uploads\/2014\/04\/spevavce_cropped.jpg\"><img decoding=\"async\" class=\"alignleft size-medium wp-image-9528\" alt=\"spevavce_cropped\" src=\"https:\/\/pmza.sk.sk\/wp-content\/uploads\/2014\/04\/spevavce_cropped-160x300.jpg\" width=\"149\" height=\"280\" \/><\/a>Pova\u017esk\u00e9 m\u00fazeum v \u017diline pripravilo \u010fal\u0161iu zo s\u00e9rie zoologick\u00fdch v\u00fdstav venovan\u00fa\u00a0 problematike na\u0161ich operencov. Spevavce alebo vrabcotvar\u00e9 sa pova\u017euj\u00fa za najvyvinutej\u0161\u00ed rad vt\u00e1kov, v\u010faka schopnosti vytv\u00e1ra\u0165 zlo\u017eit\u00e9 hlasov\u00e9 prejavy. <em>&#8222;Pomocou hlasov\u00e9ho org\u00e1nu naz\u00fdvan\u00e9ho syrinx maj\u00fa v\u00fdborn\u00fa kontrolu nad hlasom. Spevom si vyzna\u010duj\u00fa terit\u00f3rium, v ktorom \u017eij\u00fa, samce v\u00e1bia sami\u010dku k p\u00e1reniu. Spev je u niektor\u00fdch vroden\u00fd alebo sa ho m\u00f4\u017eu nau\u010di\u0165 i napodob\u0148ovan\u00edm. Ich rozmery sa pohybuj\u00fa od 9 cm a\u017e po 65 cm, zah\u0155\u0148aj\u00fa viac ako polovicu vt\u00e1\u010d\u00edch druhov na svete,&#8220; <\/em>u<em><\/em>viedla zoologi\u010dka Pova\u017esk\u00e9ho m\u00fazea v \u017diline a z\u00e1rove\u0148 autorka v\u00fdstavy <strong>M\u00e1ria Adamov\u00e1<\/strong>. Spevavce ob\u00fdvaj\u00fa takmer v\u0161etky biotopy. Ich \u017eivotn\u00e9 \u0161t\u00fdly s\u00fa r\u00f4znorod\u00e9, od lovcov hmyzu vo vzduchu po tie, ktor\u00e9 sa \u017eivia hmyzom \u017eij\u00facim na stromoch, pr\u00edpadne od druhov \u017eiviacich sa semenami po tie, ktor\u00e9 s\u00fa v\u0161e\u017eravcami, m\u00f4\u017eeme ich n\u00e1js\u0165 v\u0161ade.<!--more-->Spevavce s\u00fa schopn\u00e9 posed\u00e1va\u0165 na vyv\u00fd\u0161en\u00fdch miestach, preto\u017ee maj\u00fa v\u00fdnimo\u010dn\u00fd typ n\u00f4h, ktor\u00fd im umo\u017e\u0148uje uchopi\u0165 i najten\u0161ie kon\u00e1re, hoci niektor\u00e9 z nich \u017eij\u00fa predov\u0161etk\u00fdm na zemi.<\/p>\n<p>Pr\u00e1ve tieto druhy vt\u00e1kov m\u00f4\u017eu n\u00e1v\u0161tevn\u00edci uvidie\u0165 pri n\u00e1v\u0161teve hradu Stre\u010dno.<\/p>\n<p>V\u00fdstava bude spr\u00edstupnen\u00e1 verejnosti od 15. apr\u00edla do 25. j\u00fana 2014.<\/p>\n<p>&nbsp;<\/p>\n<p>Plag\u00e1t n\u00e1jdete <a href=\"https:\/\/pmza.sk\/wp-content\/uploads\/2014\/04\/spevavce-scaled-1.jpg\">TU<\/a><\/p>\n","protected":false},"excerpt":{"rendered":"<p>Pova\u017esk\u00e9 m\u00fazeum v \u017diline pripravilo \u010fal\u0161iu zo s\u00e9rie zoologick\u00fdch v\u00fdstav venovan\u00fa\u00a0 problematike na\u0161ich operencov. Spevavce alebo vrabcotvar\u00e9 sa pova\u017euj\u00fa za najvyvinutej\u0161\u00ed rad vt\u00e1kov, v\u010faka schopnosti vytv\u00e1ra\u0165 zlo\u017eit\u00e9 hlasov\u00e9 prejavy. &#8222;Pomocou hlasov\u00e9ho org\u00e1nu naz\u00fdvan\u00e9ho syrinx maj\u00fa v\u00fdborn\u00fa kontrolu nad hlasom. Spevom si vyzna\u010duj\u00fa terit\u00f3rium, v ktorom \u017eij\u00fa, samce v\u00e1bia sami\u010dku k p\u00e1reniu. Spev je u niektor\u00fdch [&hellip;]<\/p>\n","protected":false},"author":2,"featured_media":0,"comment_status":"closed","ping_status":"closed","sticky":false,"template":"","format":"standard","meta":{"site-sidebar-layout":"default","site-content-layout":"","ast-site-content-layout":"","site-content-style":"default","site-sidebar-style":"default","ast-global-header-display":"","ast-banner-title-visibility":"","ast-main-header-display":"","ast-hfb-above-header-display":"","ast-hfb-below-header-display":"","ast-hfb-mobile-header-display":"","site-post-title":"","ast-breadcrumbs-content":"","ast-featured-img":"","footer-sml-layout":"","theme-transparent-header-meta":"","adv-header-id-meta":"","stick-header-meta":"","header-above-stick-meta":"","header-main-stick-meta":"","header-below-stick-meta":"","astra-migrate-meta-layouts":"default","ast-page-background-enabled":"default","ast-page-background-meta":{"desktop":{"background-color":"var(--ast-global-color-4)","background-image":"","background-repeat":"repeat","background-position":"center center","background-size":"auto","background-attachment":"scroll","background-type":"","background-media":"","overlay-type":"","overlay-color":"","overlay-opacity":"","overlay-gradient":""},"tablet":{"background-color":"","background-image":"","background-repeat":"repeat","background-position":"center center","background-size":"auto","background-attachment":"scroll","background-type":"","background-media":"","overlay-type":"","overlay-color":"","overlay-opacity":"","overlay-gradient":""},"mobile":{"background-color":"","background-image":"","background-repeat":"repeat","background-position":"center center","background-size":"auto","background-attachment":"scroll","background-type":"","background-media":"","overlay-type":"","overlay-color":"","overlay-opacity":"","overlay-gradient":""}},"ast-content-background-meta":{"desktop":{"background-color":"var(--ast-global-color-5)","background-image":"","background-repeat":"repeat","background-position":"center center","background-size":"auto","background-attachment":"scroll","background-type":"","background-media":"","overlay-type":"","overlay-color":"","overlay-opacity":"","overlay-gradient":""},"tablet":{"background-color":"var(--ast-global-color-5)","background-image":"","background-repeat":"repeat","background-position":"center center","background-size":"auto","background-attachment":"scroll","background-type":"","background-media":"","overlay-type":"","overlay-color":"","overlay-opacity":"","overlay-gradient":""},"mobile":{"background-color":"var(--ast-global-color-5)","background-image":"","background-repeat":"repeat","background-position":"center center","background-size":"auto","background-attachment":"scroll","background-type":"","background-media":"","overlay-type":"","overlay-color":"","overlay-opacity":"","overlay-gradient":""}},"footnotes":""},"categories":[36],"tags":[],"class_list":["post-9529","post","type-post","status-publish","format-standard","hentry","category-archiv-2014"],"yoast_head":"<!-- This site is optimized with the Yoast SEO plugin v27.4 - https:\/\/yoast.com\/product\/yoast-seo-wordpress\/ -->\n<title>V\u00fdstava Spevavce \u2013 vrabcotvar\u00e9 vt\u00e1ky Malej Fatry - Pova\u017esk\u00e9 m\u00fazeum<\/title>\n<meta name=\"robots\" content=\"index, follow, max-snippet:-1, max-image-preview:large, max-video-preview:-1\" \/>\n<link rel=\"canonical\" href=\"https:\/\/pmza.sk\/?p=9529\" \/>\n<meta property=\"og:locale\" content=\"sk_SK\" \/>\n<meta property=\"og:type\" content=\"article\" \/>\n<meta property=\"og:title\" content=\"V\u00fdstava Spevavce \u2013 vrabcotvar\u00e9 vt\u00e1ky Malej Fatry - Pova\u017esk\u00e9 m\u00fazeum\" \/>\n<meta property=\"og:description\" content=\"Pova\u017esk\u00e9 m\u00fazeum v \u017diline pripravilo \u010fal\u0161iu zo s\u00e9rie zoologick\u00fdch v\u00fdstav venovan\u00fa\u00a0 problematike na\u0161ich operencov. Spevavce alebo vrabcotvar\u00e9 sa pova\u017euj\u00fa za najvyvinutej\u0161\u00ed rad vt\u00e1kov, v\u010faka schopnosti vytv\u00e1ra\u0165 zlo\u017eit\u00e9 hlasov\u00e9 prejavy. &#8222;Pomocou hlasov\u00e9ho org\u00e1nu naz\u00fdvan\u00e9ho syrinx maj\u00fa v\u00fdborn\u00fa kontrolu nad hlasom. Spevom si vyzna\u010duj\u00fa terit\u00f3rium, v ktorom \u017eij\u00fa, samce v\u00e1bia sami\u010dku k p\u00e1reniu. Spev je u niektor\u00fdch [&hellip;]\" \/>\n<meta property=\"og:url\" content=\"https:\/\/pmza.sk\/?p=9529\" \/>\n<meta property=\"og:site_name\" content=\"Pova\u017esk\u00e9 m\u00fazeum\" \/>\n<meta property=\"article:publisher\" content=\"https:\/\/www.facebook.com\/povazskemuzeum\" \/>\n<meta property=\"article:published_time\" content=\"2014-04-14T11:14:17+00:00\" \/>\n<meta property=\"og:image\" content=\"https:\/\/pmza.sk.sk\/wp-content\/uploads\/2014\/04\/spevavce_cropped-160x300.jpg\" \/>\n<meta name=\"author\" content=\"Pova\u017esk\u00e9 m\u00fazeum\" \/>\n<meta name=\"twitter:card\" content=\"summary_large_image\" \/>\n<meta name=\"twitter:label1\" content=\"Autor\" \/>\n\t<meta name=\"twitter:data1\" content=\"Pova\u017esk\u00e9 m\u00fazeum\" \/>\n\t<meta name=\"twitter:label2\" content=\"Predpokladan\u00fd \u010das \u010d\u00edtania\" \/>\n\t<meta name=\"twitter:data2\" content=\"1 min\u00fata\" \/>\n<script type=\"application\/ld+json\" class=\"yoast-schema-graph\">{\"@context\":\"https:\\\/\\\/schema.org\",\"@graph\":[{\"@type\":\"Article\",\"@id\":\"https:\\\/\\\/pmza.sk\\\/?p=9529#article\",\"isPartOf\":{\"@id\":\"https:\\\/\\\/pmza.sk\\\/?p=9529\"},\"author\":{\"name\":\"Pova\u017esk\u00e9 m\u00fazeum\",\"@id\":\"https:\\\/\\\/pmza.sk\\\/#\\\/schema\\\/person\\\/595e6a2ce731ea94dcd5d7f50a41ae33\"},\"headline\":\"V\u00fdstava Spevavce \u2013 vrabcotvar\u00e9 vt\u00e1ky Malej Fatry\",\"datePublished\":\"2014-04-14T11:14:17+00:00\",\"mainEntityOfPage\":{\"@id\":\"https:\\\/\\\/pmza.sk\\\/?p=9529\"},\"wordCount\":264,\"publisher\":{\"@id\":\"https:\\\/\\\/pmza.sk\\\/#organization\"},\"image\":{\"@id\":\"https:\\\/\\\/pmza.sk\\\/?p=9529#primaryimage\"},\"thumbnailUrl\":\"http:\\\/\\\/pmza.sk.sk\\\/wp-content\\\/uploads\\\/2014\\\/04\\\/spevavce_cropped-160x300.jpg\",\"articleSection\":[\"Arch\u00edv 2014\"],\"inLanguage\":\"sk-SK\"},{\"@type\":\"WebPage\",\"@id\":\"https:\\\/\\\/pmza.sk\\\/?p=9529\",\"url\":\"https:\\\/\\\/pmza.sk\\\/?p=9529\",\"name\":\"V\u00fdstava Spevavce \u2013 vrabcotvar\u00e9 vt\u00e1ky Malej Fatry - Pova\u017esk\u00e9 m\u00fazeum\",\"isPartOf\":{\"@id\":\"https:\\\/\\\/pmza.sk\\\/#website\"},\"primaryImageOfPage\":{\"@id\":\"https:\\\/\\\/pmza.sk\\\/?p=9529#primaryimage\"},\"image\":{\"@id\":\"https:\\\/\\\/pmza.sk\\\/?p=9529#primaryimage\"},\"thumbnailUrl\":\"http:\\\/\\\/pmza.sk.sk\\\/wp-content\\\/uploads\\\/2014\\\/04\\\/spevavce_cropped-160x300.jpg\",\"datePublished\":\"2014-04-14T11:14:17+00:00\",\"breadcrumb\":{\"@id\":\"https:\\\/\\\/pmza.sk\\\/?p=9529#breadcrumb\"},\"inLanguage\":\"sk-SK\",\"potentialAction\":[{\"@type\":\"ReadAction\",\"target\":[\"https:\\\/\\\/pmza.sk\\\/?p=9529\"]}]},{\"@type\":\"ImageObject\",\"inLanguage\":\"sk-SK\",\"@id\":\"https:\\\/\\\/pmza.sk\\\/?p=9529#primaryimage\",\"url\":\"http:\\\/\\\/pmza.sk.sk\\\/wp-content\\\/uploads\\\/2014\\\/04\\\/spevavce_cropped-160x300.jpg\",\"contentUrl\":\"http:\\\/\\\/pmza.sk.sk\\\/wp-content\\\/uploads\\\/2014\\\/04\\\/spevavce_cropped-160x300.jpg\"},{\"@type\":\"BreadcrumbList\",\"@id\":\"https:\\\/\\\/pmza.sk\\\/?p=9529#breadcrumb\",\"itemListElement\":[{\"@type\":\"ListItem\",\"position\":1,\"name\":\"Domovsk\u00e1 str\u00e1nka\",\"item\":\"https:\\\/\\\/pmza.sk\\\/\"},{\"@type\":\"ListItem\",\"position\":2,\"name\":\"V\u00fdstava Spevavce \u2013 vrabcotvar\u00e9 vt\u00e1ky Malej Fatry\"}]},{\"@type\":\"WebSite\",\"@id\":\"https:\\\/\\\/pmza.sk\\\/#website\",\"url\":\"https:\\\/\\\/pmza.sk\\\/\",\"name\":\"Pova\u017esk\u00e9 m\u00fazeum\",\"description\":\"Pova\u017esk\u00e9 m\u00fazeum v \u017diline je region\u00e1lne m\u00fazeum so s\u00eddlom v Budat\u00edne. Jeho expoz\u00edcie s\u00fa zameran\u00e9 na dejiny slovensk\u00e9ho umenia, kult\u00fary a dopravy.\",\"publisher\":{\"@id\":\"https:\\\/\\\/pmza.sk\\\/#organization\"},\"potentialAction\":[{\"@type\":\"SearchAction\",\"target\":{\"@type\":\"EntryPoint\",\"urlTemplate\":\"https:\\\/\\\/pmza.sk\\\/?s={search_term_string}\"},\"query-input\":{\"@type\":\"PropertyValueSpecification\",\"valueRequired\":true,\"valueName\":\"search_term_string\"}}],\"inLanguage\":\"sk-SK\"},{\"@type\":\"Organization\",\"@id\":\"https:\\\/\\\/pmza.sk\\\/#organization\",\"name\":\"Pova\u017esk\u00e9 m\u00fazeum\",\"url\":\"https:\\\/\\\/pmza.sk\\\/\",\"logo\":{\"@type\":\"ImageObject\",\"inLanguage\":\"sk-SK\",\"@id\":\"https:\\\/\\\/pmza.sk\\\/#\\\/schema\\\/logo\\\/image\\\/\",\"url\":\"https:\\\/\\\/pmza.sk\\\/wp-content\\\/uploads\\\/2022\\\/01\\\/logo_PM_horizontal.jpg\",\"contentUrl\":\"https:\\\/\\\/pmza.sk\\\/wp-content\\\/uploads\\\/2022\\\/01\\\/logo_PM_horizontal.jpg\",\"width\":231,\"height\":142,\"caption\":\"Pova\u017esk\u00e9 m\u00fazeum\"},\"image\":{\"@id\":\"https:\\\/\\\/pmza.sk\\\/#\\\/schema\\\/logo\\\/image\\\/\"},\"sameAs\":[\"https:\\\/\\\/www.facebook.com\\\/povazskemuzeum\",\"https:\\\/\\\/www.instagram.com\\\/povazskemuzeum\\\/\"]},{\"@type\":\"Person\",\"@id\":\"https:\\\/\\\/pmza.sk\\\/#\\\/schema\\\/person\\\/595e6a2ce731ea94dcd5d7f50a41ae33\",\"name\":\"Pova\u017esk\u00e9 m\u00fazeum\",\"image\":{\"@type\":\"ImageObject\",\"inLanguage\":\"sk-SK\",\"@id\":\"https:\\\/\\\/secure.gravatar.com\\\/avatar\\\/2bb7f1561282132fb5826dfeccc66c7996d11ee392ac6aaf7ced8a1c2027fbb2?s=96&d=mm&r=g\",\"url\":\"https:\\\/\\\/secure.gravatar.com\\\/avatar\\\/2bb7f1561282132fb5826dfeccc66c7996d11ee392ac6aaf7ced8a1c2027fbb2?s=96&d=mm&r=g\",\"contentUrl\":\"https:\\\/\\\/secure.gravatar.com\\\/avatar\\\/2bb7f1561282132fb5826dfeccc66c7996d11ee392ac6aaf7ced8a1c2027fbb2?s=96&d=mm&r=g\",\"caption\":\"Pova\u017esk\u00e9 m\u00fazeum\"}}]}<\/script>\n<!-- \/ Yoast SEO plugin. -->","yoast_head_json":{"title":"V\u00fdstava Spevavce \u2013 vrabcotvar\u00e9 vt\u00e1ky Malej Fatry - Pova\u017esk\u00e9 m\u00fazeum","robots":{"index":"index","follow":"follow","max-snippet":"max-snippet:-1","max-image-preview":"max-image-preview:large","max-video-preview":"max-video-preview:-1"},"canonical":"https:\/\/pmza.sk\/?p=9529","og_locale":"sk_SK","og_type":"article","og_title":"V\u00fdstava Spevavce \u2013 vrabcotvar\u00e9 vt\u00e1ky Malej Fatry - Pova\u017esk\u00e9 m\u00fazeum","og_description":"Pova\u017esk\u00e9 m\u00fazeum v \u017diline pripravilo \u010fal\u0161iu zo s\u00e9rie zoologick\u00fdch v\u00fdstav venovan\u00fa\u00a0 problematike na\u0161ich operencov. Spevavce alebo vrabcotvar\u00e9 sa pova\u017euj\u00fa za najvyvinutej\u0161\u00ed rad vt\u00e1kov, v\u010faka schopnosti vytv\u00e1ra\u0165 zlo\u017eit\u00e9 hlasov\u00e9 prejavy. &#8222;Pomocou hlasov\u00e9ho org\u00e1nu naz\u00fdvan\u00e9ho syrinx maj\u00fa v\u00fdborn\u00fa kontrolu nad hlasom. Spevom si vyzna\u010duj\u00fa terit\u00f3rium, v ktorom \u017eij\u00fa, samce v\u00e1bia sami\u010dku k p\u00e1reniu. Spev je u niektor\u00fdch [&hellip;]","og_url":"https:\/\/pmza.sk\/?p=9529","og_site_name":"Pova\u017esk\u00e9 m\u00fazeum","article_publisher":"https:\/\/www.facebook.com\/povazskemuzeum","article_published_time":"2014-04-14T11:14:17+00:00","og_image":[{"url":"https:\/\/pmza.sk.sk\/wp-content\/uploads\/2014\/04\/spevavce_cropped-160x300.jpg","type":"","width":"","height":""}],"author":"Pova\u017esk\u00e9 m\u00fazeum","twitter_card":"summary_large_image","twitter_misc":{"Autor":"Pova\u017esk\u00e9 m\u00fazeum","Predpokladan\u00fd \u010das \u010d\u00edtania":"1 min\u00fata"},"schema":{"@context":"https:\/\/schema.org","@graph":[{"@type":"Article","@id":"https:\/\/pmza.sk\/?p=9529#article","isPartOf":{"@id":"https:\/\/pmza.sk\/?p=9529"},"author":{"name":"Pova\u017esk\u00e9 m\u00fazeum","@id":"https:\/\/pmza.sk\/#\/schema\/person\/595e6a2ce731ea94dcd5d7f50a41ae33"},"headline":"V\u00fdstava Spevavce \u2013 vrabcotvar\u00e9 vt\u00e1ky Malej Fatry","datePublished":"2014-04-14T11:14:17+00:00","mainEntityOfPage":{"@id":"https:\/\/pmza.sk\/?p=9529"},"wordCount":264,"publisher":{"@id":"https:\/\/pmza.sk\/#organization"},"image":{"@id":"https:\/\/pmza.sk\/?p=9529#primaryimage"},"thumbnailUrl":"https:\/\/pmza.sk.sk\/wp-content\/uploads\/2014\/04\/spevavce_cropped-160x300.jpg","articleSection":["Arch\u00edv 2014"],"inLanguage":"sk-SK"},{"@type":"WebPage","@id":"https:\/\/pmza.sk\/?p=9529","url":"https:\/\/pmza.sk\/?p=9529","name":"V\u00fdstava Spevavce \u2013 vrabcotvar\u00e9 vt\u00e1ky Malej Fatry - Pova\u017esk\u00e9 m\u00fazeum","isPartOf":{"@id":"https:\/\/pmza.sk\/#website"},"primaryImageOfPage":{"@id":"https:\/\/pmza.sk\/?p=9529#primaryimage"},"image":{"@id":"https:\/\/pmza.sk\/?p=9529#primaryimage"},"thumbnailUrl":"https:\/\/pmza.sk.sk\/wp-content\/uploads\/2014\/04\/spevavce_cropped-160x300.jpg","datePublished":"2014-04-14T11:14:17+00:00","breadcrumb":{"@id":"https:\/\/pmza.sk\/?p=9529#breadcrumb"},"inLanguage":"sk-SK","potentialAction":[{"@type":"ReadAction","target":["https:\/\/pmza.sk\/?p=9529"]}]},{"@type":"ImageObject","inLanguage":"sk-SK","@id":"https:\/\/pmza.sk\/?p=9529#primaryimage","url":"https:\/\/pmza.sk.sk\/wp-content\/uploads\/2014\/04\/spevavce_cropped-160x300.jpg","contentUrl":"https:\/\/pmza.sk.sk\/wp-content\/uploads\/2014\/04\/spevavce_cropped-160x300.jpg"},{"@type":"BreadcrumbList","@id":"https:\/\/pmza.sk\/?p=9529#breadcrumb","itemListElement":[{"@type":"ListItem","position":1,"name":"Domovsk\u00e1 str\u00e1nka","item":"https:\/\/pmza.sk\/"},{"@type":"ListItem","position":2,"name":"V\u00fdstava Spevavce \u2013 vrabcotvar\u00e9 vt\u00e1ky Malej Fatry"}]},{"@type":"WebSite","@id":"https:\/\/pmza.sk\/#website","url":"https:\/\/pmza.sk\/","name":"Pova\u017esk\u00e9 m\u00fazeum","description":"Pova\u017esk\u00e9 m\u00fazeum v \u017diline je region\u00e1lne m\u00fazeum so s\u00eddlom v Budat\u00edne. Jeho expoz\u00edcie s\u00fa zameran\u00e9 na dejiny slovensk\u00e9ho umenia, kult\u00fary a dopravy.","publisher":{"@id":"https:\/\/pmza.sk\/#organization"},"potentialAction":[{"@type":"SearchAction","target":{"@type":"EntryPoint","urlTemplate":"https:\/\/pmza.sk\/?s={search_term_string}"},"query-input":{"@type":"PropertyValueSpecification","valueRequired":true,"valueName":"search_term_string"}}],"inLanguage":"sk-SK"},{"@type":"Organization","@id":"https:\/\/pmza.sk\/#organization","name":"Pova\u017esk\u00e9 m\u00fazeum","url":"https:\/\/pmza.sk\/","logo":{"@type":"ImageObject","inLanguage":"sk-SK","@id":"https:\/\/pmza.sk\/#\/schema\/logo\/image\/","url":"https:\/\/pmza.sk\/wp-content\/uploads\/2022\/01\/logo_PM_horizontal.jpg","contentUrl":"https:\/\/pmza.sk\/wp-content\/uploads\/2022\/01\/logo_PM_horizontal.jpg","width":231,"height":142,"caption":"Pova\u017esk\u00e9 m\u00fazeum"},"image":{"@id":"https:\/\/pmza.sk\/#\/schema\/logo\/image\/"},"sameAs":["https:\/\/www.facebook.com\/povazskemuzeum","https:\/\/www.instagram.com\/povazskemuzeum\/"]},{"@type":"Person","@id":"https:\/\/pmza.sk\/#\/schema\/person\/595e6a2ce731ea94dcd5d7f50a41ae33","name":"Pova\u017esk\u00e9 m\u00fazeum","image":{"@type":"ImageObject","inLanguage":"sk-SK","@id":"https:\/\/secure.gravatar.com\/avatar\/2bb7f1561282132fb5826dfeccc66c7996d11ee392ac6aaf7ced8a1c2027fbb2?s=96&d=mm&r=g","url":"https:\/\/secure.gravatar.com\/avatar\/2bb7f1561282132fb5826dfeccc66c7996d11ee392ac6aaf7ced8a1c2027fbb2?s=96&d=mm&r=g","contentUrl":"https:\/\/secure.gravatar.com\/avatar\/2bb7f1561282132fb5826dfeccc66c7996d11ee392ac6aaf7ced8a1c2027fbb2?s=96&d=mm&r=g","caption":"Pova\u017esk\u00e9 m\u00fazeum"}}]}},"_links":{"self":[{"href":"https:\/\/pmza.sk\/index.php?rest_route=\/wp\/v2\/posts\/9529","targetHints":{"allow":["GET"]}}],"collection":[{"href":"https:\/\/pmza.sk\/index.php?rest_route=\/wp\/v2\/posts"}],"about":[{"href":"https:\/\/pmza.sk\/index.php?rest_route=\/wp\/v2\/types\/post"}],"author":[{"embeddable":true,"href":"https:\/\/pmza.sk\/index.php?rest_route=\/wp\/v2\/users\/2"}],"replies":[{"embeddable":true,"href":"https:\/\/pmza.sk\/index.php?rest_route=%2Fwp%2Fv2%2Fcomments&post=9529"}],"version-history":[{"count":0,"href":"https:\/\/pmza.sk\/index.php?rest_route=\/wp\/v2\/posts\/9529\/revisions"}],"wp:attachment":[{"href":"https:\/\/pmza.sk\/index.php?rest_route=%2Fwp%2Fv2%2Fmedia&parent=9529"}],"wp:term":[{"taxonomy":"category","embeddable":true,"href":"https:\/\/pmza.sk\/index.php?rest_route=%2Fwp%2Fv2%2Fcategories&post=9529"},{"taxonomy":"post_tag","embeddable":true,"href":"https:\/\/pmza.sk\/index.php?rest_route=%2Fwp%2Fv2%2Ftags&post=9529"}],"curies":[{"name":"wp","href":"https:\/\/api.w.org\/{rel}","templated":true}]}}