{"id":9564,"date":"2014-04-16T15:08:44","date_gmt":"2014-04-16T13:08:44","guid":{"rendered":"https:\/\/pmza.sk.sk\/?p=9564"},"modified":"2014-04-16T15:08:44","modified_gmt":"2014-04-16T13:08:44","slug":"vystava-cezanne-manet-renoir-a-ini-i-26-4-8-6-2014","status":"publish","type":"post","link":"https:\/\/pmza.sk\/?p=9564","title":{"rendered":"V\u00fdstava C\u00e9zanne, Manet, Renoir a in\u00ed I 26. 4. &#8211; 8. 6. 2014"},"content":{"rendered":"<figure id=\"attachment_9041\" aria-describedby=\"caption-attachment-9041\" style=\"width: 176px\" class=\"wp-caption alignleft\"><a href=\"https:\/\/pmza.sk\/wp-content\/uploads\/2014\/02\/Henri-Jacques-Evenepoel_Au-square_Farblithografie-von-1897_web001.jpg\"><img decoding=\"async\" class=\"size-full wp-image-9041\" alt=\"Henri Jacques Evenepoel_Au square_Farblithografie von 1897\" src=\"https:\/\/pmza.sk\/wp-content\/uploads\/2014\/02\/Henri-Jacques-Evenepoel_Au-square_Farblithografie-von-1897_web001.jpg\" width=\"176\" height=\"260\" \/><\/a><figcaption id=\"caption-attachment-9041\" class=\"wp-caption-text\">Henri Jacques Evenepoel_Na n\u00e1mest\u00ed_Farebn\u00e1 litografia z r. 1897<\/figcaption><\/figure>\n<p>V\u00fdnimo\u010dn\u00fa v\u00fdstavu diel franc\u00fazskych a\u00a0nemeck\u00fdch impresionistov s\u00a0n\u00e1zvom <b>C\u00e9zanne, Manet, Renoir a\u00a0in\u00ed<\/b> pripravilo v\u00a0d\u0148och 26. apr\u00edla a\u017e 8. j\u00fana 2014 (denne, aj po\u010das sviatkov a pondelkov) Pova\u017esk\u00e9 m\u00fazeum v\u00a0\u017diline v\u00a0zria\u010fovate\u013eskej p\u00f4sobnosti \u017dilinsk\u00e9ho samospr\u00e1vneho kraja v\u00a0spolupr\u00e1ci s\u00a0Gal\u00e9riou Sundermann Fine Art \u2013 W\u00fcrzburg (Nemecko). Jedine\u010dnos\u0165ou podujatia je prezent\u00e1cia v\u00fdstavy origin\u00e1lov obrazov v\u00a0priestoroch are\u00e1lu Budat\u00ednskeho hradu a\u00a0n\u00e1sledne v\u00a0Berl\u00edne.<\/p>\n<p>Najzn\u00e1mej\u0161\u00ed umelci, ktor\u00fdch diela s\u00fa zast\u00fapen\u00e9 na v\u00fdstave dvadsiatich troch obrazov a\u00a0grafick\u00fdch listov, s\u00fa nespochybnite\u013ene franc\u00fazski maliari Eduard Manet, Paul\u00a0C\u00e9zanne, Pierre-August Renoir, Pierre Bonnard, alebo nemeck\u00fd majster Max Liebermann. Aj diela \u010fal\u0161\u00edch umelcov pon\u00fakaj\u00fa zauj\u00edmav\u00fd v\u00fdrez tvorby ovplyvnenej prelomovou dobou z\u00a0konca 19. a\u00a0po\u010diatku 20. storo\u010dia. <i>\u201eS\u00fa\u010dasn\u00e1 v\u00fdstava C\u00e9zanne, Manet, Renoir a\u00a0in\u00ed bude pripom\u00edna\u0165 tvorbu umelcov, ktor\u00ed zmenili dejiny maliarstva. <!--more-->Impresionizmus oslobodil ma\u013ebu, kresbu aj grafiku od stroh\u00e9ho akademizmu a\u00a0prostredn\u00edctvom postimpresionizmu predznamenal nov\u00e9 trendy v\u00a0maliarstve cez secesiu a\u017e k\u00a0prv\u00fdm \u0161t\u00fdlom moderny, ako bol fauvizmus, expresionizmus a\u00a0kubizmus,\u201c<\/i> uviedla kur\u00e1torka v\u00fdstavy Darina Arce. V\u00fdstava je nahliadnut\u00edm do graf\u00edk a\u00a0obrazov, ktor\u00fdch sa dotkla m\u00faza impresie, prchav\u00e9ho okamihu, ktor\u00fd sa umelci sna\u017eili zachyti\u0165 do svojich diel a\u00a0ktor\u00fd si m\u00f4\u017eeme v pokojnej atmosf\u00e9re v\u00fdstavnej siene m\u00fazea v\u00a0Budat\u00edne vychutna\u0165 a\u017e do 8. j\u00fana 2014.<\/p>\n<p>Pova\u017esk\u00e9 m\u00fazeum v\u00a0\u017diline pripravilo v\u00a0spolupr\u00e1ci s\u00a0Gal\u00e9riou Sundermann z\u00a0W\u00fcrzburgu v\u00a0Nemecku u\u017e nieko\u013eko zauj\u00edmav\u00fdch v\u00fdstav umelcov zo za\u010diatku 20. storo\u010dia. Predstavili sa tu u\u017e diela tak\u00fdch zn\u00e1mych maliarov ako Dal\u00ed, Mir\u00f3, Picasso, nemeck\u00fdch expresionistov ako Paul Klee, Otto Dix, Franz Marca, Wassily Kandinskij a\u00a0\u010fal\u0161\u00edch.<\/p>\n<p>V\u00a0apr\u00edli 1874, pred 140 rokmi sa v\u00a0ateli\u00e9ri fotografa Nadara v\u00a0Par\u00ed\u017ei uskuto\u010dnila prv\u00e1 v\u00fdstava impresionistov. Mlad\u00ed umelci, odmietan\u00ed na ofici\u00e1lnych Sal\u00f3noch Franc\u00fazskej akad\u00e9mie, sa sna\u017eili vystihn\u00fa\u0165 pravdivos\u0165 okamihu, sk\u00famali vplyv svetla a\u00a0tie\u0148a, farebn\u00fdch vz\u0165ahov a\u00a0zachyt\u00e1vali vlastn\u00fd dojem z\u00a0toho, \u010do ma\u013eovali. Posme\u0161ne ich ozna\u010dili za impresionistov v\u010faka kritikovi Louisovi Leroyovi, ktor\u00fd na tak\u00fato prez\u00fdvku vyu\u017eil n\u00e1zov obrazu Clauda Moneta &#8211; Impression, soleil levant, 1872, (Impresia, v\u00fdchod slnka). Maliari h\u013eadali nov\u00e9 mo\u017enosti, in\u0161pirovali sa fotografiou i\u00a0n\u00e1ukami o\u00a0svetle a\u00a0farbe. Bud\u00faci impresionisti Pissarro, C\u00e9zanne, Guillaumin, Monet, Renoir, Sisley a\u00a0Bazille sa stretali ako \u0161tudenti Suissovej akad\u00e9mie a\u00a0Gleyrovho ateli\u00e9ru. Medzi rokmi 1874 a\u017e 1886 sa konalo osem v\u00fdstav impresionistov. V\u00a0priebehu dvan\u00e1stich rokov sa maliarsky \u0161t\u00fdl, vytv\u00e1ran\u00fd farebn\u00fdmi \u0161kvrnami, kde sa farby mie\u0161aj\u00fa a\u017e v\u00a0na\u0161om oku a\u00a0s n\u00e1metmi pr\u00edrody aj mestsk\u00e9ho prostredia \u0161\u00edril cez Franc\u00fazsko aj do \u010fal\u0161\u00edch eur\u00f3pskych kraj\u00edn.<\/p>\n<p>Odkedy existuje impresionizmus, s\u00fa div\u00e1ci fascinovan\u00ed t\u00fdmto umen\u00edm. Bola to umeleck\u00e1 revol\u00facia, ke\u010f\u00a0umelci zlomili akademick\u00e9 konvencie. Zachytili \u010daro chv\u00edle a\u00a0vo svojich dielach vytvorili fantastick\u00fd a\u00a0kraj\u0161\u00ed svet. Bolo to obdobie \u201eBelle \u00c9poque\u201c (kr\u00e1snej epochy). Maliari ako C\u00e9zanne, Manet, Renoir a\u00a0in\u00ed vytvorili svoje neopakovate\u013en\u00e9 diela. Bolo to v\u00a0\u010dase, kedy Milan Rastislav \u0160tef\u00e1nik p\u00f4sobil vo Franc\u00fazsku, \u010d\u00edm m\u00e1 v\u00fdstava pre Slovensko dvojn\u00e1sobn\u00fd rozmer \u2013 umeleck\u00fd i\u00a0historick\u00fd. Osobne obdivoval a\u00a0bol ve\u013emi silne in\u0161pirovan\u00fd nov\u00fdm umeleck\u00fdm \u0161t\u00fdlom \u2013 franc\u00fazskym impresionizmom.<\/p>\n<p><b>Hlavn\u00fd partner:<\/b><\/p>\n<p>\u00a0<a href=\"https:\/\/pmza.sk\/wp-content\/uploads\/2014\/04\/ARTS-logo-cierne.jpg\"><img decoding=\"async\" class=\"alignleft size-medium wp-image-9477\" alt=\"ARTS logo cierne\" src=\"https:\/\/pmza.sk.sk\/wp-content\/uploads\/2014\/04\/ARTS-logo-cierne-300x127.jpg\" width=\"300\" height=\"127\" \/><\/a><\/p>\n<p>&nbsp;<\/p>\n<p>&nbsp;<\/p>\n<p>&nbsp;<\/p>\n<p>&nbsp;<\/p>\n<p><b>Partneri:<\/b><\/p>\n<p>&nbsp;<\/p>\n<p>\u00a0<a href=\"https:\/\/pmza.sk\/wp-content\/uploads\/2014\/03\/MDS-Povazska-Bystrica_logo_velke.jpg\"><img decoding=\"async\" class=\"alignleft size-medium wp-image-9275\" alt=\"MDS Pova\u017esk\u00e1 Bystrica_logo_velke\" src=\"https:\/\/pmza.sk.sk\/wp-content\/uploads\/2014\/03\/MDS-Pova\u017esk\u00e1-Bystrica_logo_velke-300x224.jpg\" width=\"134\" height=\"100\" \/><\/a><\/p>\n<p>&nbsp;<\/p>\n<p>&nbsp;<\/p>\n<p>\u00a0\u00a0\u00a0\u00a0\u00a0<a href=\"https:\/\/pmza.sk\/wp-content\/uploads\/2014\/03\/11_stanica-nove-logo2.jpg\"><img loading=\"lazy\" decoding=\"async\" class=\"alignleft size-medium wp-image-9266\" alt=\"11_stanica-nove-logo2\" src=\"https:\/\/pmza.sk.sk\/wp-content\/uploads\/2014\/03\/11_stanica-nove-logo2-300x129.jpg\" width=\"182\" height=\"78\" \/><\/a><\/p>\n<p>&nbsp;<\/p>\n<p>\u00a0<a href=\"https:\/\/pmza.sk\/wp-content\/uploads\/2014\/03\/artforum1.jpg\"><img loading=\"lazy\" decoding=\"async\" class=\"alignleft size-medium wp-image-9250\" alt=\"artforum(1)\" src=\"https:\/\/pmza.sk.sk\/wp-content\/uploads\/2014\/03\/artforum1-300x50.jpg\" width=\"201\" height=\"33\" \/><\/a><\/p>\n<p>\u00a0<a href=\"https:\/\/pmza.sk\/wp-content\/uploads\/2014\/02\/Palace-hotel-Polom-logo_1.png\"><img loading=\"lazy\" decoding=\"async\" class=\"alignleft size-full wp-image-9165\" alt=\"Palace hotel Polom logo_1\" src=\"https:\/\/pmza.sk\/wp-content\/uploads\/2014\/02\/Palace-hotel-Polom-logo_1.png\" width=\"141\" height=\"80\" \/><\/a><\/p>\n<p>&nbsp;<\/p>\n<p>&nbsp;<\/p>\n<p>\u00a0<a href=\"https:\/\/pmza.sk\/wp-content\/uploads\/2014\/02\/villa_budatin.jpg\"><img loading=\"lazy\" decoding=\"async\" class=\"alignleft size-medium wp-image-9426\" alt=\"villa_budatin\" src=\"https:\/\/pmza.sk.sk\/wp-content\/uploads\/2014\/02\/villa_budatin-300x216.jpg\" width=\"144\" height=\"103\" \/><\/a><\/p>\n<p>&nbsp;<\/p>\n<p><a href=\"https:\/\/pmza.sk\/wp-content\/uploads\/2014\/04\/ZV-logo-new-CMYK-2.jpg\"><img loading=\"lazy\" decoding=\"async\" class=\"alignleft size-medium wp-image-9565\" alt=\"Bez na\u0301zvu-1\" src=\"https:\/\/pmza.sk.sk\/wp-content\/uploads\/2014\/04\/ZV-logo-new-CMYK-2-300x87.jpg\" width=\"229\" height=\"229\" \/><\/a><\/p>\n<p>&nbsp;<\/p>\n<p>&nbsp;<\/p>\n<p>&nbsp;<\/p>\n<p><b>Medi\u00e1lni partneri:<\/b><\/p>\n<p><b>\u00a0<\/b><\/p>\n<p><a href=\"https:\/\/pmza.sk\/wp-content\/uploads\/2014\/02\/logozilinadnes.png\"><img loading=\"lazy\" decoding=\"async\" class=\"alignleft size-medium wp-image-9098\" alt=\"logozilinadnes\" src=\"https:\/\/pmza.sk.sk\/wp-content\/uploads\/2014\/02\/logozilinadnes-300x125.png\" width=\"154\" height=\"63\" \/><\/a><\/p>\n<p>&nbsp;<\/p>\n<p>\u00a0<a href=\"https:\/\/pmza.sk\/wp-content\/uploads\/2014\/03\/LOGO-SEVER_biele_dsc_logo.jpg\"><img loading=\"lazy\" decoding=\"async\" class=\"alignleft size-medium wp-image-9253\" alt=\"LOGO SEVER_biele_dsc_logo\" src=\"https:\/\/pmza.sk.sk\/wp-content\/uploads\/2014\/03\/LOGO-SEVER_biele_dsc_logo-300x193.jpg\" width=\"161\" height=\"103\" \/><\/a><\/p>\n<p><b>\u00a0<\/b><\/p>\n<p>\u00a0 \u00a0\u00a0\u00a0<a href=\"https:\/\/pmza.sk\/wp-content\/uploads\/2014\/03\/TV_FENIX.jpg\"><img loading=\"lazy\" decoding=\"async\" class=\"alignleft size-full wp-image-9288\" alt=\"TV_FENIX\" src=\"https:\/\/pmza.sk\/wp-content\/uploads\/2014\/03\/TV_FENIX.jpg\" width=\"208\" height=\"65\" \/><\/a><\/p>\n<p>&nbsp;<\/p>\n<p>\u00a0<a href=\"https:\/\/pmza.sk\/wp-content\/uploads\/2014\/02\/bigmedia.jpg\"><img loading=\"lazy\" decoding=\"async\" class=\"alignleft size-medium wp-image-9422\" alt=\"bigmedia\" src=\"https:\/\/pmza.sk.sk\/wp-content\/uploads\/2014\/02\/bigmedia-300x67.jpg\" width=\"229\" height=\"51\" \/><\/a><\/p>\n<p>&nbsp;<\/p>\n<p>\u00a0<a href=\"https:\/\/pmza.sk\/wp-content\/uploads\/2014\/02\/MY-ZN_logo.jpg\"><img loading=\"lazy\" decoding=\"async\" class=\"alignleft size-full wp-image-9099\" alt=\"MY \u017dN_logo\" src=\"https:\/\/pmza.sk\/wp-content\/uploads\/2014\/02\/MY-ZN_logo.jpg\" width=\"139\" height=\"110\" \/><\/a><\/p>\n<p>&nbsp;<\/p>\n<p>\u00a0<a href=\"https:\/\/pmza.sk\/wp-content\/uploads\/2014\/02\/zilina-sme-sk_logo.jpg\"><img loading=\"lazy\" decoding=\"async\" class=\"alignleft size-full wp-image-9100\" alt=\"zilina sme sk_logo\" src=\"https:\/\/pmza.sk\/wp-content\/uploads\/2014\/02\/zilina-sme-sk_logo.jpg\" width=\"169\" height=\"104\" \/><\/a><\/p>\n<p>&nbsp;<\/p>\n<p>&nbsp;<\/p>\n<p>&nbsp;<\/p>\n<p><a href=\"https:\/\/pmza.sk\/wp-content\/uploads\/2014\/04\/ZV-logo-new-CMYK-2.jpg\"><img loading=\"lazy\" decoding=\"async\" class=\"alignleft size-medium wp-image-9565\" alt=\"Bez na\u0301zvu-1\" src=\"https:\/\/pmza.sk.sk\/wp-content\/uploads\/2014\/04\/ZV-logo-new-CMYK-2-300x87.jpg\" width=\"183\" height=\"52\" \/><\/a><\/p>\n<p>\u00a0<a href=\"https:\/\/pmza.sk\/wp-content\/uploads\/2014\/02\/severka-scaled-1.jpg\"><img loading=\"lazy\" decoding=\"async\" class=\"alignleft size-medium wp-image-9159\" alt=\"severka\" src=\"https:\/\/pmza.sk.sk\/wp-content\/uploads\/2014\/02\/severka-300x88.jpg\" width=\"178\" height=\"52\" \/><\/a><\/p>\n<p>&nbsp;<\/p>\n<p>&nbsp;<\/p>\n<p>&nbsp;<\/p>\n","protected":false},"excerpt":{"rendered":"<p>V\u00fdnimo\u010dn\u00fa v\u00fdstavu diel franc\u00fazskych a\u00a0nemeck\u00fdch impresionistov s\u00a0n\u00e1zvom C\u00e9zanne, Manet, Renoir a\u00a0in\u00ed pripravilo v\u00a0d\u0148och 26. apr\u00edla a\u017e 8. j\u00fana 2014 (denne, aj po\u010das sviatkov a pondelkov) Pova\u017esk\u00e9 m\u00fazeum v\u00a0\u017diline v\u00a0zria\u010fovate\u013eskej p\u00f4sobnosti \u017dilinsk\u00e9ho samospr\u00e1vneho kraja v\u00a0spolupr\u00e1ci s\u00a0Gal\u00e9riou Sundermann Fine Art \u2013 W\u00fcrzburg (Nemecko). Jedine\u010dnos\u0165ou podujatia je prezent\u00e1cia v\u00fdstavy origin\u00e1lov obrazov v\u00a0priestoroch are\u00e1lu Budat\u00ednskeho hradu a\u00a0n\u00e1sledne v\u00a0Berl\u00edne. Najzn\u00e1mej\u0161\u00ed [&hellip;]<\/p>\n","protected":false},"author":2,"featured_media":0,"comment_status":"closed","ping_status":"closed","sticky":false,"template":"","format":"standard","meta":{"site-sidebar-layout":"default","site-content-layout":"","ast-site-content-layout":"","site-content-style":"default","site-sidebar-style":"default","ast-global-header-display":"","ast-banner-title-visibility":"","ast-main-header-display":"","ast-hfb-above-header-display":"","ast-hfb-below-header-display":"","ast-hfb-mobile-header-display":"","site-post-title":"","ast-breadcrumbs-content":"","ast-featured-img":"","footer-sml-layout":"","theme-transparent-header-meta":"","adv-header-id-meta":"","stick-header-meta":"","header-above-stick-meta":"","header-main-stick-meta":"","header-below-stick-meta":"","astra-migrate-meta-layouts":"default","ast-page-background-enabled":"default","ast-page-background-meta":{"desktop":{"background-color":"var(--ast-global-color-4)","background-image":"","background-repeat":"repeat","background-position":"center center","background-size":"auto","background-attachment":"scroll","background-type":"","background-media":"","overlay-type":"","overlay-color":"","overlay-opacity":"","overlay-gradient":""},"tablet":{"background-color":"","background-image":"","background-repeat":"repeat","background-position":"center center","background-size":"auto","background-attachment":"scroll","background-type":"","background-media":"","overlay-type":"","overlay-color":"","overlay-opacity":"","overlay-gradient":""},"mobile":{"background-color":"","background-image":"","background-repeat":"repeat","background-position":"center center","background-size":"auto","background-attachment":"scroll","background-type":"","background-media":"","overlay-type":"","overlay-color":"","overlay-opacity":"","overlay-gradient":""}},"ast-content-background-meta":{"desktop":{"background-color":"var(--ast-global-color-5)","background-image":"","background-repeat":"repeat","background-position":"center center","background-size":"auto","background-attachment":"scroll","background-type":"","background-media":"","overlay-type":"","overlay-color":"","overlay-opacity":"","overlay-gradient":""},"tablet":{"background-color":"var(--ast-global-color-5)","background-image":"","background-repeat":"repeat","background-position":"center center","background-size":"auto","background-attachment":"scroll","background-type":"","background-media":"","overlay-type":"","overlay-color":"","overlay-opacity":"","overlay-gradient":""},"mobile":{"background-color":"var(--ast-global-color-5)","background-image":"","background-repeat":"repeat","background-position":"center center","background-size":"auto","background-attachment":"scroll","background-type":"","background-media":"","overlay-type":"","overlay-color":"","overlay-opacity":"","overlay-gradient":""}},"footnotes":""},"categories":[36],"tags":[],"class_list":["post-9564","post","type-post","status-publish","format-standard","hentry","category-archiv-2014"],"yoast_head":"<!-- This site is optimized with the Yoast SEO plugin v27.4 - https:\/\/yoast.com\/product\/yoast-seo-wordpress\/ -->\n<title>V\u00fdstava C\u00e9zanne, Manet, Renoir a in\u00ed I 26. 4. - 8. 6. 2014 - Pova\u017esk\u00e9 m\u00fazeum<\/title>\n<meta name=\"robots\" content=\"index, follow, max-snippet:-1, max-image-preview:large, max-video-preview:-1\" \/>\n<link rel=\"canonical\" href=\"https:\/\/pmza.sk\/?p=9564\" \/>\n<meta property=\"og:locale\" content=\"sk_SK\" \/>\n<meta property=\"og:type\" content=\"article\" \/>\n<meta property=\"og:title\" content=\"V\u00fdstava C\u00e9zanne, Manet, Renoir a in\u00ed I 26. 4. - 8. 6. 2014 - Pova\u017esk\u00e9 m\u00fazeum\" \/>\n<meta property=\"og:description\" content=\"V\u00fdnimo\u010dn\u00fa v\u00fdstavu diel franc\u00fazskych a\u00a0nemeck\u00fdch impresionistov s\u00a0n\u00e1zvom C\u00e9zanne, Manet, Renoir a\u00a0in\u00ed pripravilo v\u00a0d\u0148och 26. apr\u00edla a\u017e 8. j\u00fana 2014 (denne, aj po\u010das sviatkov a pondelkov) Pova\u017esk\u00e9 m\u00fazeum v\u00a0\u017diline v\u00a0zria\u010fovate\u013eskej p\u00f4sobnosti \u017dilinsk\u00e9ho samospr\u00e1vneho kraja v\u00a0spolupr\u00e1ci s\u00a0Gal\u00e9riou Sundermann Fine Art \u2013 W\u00fcrzburg (Nemecko). Jedine\u010dnos\u0165ou podujatia je prezent\u00e1cia v\u00fdstavy origin\u00e1lov obrazov v\u00a0priestoroch are\u00e1lu Budat\u00ednskeho hradu a\u00a0n\u00e1sledne v\u00a0Berl\u00edne. Najzn\u00e1mej\u0161\u00ed [&hellip;]\" \/>\n<meta property=\"og:url\" content=\"https:\/\/pmza.sk\/?p=9564\" \/>\n<meta property=\"og:site_name\" content=\"Pova\u017esk\u00e9 m\u00fazeum\" \/>\n<meta property=\"article:publisher\" content=\"https:\/\/www.facebook.com\/povazskemuzeum\" \/>\n<meta property=\"article:published_time\" content=\"2014-04-16T13:08:44+00:00\" \/>\n<meta property=\"og:image\" content=\"https:\/\/pmza.sk\/wp-content\/uploads\/2014\/02\/Henri-Jacques-Evenepoel_Au-square_Farblithografie-von-1897_web001.jpg\" \/>\n<meta name=\"author\" content=\"Pova\u017esk\u00e9 m\u00fazeum\" \/>\n<meta name=\"twitter:card\" content=\"summary_large_image\" \/>\n<meta name=\"twitter:label1\" content=\"Autor\" \/>\n\t<meta name=\"twitter:data1\" content=\"Pova\u017esk\u00e9 m\u00fazeum\" \/>\n\t<meta name=\"twitter:label2\" content=\"Predpokladan\u00fd \u010das \u010d\u00edtania\" \/>\n\t<meta name=\"twitter:data2\" content=\"3 min\u00faty\" \/>\n<script type=\"application\/ld+json\" class=\"yoast-schema-graph\">{\"@context\":\"https:\\\/\\\/schema.org\",\"@graph\":[{\"@type\":\"Article\",\"@id\":\"https:\\\/\\\/pmza.sk\\\/?p=9564#article\",\"isPartOf\":{\"@id\":\"https:\\\/\\\/pmza.sk\\\/?p=9564\"},\"author\":{\"name\":\"Pova\u017esk\u00e9 m\u00fazeum\",\"@id\":\"https:\\\/\\\/pmza.sk\\\/#\\\/schema\\\/person\\\/595e6a2ce731ea94dcd5d7f50a41ae33\"},\"headline\":\"V\u00fdstava C\u00e9zanne, Manet, Renoir a in\u00ed I 26. 4. &#8211; 8. 6. 2014\",\"datePublished\":\"2014-04-16T13:08:44+00:00\",\"mainEntityOfPage\":{\"@id\":\"https:\\\/\\\/pmza.sk\\\/?p=9564\"},\"wordCount\":669,\"publisher\":{\"@id\":\"https:\\\/\\\/pmza.sk\\\/#organization\"},\"image\":{\"@id\":\"https:\\\/\\\/pmza.sk\\\/?p=9564#primaryimage\"},\"thumbnailUrl\":\"http:\\\/\\\/pmza.sk\\\/wp-content\\\/uploads\\\/2014\\\/02\\\/Henri-Jacques-Evenepoel_Au-square_Farblithografie-von-1897_web001.jpg\",\"articleSection\":[\"Arch\u00edv 2014\"],\"inLanguage\":\"sk-SK\"},{\"@type\":\"WebPage\",\"@id\":\"https:\\\/\\\/pmza.sk\\\/?p=9564\",\"url\":\"https:\\\/\\\/pmza.sk\\\/?p=9564\",\"name\":\"V\u00fdstava C\u00e9zanne, Manet, Renoir a in\u00ed I 26. 4. - 8. 6. 2014 - Pova\u017esk\u00e9 m\u00fazeum\",\"isPartOf\":{\"@id\":\"https:\\\/\\\/pmza.sk\\\/#website\"},\"primaryImageOfPage\":{\"@id\":\"https:\\\/\\\/pmza.sk\\\/?p=9564#primaryimage\"},\"image\":{\"@id\":\"https:\\\/\\\/pmza.sk\\\/?p=9564#primaryimage\"},\"thumbnailUrl\":\"http:\\\/\\\/pmza.sk\\\/wp-content\\\/uploads\\\/2014\\\/02\\\/Henri-Jacques-Evenepoel_Au-square_Farblithografie-von-1897_web001.jpg\",\"datePublished\":\"2014-04-16T13:08:44+00:00\",\"breadcrumb\":{\"@id\":\"https:\\\/\\\/pmza.sk\\\/?p=9564#breadcrumb\"},\"inLanguage\":\"sk-SK\",\"potentialAction\":[{\"@type\":\"ReadAction\",\"target\":[\"https:\\\/\\\/pmza.sk\\\/?p=9564\"]}]},{\"@type\":\"ImageObject\",\"inLanguage\":\"sk-SK\",\"@id\":\"https:\\\/\\\/pmza.sk\\\/?p=9564#primaryimage\",\"url\":\"https:\\\/\\\/pmza.sk\\\/wp-content\\\/uploads\\\/2014\\\/02\\\/Henri-Jacques-Evenepoel_Au-square_Farblithografie-von-1897_web001.jpg\",\"contentUrl\":\"https:\\\/\\\/pmza.sk\\\/wp-content\\\/uploads\\\/2014\\\/02\\\/Henri-Jacques-Evenepoel_Au-square_Farblithografie-von-1897_web001.jpg\",\"width\":176,\"height\":260,\"caption\":\"Henri Jacques Evenepoel_Au square_Farblithografie von 1897\"},{\"@type\":\"BreadcrumbList\",\"@id\":\"https:\\\/\\\/pmza.sk\\\/?p=9564#breadcrumb\",\"itemListElement\":[{\"@type\":\"ListItem\",\"position\":1,\"name\":\"Domovsk\u00e1 str\u00e1nka\",\"item\":\"https:\\\/\\\/pmza.sk\\\/\"},{\"@type\":\"ListItem\",\"position\":2,\"name\":\"V\u00fdstava C\u00e9zanne, Manet, Renoir a in\u00ed I 26. 4. &#8211; 8. 6. 2014\"}]},{\"@type\":\"WebSite\",\"@id\":\"https:\\\/\\\/pmza.sk\\\/#website\",\"url\":\"https:\\\/\\\/pmza.sk\\\/\",\"name\":\"Pova\u017esk\u00e9 m\u00fazeum\",\"description\":\"Pova\u017esk\u00e9 m\u00fazeum v \u017diline je region\u00e1lne m\u00fazeum so s\u00eddlom v Budat\u00edne. Jeho expoz\u00edcie s\u00fa zameran\u00e9 na dejiny slovensk\u00e9ho umenia, kult\u00fary a dopravy.\",\"publisher\":{\"@id\":\"https:\\\/\\\/pmza.sk\\\/#organization\"},\"potentialAction\":[{\"@type\":\"SearchAction\",\"target\":{\"@type\":\"EntryPoint\",\"urlTemplate\":\"https:\\\/\\\/pmza.sk\\\/?s={search_term_string}\"},\"query-input\":{\"@type\":\"PropertyValueSpecification\",\"valueRequired\":true,\"valueName\":\"search_term_string\"}}],\"inLanguage\":\"sk-SK\"},{\"@type\":\"Organization\",\"@id\":\"https:\\\/\\\/pmza.sk\\\/#organization\",\"name\":\"Pova\u017esk\u00e9 m\u00fazeum\",\"url\":\"https:\\\/\\\/pmza.sk\\\/\",\"logo\":{\"@type\":\"ImageObject\",\"inLanguage\":\"sk-SK\",\"@id\":\"https:\\\/\\\/pmza.sk\\\/#\\\/schema\\\/logo\\\/image\\\/\",\"url\":\"https:\\\/\\\/pmza.sk\\\/wp-content\\\/uploads\\\/2022\\\/01\\\/logo_PM_horizontal.jpg\",\"contentUrl\":\"https:\\\/\\\/pmza.sk\\\/wp-content\\\/uploads\\\/2022\\\/01\\\/logo_PM_horizontal.jpg\",\"width\":231,\"height\":142,\"caption\":\"Pova\u017esk\u00e9 m\u00fazeum\"},\"image\":{\"@id\":\"https:\\\/\\\/pmza.sk\\\/#\\\/schema\\\/logo\\\/image\\\/\"},\"sameAs\":[\"https:\\\/\\\/www.facebook.com\\\/povazskemuzeum\",\"https:\\\/\\\/www.instagram.com\\\/povazskemuzeum\\\/\"]},{\"@type\":\"Person\",\"@id\":\"https:\\\/\\\/pmza.sk\\\/#\\\/schema\\\/person\\\/595e6a2ce731ea94dcd5d7f50a41ae33\",\"name\":\"Pova\u017esk\u00e9 m\u00fazeum\",\"image\":{\"@type\":\"ImageObject\",\"inLanguage\":\"sk-SK\",\"@id\":\"https:\\\/\\\/secure.gravatar.com\\\/avatar\\\/2bb7f1561282132fb5826dfeccc66c7996d11ee392ac6aaf7ced8a1c2027fbb2?s=96&d=mm&r=g\",\"url\":\"https:\\\/\\\/secure.gravatar.com\\\/avatar\\\/2bb7f1561282132fb5826dfeccc66c7996d11ee392ac6aaf7ced8a1c2027fbb2?s=96&d=mm&r=g\",\"contentUrl\":\"https:\\\/\\\/secure.gravatar.com\\\/avatar\\\/2bb7f1561282132fb5826dfeccc66c7996d11ee392ac6aaf7ced8a1c2027fbb2?s=96&d=mm&r=g\",\"caption\":\"Pova\u017esk\u00e9 m\u00fazeum\"}}]}<\/script>\n<!-- \/ Yoast SEO plugin. -->","yoast_head_json":{"title":"V\u00fdstava C\u00e9zanne, Manet, Renoir a in\u00ed I 26. 4. - 8. 6. 2014 - Pova\u017esk\u00e9 m\u00fazeum","robots":{"index":"index","follow":"follow","max-snippet":"max-snippet:-1","max-image-preview":"max-image-preview:large","max-video-preview":"max-video-preview:-1"},"canonical":"https:\/\/pmza.sk\/?p=9564","og_locale":"sk_SK","og_type":"article","og_title":"V\u00fdstava C\u00e9zanne, Manet, Renoir a in\u00ed I 26. 4. - 8. 6. 2014 - Pova\u017esk\u00e9 m\u00fazeum","og_description":"V\u00fdnimo\u010dn\u00fa v\u00fdstavu diel franc\u00fazskych a\u00a0nemeck\u00fdch impresionistov s\u00a0n\u00e1zvom C\u00e9zanne, Manet, Renoir a\u00a0in\u00ed pripravilo v\u00a0d\u0148och 26. apr\u00edla a\u017e 8. j\u00fana 2014 (denne, aj po\u010das sviatkov a pondelkov) Pova\u017esk\u00e9 m\u00fazeum v\u00a0\u017diline v\u00a0zria\u010fovate\u013eskej p\u00f4sobnosti \u017dilinsk\u00e9ho samospr\u00e1vneho kraja v\u00a0spolupr\u00e1ci s\u00a0Gal\u00e9riou Sundermann Fine Art \u2013 W\u00fcrzburg (Nemecko). Jedine\u010dnos\u0165ou podujatia je prezent\u00e1cia v\u00fdstavy origin\u00e1lov obrazov v\u00a0priestoroch are\u00e1lu Budat\u00ednskeho hradu a\u00a0n\u00e1sledne v\u00a0Berl\u00edne. Najzn\u00e1mej\u0161\u00ed [&hellip;]","og_url":"https:\/\/pmza.sk\/?p=9564","og_site_name":"Pova\u017esk\u00e9 m\u00fazeum","article_publisher":"https:\/\/www.facebook.com\/povazskemuzeum","article_published_time":"2014-04-16T13:08:44+00:00","og_image":[{"url":"https:\/\/pmza.sk\/wp-content\/uploads\/2014\/02\/Henri-Jacques-Evenepoel_Au-square_Farblithografie-von-1897_web001.jpg","type":"","width":"","height":""}],"author":"Pova\u017esk\u00e9 m\u00fazeum","twitter_card":"summary_large_image","twitter_misc":{"Autor":"Pova\u017esk\u00e9 m\u00fazeum","Predpokladan\u00fd \u010das \u010d\u00edtania":"3 min\u00faty"},"schema":{"@context":"https:\/\/schema.org","@graph":[{"@type":"Article","@id":"https:\/\/pmza.sk\/?p=9564#article","isPartOf":{"@id":"https:\/\/pmza.sk\/?p=9564"},"author":{"name":"Pova\u017esk\u00e9 m\u00fazeum","@id":"https:\/\/pmza.sk\/#\/schema\/person\/595e6a2ce731ea94dcd5d7f50a41ae33"},"headline":"V\u00fdstava C\u00e9zanne, Manet, Renoir a in\u00ed I 26. 4. &#8211; 8. 6. 2014","datePublished":"2014-04-16T13:08:44+00:00","mainEntityOfPage":{"@id":"https:\/\/pmza.sk\/?p=9564"},"wordCount":669,"publisher":{"@id":"https:\/\/pmza.sk\/#organization"},"image":{"@id":"https:\/\/pmza.sk\/?p=9564#primaryimage"},"thumbnailUrl":"https:\/\/pmza.sk\/wp-content\/uploads\/2014\/02\/Henri-Jacques-Evenepoel_Au-square_Farblithografie-von-1897_web001.jpg","articleSection":["Arch\u00edv 2014"],"inLanguage":"sk-SK"},{"@type":"WebPage","@id":"https:\/\/pmza.sk\/?p=9564","url":"https:\/\/pmza.sk\/?p=9564","name":"V\u00fdstava C\u00e9zanne, Manet, Renoir a in\u00ed I 26. 4. - 8. 6. 2014 - Pova\u017esk\u00e9 m\u00fazeum","isPartOf":{"@id":"https:\/\/pmza.sk\/#website"},"primaryImageOfPage":{"@id":"https:\/\/pmza.sk\/?p=9564#primaryimage"},"image":{"@id":"https:\/\/pmza.sk\/?p=9564#primaryimage"},"thumbnailUrl":"https:\/\/pmza.sk\/wp-content\/uploads\/2014\/02\/Henri-Jacques-Evenepoel_Au-square_Farblithografie-von-1897_web001.jpg","datePublished":"2014-04-16T13:08:44+00:00","breadcrumb":{"@id":"https:\/\/pmza.sk\/?p=9564#breadcrumb"},"inLanguage":"sk-SK","potentialAction":[{"@type":"ReadAction","target":["https:\/\/pmza.sk\/?p=9564"]}]},{"@type":"ImageObject","inLanguage":"sk-SK","@id":"https:\/\/pmza.sk\/?p=9564#primaryimage","url":"https:\/\/pmza.sk\/wp-content\/uploads\/2014\/02\/Henri-Jacques-Evenepoel_Au-square_Farblithografie-von-1897_web001.jpg","contentUrl":"https:\/\/pmza.sk\/wp-content\/uploads\/2014\/02\/Henri-Jacques-Evenepoel_Au-square_Farblithografie-von-1897_web001.jpg","width":176,"height":260,"caption":"Henri Jacques Evenepoel_Au square_Farblithografie von 1897"},{"@type":"BreadcrumbList","@id":"https:\/\/pmza.sk\/?p=9564#breadcrumb","itemListElement":[{"@type":"ListItem","position":1,"name":"Domovsk\u00e1 str\u00e1nka","item":"https:\/\/pmza.sk\/"},{"@type":"ListItem","position":2,"name":"V\u00fdstava C\u00e9zanne, Manet, Renoir a in\u00ed I 26. 4. &#8211; 8. 6. 2014"}]},{"@type":"WebSite","@id":"https:\/\/pmza.sk\/#website","url":"https:\/\/pmza.sk\/","name":"Pova\u017esk\u00e9 m\u00fazeum","description":"Pova\u017esk\u00e9 m\u00fazeum v \u017diline je region\u00e1lne m\u00fazeum so s\u00eddlom v Budat\u00edne. Jeho expoz\u00edcie s\u00fa zameran\u00e9 na dejiny slovensk\u00e9ho umenia, kult\u00fary a dopravy.","publisher":{"@id":"https:\/\/pmza.sk\/#organization"},"potentialAction":[{"@type":"SearchAction","target":{"@type":"EntryPoint","urlTemplate":"https:\/\/pmza.sk\/?s={search_term_string}"},"query-input":{"@type":"PropertyValueSpecification","valueRequired":true,"valueName":"search_term_string"}}],"inLanguage":"sk-SK"},{"@type":"Organization","@id":"https:\/\/pmza.sk\/#organization","name":"Pova\u017esk\u00e9 m\u00fazeum","url":"https:\/\/pmza.sk\/","logo":{"@type":"ImageObject","inLanguage":"sk-SK","@id":"https:\/\/pmza.sk\/#\/schema\/logo\/image\/","url":"https:\/\/pmza.sk\/wp-content\/uploads\/2022\/01\/logo_PM_horizontal.jpg","contentUrl":"https:\/\/pmza.sk\/wp-content\/uploads\/2022\/01\/logo_PM_horizontal.jpg","width":231,"height":142,"caption":"Pova\u017esk\u00e9 m\u00fazeum"},"image":{"@id":"https:\/\/pmza.sk\/#\/schema\/logo\/image\/"},"sameAs":["https:\/\/www.facebook.com\/povazskemuzeum","https:\/\/www.instagram.com\/povazskemuzeum\/"]},{"@type":"Person","@id":"https:\/\/pmza.sk\/#\/schema\/person\/595e6a2ce731ea94dcd5d7f50a41ae33","name":"Pova\u017esk\u00e9 m\u00fazeum","image":{"@type":"ImageObject","inLanguage":"sk-SK","@id":"https:\/\/secure.gravatar.com\/avatar\/2bb7f1561282132fb5826dfeccc66c7996d11ee392ac6aaf7ced8a1c2027fbb2?s=96&d=mm&r=g","url":"https:\/\/secure.gravatar.com\/avatar\/2bb7f1561282132fb5826dfeccc66c7996d11ee392ac6aaf7ced8a1c2027fbb2?s=96&d=mm&r=g","contentUrl":"https:\/\/secure.gravatar.com\/avatar\/2bb7f1561282132fb5826dfeccc66c7996d11ee392ac6aaf7ced8a1c2027fbb2?s=96&d=mm&r=g","caption":"Pova\u017esk\u00e9 m\u00fazeum"}}]}},"_links":{"self":[{"href":"https:\/\/pmza.sk\/index.php?rest_route=\/wp\/v2\/posts\/9564","targetHints":{"allow":["GET"]}}],"collection":[{"href":"https:\/\/pmza.sk\/index.php?rest_route=\/wp\/v2\/posts"}],"about":[{"href":"https:\/\/pmza.sk\/index.php?rest_route=\/wp\/v2\/types\/post"}],"author":[{"embeddable":true,"href":"https:\/\/pmza.sk\/index.php?rest_route=\/wp\/v2\/users\/2"}],"replies":[{"embeddable":true,"href":"https:\/\/pmza.sk\/index.php?rest_route=%2Fwp%2Fv2%2Fcomments&post=9564"}],"version-history":[{"count":0,"href":"https:\/\/pmza.sk\/index.php?rest_route=\/wp\/v2\/posts\/9564\/revisions"}],"wp:attachment":[{"href":"https:\/\/pmza.sk\/index.php?rest_route=%2Fwp%2Fv2%2Fmedia&parent=9564"}],"wp:term":[{"taxonomy":"category","embeddable":true,"href":"https:\/\/pmza.sk\/index.php?rest_route=%2Fwp%2Fv2%2Fcategories&post=9564"},{"taxonomy":"post_tag","embeddable":true,"href":"https:\/\/pmza.sk\/index.php?rest_route=%2Fwp%2Fv2%2Ftags&post=9564"}],"curies":[{"name":"wp","href":"https:\/\/api.w.org\/{rel}","templated":true}]}}