{"id":9624,"date":"2014-04-24T11:39:11","date_gmt":"2014-04-24T09:39:11","guid":{"rendered":"https:\/\/pmza.sk.sk\/?p=9624"},"modified":"2014-04-24T11:39:11","modified_gmt":"2014-04-24T09:39:11","slug":"sezonu-otvorime-slavnostne-na-hrade-strecno","status":"publish","type":"post","link":"https:\/\/pmza.sk\/?p=9624","title":{"rendered":"Sez\u00f3nu otvor\u00edme sl\u00e1vnostne na hrade Stre\u010dno"},"content":{"rendered":"<p><a href=\"https:\/\/pmza.sk\/wp-content\/uploads\/2014\/04\/Otvorenie-sezony-na-Strecne_plagat-A4-scaled-1.jpg\"><img fetchpriority=\"high\" decoding=\"async\" class=\"alignleft size-medium wp-image-9623\" alt=\"Otvorenie sez\u00f3ny na Stre\u010dne_plag\u00e1t A4\" src=\"https:\/\/pmza.sk.sk\/wp-content\/uploads\/2014\/04\/Otvorenie-sez\u00f3ny-na-Stre\u010dne_plag\u00e1t-A4-212x300.jpg\" width=\"212\" height=\"300\" \/><\/a>Ka\u017edoro\u010dne sl\u00e1vnostne otv\u00e1rame sez\u00f3nu na hrade Stre\u010dno <strong>1. m\u00e1ja<\/strong> podujat\u00edm s\u00a0pestr\u00fdm programom na hrade a tento rok prv\u00fdkr\u00e1t aj v\u00a0podhrad\u00ed.<\/p>\n<p>V\u00a0r\u00e1mci prehliadky bude v\u00a0tento de\u0148 spr\u00edstupnen\u00e1 v\u00fdstava Luxus 17. \u2013 19. storo\u010dia zo zbierok Muzea Beskyd z\u00a0Fr\u00fddku-M\u00edstku, ktor\u00e9 je partnerskou organiz\u00e1ciou Pova\u017esk\u00e9ho m\u00fazea v\u00a0\u017diline. V\u00a0are\u00e1li hradu bude po\u010das cel\u00e9ho d\u0148a mo\u017en\u00e9 vidie\u0165 a\u00a0po\u010du\u0165 strie\u013eanie z\u00a0dela, ktor\u00e9 predved\u00fa delostrelci z\u00a0Martina pod veden\u00edm kapr\u00e1la \u010cara. <i>\u201eMlsn\u00e9 jaz\u00fd\u010dky si pr\u00eddu na svoje pri ochutn\u00e1vke stredovekej kuchyne v\u00a0podan\u00ed Cechu Terra de Selinan. Prierez dejinami hradu pribl\u00ed\u017ei v\u00a0divadelnom preveden\u00ed spr\u00e1vca hradu. Nav\u0161t\u00edvi\u0165 n\u00e1s pr\u00edde aj samotn\u00e1 \u017dofia Bosniakov\u00e1. V\u00a0pr\u00edbehu sa dozvieme pre\u010do bola a\u00a0st\u00e1le je ob\u013e\u00faben\u00e1 medzi \u013eu\u010fmi,\u201c<\/i> pribl\u00ed\u017eila program spr\u00e1vky\u0148a hradu Stre\u010dno Katar\u00edna Rep\u00e1\u0148ov\u00e1. <!--more-->Hlavn\u00e9 n\u00e1dvorie bude pln\u00e9 jarmo\u010dn\u00edkov a\u00a0deti sa vy\u0161antia na prvom n\u00e1dvor\u00ed na detskom koloto\u010di, k\u00fdm remeseln\u00edci bud\u00fa pred\u00e1va\u0165 vlastnoru\u010dne vyroben\u00e9 v\u00fdrobky. V\u00a0drevenej dedine Paseka pod hradom je napl\u00e1novan\u00e9 v\u00a0popolud\u0148aj\u0161\u00edch hodin\u00e1ch vyst\u00fapenie po\u013esk\u00e9ho partnera z\u00a0obce \u015alemie\u0144 \u2013 \u015alemie\u0144ky, hudobnej skupiny Wasted Strings a\u00a0Blue Time.<\/p>\n<p>Program za\u010d\u00edna o\u00a09:00 hodine a\u00a0potrv\u00e1 do 18:00 (posledn\u00fd vstup o 17:00 h). Hlavn\u00fdm medi\u00e1lnym partnerom podujatia je \u017dilinsk\u00fd ve\u010dern\u00edk. Pova\u017esk\u00e9 m\u00fazeum je v\u00a0zria\u010fovate\u013eskej p\u00f4sobnosti \u017dilinsk\u00e9ho samospr\u00e1vneho kraja.<\/p>\n<p><strong>PROGRAM:<\/strong><\/p>\n<p>&nbsp;<\/p>\n<p>Program: <b>Hrad<\/b><\/p>\n<p>09:00 \u2013 otvorenie v\u00fdstavy zo zbierok Muzea Beskyd\u00a0 &#8211; Luxus 17. &#8211; 19. stor. \u2013 Ju\u017en\u00fd pal\u00e1c poschodie<\/p>\n<p><b>Celodenn\u00fd program v\u00a0hrade:<\/b><\/p>\n<p>Delostrelci z\u00a0Martina<\/p>\n<p>Cech Terra de Selinan \u2013 stredovek\u00e1 kuchy\u0148a &#8211; n\u00e1dvorie<\/p>\n<p>&#8211;\u00a0 mn\u00edch kronik\u00e1r \u2013 prierez dejinami hradu<\/p>\n<p>&#8211;\u00a0 ju\u017en\u00fd pal\u00e1c pr\u00edzemie \u2013 kuchy\u0148a \u2013 sc\u00e9nka so \u017dofiou Bosniakovou<\/p>\n<p>Na hlavnom n\u00e1dvor\u00ed bude tradi\u010dn\u00fd jarmok<\/p>\n<p>Na prvom n\u00e1dvor\u00ed \u2013 detsk\u00fd koloto\u010d + predaj ru\u010dne roben\u00fdch v\u00fdrobkov<\/p>\n<p><b>Program: PASEKA<\/b><\/p>\n<p>14:00\u00a0 &#8211; vyst\u00fapenie po\u013esk\u00e9ho partnera \u2013 \u015alemie\u0144ky<\/p>\n<p>15:00\u00a0 &#8211; vyst\u00fapenie hudobnej skupiny Wasted strings<\/p>\n<p>16:00\u00a0 &#8211; vyst\u00fapenie hudobnej skupiny Blue Time<\/p>\n<p>&nbsp;<\/p>\n<p><strong>Hlavn\u00fd medi\u00e1lny partner:<\/strong><\/p>\n<p><a href=\"https:\/\/pmza.sk\/wp-content\/uploads\/2014\/04\/ZV-logo-new-CMYK-2.jpg\"><img decoding=\"async\" class=\"alignleft size-medium wp-image-9565\" alt=\"Bez na\u0301zvu-1\" src=\"https:\/\/pmza.sk.sk\/wp-content\/uploads\/2014\/04\/ZV-logo-new-CMYK-2-300x87.jpg\" width=\"300\" height=\"87\" \/><\/a><\/p>\n<p>&nbsp;<\/p>\n<p>&nbsp;<\/p>\n<p>&nbsp;<\/p>\n<p>&nbsp;<\/p>\n<p><strong>Partneri:<\/strong><\/p>\n<p>\u00a0<a href=\"https:\/\/pmza.sk\/wp-content\/uploads\/2014\/03\/MDS-Povazska-Bystrica_logo_velke.jpg\"><img decoding=\"async\" class=\"alignleft size-medium wp-image-9275\" alt=\"MDS Pova\u017esk\u00e1 Bystrica_logo_velke\" src=\"https:\/\/pmza.sk.sk\/wp-content\/uploads\/2014\/03\/MDS-Pova\u017esk\u00e1-Bystrica_logo_velke-300x224.jpg\" width=\"167\" height=\"124\" \/><\/a><\/p>\n<p>\u00a0<a href=\"https:\/\/pmza.sk\/wp-content\/uploads\/2014\/02\/MY-ZN_logo.jpg\"><img loading=\"lazy\" decoding=\"async\" class=\"alignleft size-full wp-image-9099\" alt=\"MY \u017dN_logo\" src=\"https:\/\/pmza.sk\/wp-content\/uploads\/2014\/02\/MY-ZN_logo.jpg\" width=\"170\" height=\"134\" \/><\/a><\/p>\n<p>&nbsp;<\/p>\n<p><a href=\"https:\/\/pmza.sk\/wp-content\/uploads\/2014\/02\/logozilinadnes.png\"><img loading=\"lazy\" decoding=\"async\" class=\"alignleft size-medium wp-image-9098\" alt=\"logozilinadnes\" src=\"https:\/\/pmza.sk.sk\/wp-content\/uploads\/2014\/02\/logozilinadnes-300x125.png\" width=\"231\" height=\"96\" \/><\/a><\/p>\n<p>&nbsp;<\/p>\n<p>&nbsp;<\/p>\n<p>&nbsp;<\/p>\n<p><a href=\"https:\/\/pmza.sk\/wp-content\/uploads\/2014\/03\/LOGO-SEVER_biele_dsc_logo.jpg\"><img loading=\"lazy\" decoding=\"async\" class=\"alignleft size-medium wp-image-9253\" alt=\"LOGO SEVER_biele_dsc_logo\" src=\"https:\/\/pmza.sk.sk\/wp-content\/uploads\/2014\/03\/LOGO-SEVER_biele_dsc_logo-300x193.jpg\" width=\"175\" height=\"112\" \/><\/a><\/p>\n<p>&nbsp;<\/p>\n<p>\u00a0<a href=\"https:\/\/pmza.sk\/wp-content\/uploads\/2014\/03\/TV_FENIX.jpg\"><img loading=\"lazy\" decoding=\"async\" class=\"alignleft size-full wp-image-9288\" alt=\"TV_FENIX\" src=\"https:\/\/pmza.sk\/wp-content\/uploads\/2014\/03\/TV_FENIX.jpg\" width=\"208\" height=\"65\" \/><\/a><\/p>\n<p>\u00a0<a href=\"https:\/\/pmza.sk\/wp-content\/uploads\/2014\/02\/severka-scaled-1.jpg\"><img loading=\"lazy\" decoding=\"async\" class=\"alignleft size-medium wp-image-9159\" alt=\"severka\" src=\"https:\/\/pmza.sk.sk\/wp-content\/uploads\/2014\/02\/severka-300x88.jpg\" width=\"185\" height=\"54\" \/><\/a><\/p>\n<p>&nbsp;<\/p>\n<p>&nbsp;<\/p>\n<p>&nbsp;<\/p>\n<p><a href=\"https:\/\/pmza.sk\/wp-content\/uploads\/2014\/02\/bigmedia.jpg\"><img loading=\"lazy\" decoding=\"async\" class=\"alignleft size-medium wp-image-9422\" alt=\"bigmedia\" src=\"https:\/\/pmza.sk.sk\/wp-content\/uploads\/2014\/02\/bigmedia-300x67.jpg\" width=\"300\" height=\"67\" \/><\/a><\/p>\n<p>&nbsp;<\/p>\n<p>&nbsp;<\/p>\n<p>&nbsp;<\/p>\n<p>&nbsp;<\/p>\n<p>&nbsp;<\/p>\n<p>&nbsp;<\/p>\n<p>&nbsp;<\/p>\n","protected":false},"excerpt":{"rendered":"<p>Ka\u017edoro\u010dne sl\u00e1vnostne otv\u00e1rame sez\u00f3nu na hrade Stre\u010dno 1. m\u00e1ja podujat\u00edm s\u00a0pestr\u00fdm programom na hrade a tento rok prv\u00fdkr\u00e1t aj v\u00a0podhrad\u00ed. V\u00a0r\u00e1mci prehliadky bude v\u00a0tento de\u0148 spr\u00edstupnen\u00e1 v\u00fdstava Luxus 17. \u2013 19. storo\u010dia zo zbierok Muzea Beskyd z\u00a0Fr\u00fddku-M\u00edstku, ktor\u00e9 je partnerskou organiz\u00e1ciou Pova\u017esk\u00e9ho m\u00fazea v\u00a0\u017diline. V\u00a0are\u00e1li hradu bude po\u010das cel\u00e9ho d\u0148a mo\u017en\u00e9 vidie\u0165 a\u00a0po\u010du\u0165 strie\u013eanie z\u00a0dela, [&hellip;]<\/p>\n","protected":false},"author":2,"featured_media":0,"comment_status":"closed","ping_status":"closed","sticky":false,"template":"","format":"standard","meta":{"site-sidebar-layout":"default","site-content-layout":"","ast-site-content-layout":"","site-content-style":"default","site-sidebar-style":"default","ast-global-header-display":"","ast-banner-title-visibility":"","ast-main-header-display":"","ast-hfb-above-header-display":"","ast-hfb-below-header-display":"","ast-hfb-mobile-header-display":"","site-post-title":"","ast-breadcrumbs-content":"","ast-featured-img":"","footer-sml-layout":"","theme-transparent-header-meta":"","adv-header-id-meta":"","stick-header-meta":"","header-above-stick-meta":"","header-main-stick-meta":"","header-below-stick-meta":"","astra-migrate-meta-layouts":"default","ast-page-background-enabled":"default","ast-page-background-meta":{"desktop":{"background-color":"var(--ast-global-color-4)","background-image":"","background-repeat":"repeat","background-position":"center center","background-size":"auto","background-attachment":"scroll","background-type":"","background-media":"","overlay-type":"","overlay-color":"","overlay-opacity":"","overlay-gradient":""},"tablet":{"background-color":"","background-image":"","background-repeat":"repeat","background-position":"center center","background-size":"auto","background-attachment":"scroll","background-type":"","background-media":"","overlay-type":"","overlay-color":"","overlay-opacity":"","overlay-gradient":""},"mobile":{"background-color":"","background-image":"","background-repeat":"repeat","background-position":"center center","background-size":"auto","background-attachment":"scroll","background-type":"","background-media":"","overlay-type":"","overlay-color":"","overlay-opacity":"","overlay-gradient":""}},"ast-content-background-meta":{"desktop":{"background-color":"var(--ast-global-color-5)","background-image":"","background-repeat":"repeat","background-position":"center center","background-size":"auto","background-attachment":"scroll","background-type":"","background-media":"","overlay-type":"","overlay-color":"","overlay-opacity":"","overlay-gradient":""},"tablet":{"background-color":"var(--ast-global-color-5)","background-image":"","background-repeat":"repeat","background-position":"center center","background-size":"auto","background-attachment":"scroll","background-type":"","background-media":"","overlay-type":"","overlay-color":"","overlay-opacity":"","overlay-gradient":""},"mobile":{"background-color":"var(--ast-global-color-5)","background-image":"","background-repeat":"repeat","background-position":"center center","background-size":"auto","background-attachment":"scroll","background-type":"","background-media":"","overlay-type":"","overlay-color":"","overlay-opacity":"","overlay-gradient":""}},"footnotes":""},"categories":[36],"tags":[],"class_list":["post-9624","post","type-post","status-publish","format-standard","hentry","category-archiv-2014"],"yoast_head":"<!-- This site is optimized with the Yoast SEO plugin v27.4 - https:\/\/yoast.com\/product\/yoast-seo-wordpress\/ -->\n<title>Sez\u00f3nu otvor\u00edme sl\u00e1vnostne na hrade Stre\u010dno - Pova\u017esk\u00e9 m\u00fazeum<\/title>\n<meta name=\"robots\" content=\"index, follow, max-snippet:-1, max-image-preview:large, max-video-preview:-1\" \/>\n<link rel=\"canonical\" href=\"https:\/\/pmza.sk\/?p=9624\" \/>\n<meta property=\"og:locale\" content=\"sk_SK\" \/>\n<meta property=\"og:type\" content=\"article\" \/>\n<meta property=\"og:title\" content=\"Sez\u00f3nu otvor\u00edme sl\u00e1vnostne na hrade Stre\u010dno - Pova\u017esk\u00e9 m\u00fazeum\" \/>\n<meta property=\"og:description\" content=\"Ka\u017edoro\u010dne sl\u00e1vnostne otv\u00e1rame sez\u00f3nu na hrade Stre\u010dno 1. m\u00e1ja podujat\u00edm s\u00a0pestr\u00fdm programom na hrade a tento rok prv\u00fdkr\u00e1t aj v\u00a0podhrad\u00ed. V\u00a0r\u00e1mci prehliadky bude v\u00a0tento de\u0148 spr\u00edstupnen\u00e1 v\u00fdstava Luxus 17. \u2013 19. storo\u010dia zo zbierok Muzea Beskyd z\u00a0Fr\u00fddku-M\u00edstku, ktor\u00e9 je partnerskou organiz\u00e1ciou Pova\u017esk\u00e9ho m\u00fazea v\u00a0\u017diline. V\u00a0are\u00e1li hradu bude po\u010das cel\u00e9ho d\u0148a mo\u017en\u00e9 vidie\u0165 a\u00a0po\u010du\u0165 strie\u013eanie z\u00a0dela, [&hellip;]\" \/>\n<meta property=\"og:url\" content=\"https:\/\/pmza.sk\/?p=9624\" \/>\n<meta property=\"og:site_name\" content=\"Pova\u017esk\u00e9 m\u00fazeum\" \/>\n<meta property=\"article:publisher\" content=\"https:\/\/www.facebook.com\/povazskemuzeum\" \/>\n<meta property=\"article:published_time\" content=\"2014-04-24T09:39:11+00:00\" \/>\n<meta property=\"og:image\" content=\"https:\/\/pmza.sk.sk\/wp-content\/uploads\/2014\/04\/ZV-logo-new-CMYK-2-300x87.jpg\" \/>\n<meta name=\"author\" content=\"Pova\u017esk\u00e9 m\u00fazeum\" \/>\n<meta name=\"twitter:card\" content=\"summary_large_image\" \/>\n<meta name=\"twitter:label1\" content=\"Autor\" \/>\n\t<meta name=\"twitter:data1\" content=\"Pova\u017esk\u00e9 m\u00fazeum\" \/>\n\t<meta name=\"twitter:label2\" content=\"Predpokladan\u00fd \u010das \u010d\u00edtania\" \/>\n\t<meta name=\"twitter:data2\" content=\"2 min\u00faty\" \/>\n<script type=\"application\/ld+json\" class=\"yoast-schema-graph\">{\"@context\":\"https:\\\/\\\/schema.org\",\"@graph\":[{\"@type\":\"Article\",\"@id\":\"https:\\\/\\\/pmza.sk\\\/?p=9624#article\",\"isPartOf\":{\"@id\":\"https:\\\/\\\/pmza.sk\\\/?p=9624\"},\"author\":{\"name\":\"Pova\u017esk\u00e9 m\u00fazeum\",\"@id\":\"https:\\\/\\\/pmza.sk\\\/#\\\/schema\\\/person\\\/595e6a2ce731ea94dcd5d7f50a41ae33\"},\"headline\":\"Sez\u00f3nu otvor\u00edme sl\u00e1vnostne na hrade Stre\u010dno\",\"datePublished\":\"2014-04-24T09:39:11+00:00\",\"mainEntityOfPage\":{\"@id\":\"https:\\\/\\\/pmza.sk\\\/?p=9624\"},\"wordCount\":415,\"publisher\":{\"@id\":\"https:\\\/\\\/pmza.sk\\\/#organization\"},\"image\":{\"@id\":\"https:\\\/\\\/pmza.sk\\\/?p=9624#primaryimage\"},\"thumbnailUrl\":\"http:\\\/\\\/pmza.sk.sk\\\/wp-content\\\/uploads\\\/2014\\\/04\\\/ZV-logo-new-CMYK-2-300x87.jpg\",\"articleSection\":[\"Arch\u00edv 2014\"],\"inLanguage\":\"sk-SK\"},{\"@type\":\"WebPage\",\"@id\":\"https:\\\/\\\/pmza.sk\\\/?p=9624\",\"url\":\"https:\\\/\\\/pmza.sk\\\/?p=9624\",\"name\":\"Sez\u00f3nu otvor\u00edme sl\u00e1vnostne na hrade Stre\u010dno - Pova\u017esk\u00e9 m\u00fazeum\",\"isPartOf\":{\"@id\":\"https:\\\/\\\/pmza.sk\\\/#website\"},\"primaryImageOfPage\":{\"@id\":\"https:\\\/\\\/pmza.sk\\\/?p=9624#primaryimage\"},\"image\":{\"@id\":\"https:\\\/\\\/pmza.sk\\\/?p=9624#primaryimage\"},\"thumbnailUrl\":\"http:\\\/\\\/pmza.sk.sk\\\/wp-content\\\/uploads\\\/2014\\\/04\\\/ZV-logo-new-CMYK-2-300x87.jpg\",\"datePublished\":\"2014-04-24T09:39:11+00:00\",\"breadcrumb\":{\"@id\":\"https:\\\/\\\/pmza.sk\\\/?p=9624#breadcrumb\"},\"inLanguage\":\"sk-SK\",\"potentialAction\":[{\"@type\":\"ReadAction\",\"target\":[\"https:\\\/\\\/pmza.sk\\\/?p=9624\"]}]},{\"@type\":\"ImageObject\",\"inLanguage\":\"sk-SK\",\"@id\":\"https:\\\/\\\/pmza.sk\\\/?p=9624#primaryimage\",\"url\":\"http:\\\/\\\/pmza.sk.sk\\\/wp-content\\\/uploads\\\/2014\\\/04\\\/ZV-logo-new-CMYK-2-300x87.jpg\",\"contentUrl\":\"http:\\\/\\\/pmza.sk.sk\\\/wp-content\\\/uploads\\\/2014\\\/04\\\/ZV-logo-new-CMYK-2-300x87.jpg\"},{\"@type\":\"BreadcrumbList\",\"@id\":\"https:\\\/\\\/pmza.sk\\\/?p=9624#breadcrumb\",\"itemListElement\":[{\"@type\":\"ListItem\",\"position\":1,\"name\":\"Domovsk\u00e1 str\u00e1nka\",\"item\":\"https:\\\/\\\/pmza.sk\\\/\"},{\"@type\":\"ListItem\",\"position\":2,\"name\":\"Sez\u00f3nu otvor\u00edme sl\u00e1vnostne na hrade Stre\u010dno\"}]},{\"@type\":\"WebSite\",\"@id\":\"https:\\\/\\\/pmza.sk\\\/#website\",\"url\":\"https:\\\/\\\/pmza.sk\\\/\",\"name\":\"Pova\u017esk\u00e9 m\u00fazeum\",\"description\":\"Pova\u017esk\u00e9 m\u00fazeum v \u017diline je region\u00e1lne m\u00fazeum so s\u00eddlom v Budat\u00edne. Jeho expoz\u00edcie s\u00fa zameran\u00e9 na dejiny slovensk\u00e9ho umenia, kult\u00fary a dopravy.\",\"publisher\":{\"@id\":\"https:\\\/\\\/pmza.sk\\\/#organization\"},\"potentialAction\":[{\"@type\":\"SearchAction\",\"target\":{\"@type\":\"EntryPoint\",\"urlTemplate\":\"https:\\\/\\\/pmza.sk\\\/?s={search_term_string}\"},\"query-input\":{\"@type\":\"PropertyValueSpecification\",\"valueRequired\":true,\"valueName\":\"search_term_string\"}}],\"inLanguage\":\"sk-SK\"},{\"@type\":\"Organization\",\"@id\":\"https:\\\/\\\/pmza.sk\\\/#organization\",\"name\":\"Pova\u017esk\u00e9 m\u00fazeum\",\"url\":\"https:\\\/\\\/pmza.sk\\\/\",\"logo\":{\"@type\":\"ImageObject\",\"inLanguage\":\"sk-SK\",\"@id\":\"https:\\\/\\\/pmza.sk\\\/#\\\/schema\\\/logo\\\/image\\\/\",\"url\":\"https:\\\/\\\/pmza.sk\\\/wp-content\\\/uploads\\\/2022\\\/01\\\/logo_PM_horizontal.jpg\",\"contentUrl\":\"https:\\\/\\\/pmza.sk\\\/wp-content\\\/uploads\\\/2022\\\/01\\\/logo_PM_horizontal.jpg\",\"width\":231,\"height\":142,\"caption\":\"Pova\u017esk\u00e9 m\u00fazeum\"},\"image\":{\"@id\":\"https:\\\/\\\/pmza.sk\\\/#\\\/schema\\\/logo\\\/image\\\/\"},\"sameAs\":[\"https:\\\/\\\/www.facebook.com\\\/povazskemuzeum\",\"https:\\\/\\\/www.instagram.com\\\/povazskemuzeum\\\/\"]},{\"@type\":\"Person\",\"@id\":\"https:\\\/\\\/pmza.sk\\\/#\\\/schema\\\/person\\\/595e6a2ce731ea94dcd5d7f50a41ae33\",\"name\":\"Pova\u017esk\u00e9 m\u00fazeum\",\"image\":{\"@type\":\"ImageObject\",\"inLanguage\":\"sk-SK\",\"@id\":\"https:\\\/\\\/secure.gravatar.com\\\/avatar\\\/2bb7f1561282132fb5826dfeccc66c7996d11ee392ac6aaf7ced8a1c2027fbb2?s=96&d=mm&r=g\",\"url\":\"https:\\\/\\\/secure.gravatar.com\\\/avatar\\\/2bb7f1561282132fb5826dfeccc66c7996d11ee392ac6aaf7ced8a1c2027fbb2?s=96&d=mm&r=g\",\"contentUrl\":\"https:\\\/\\\/secure.gravatar.com\\\/avatar\\\/2bb7f1561282132fb5826dfeccc66c7996d11ee392ac6aaf7ced8a1c2027fbb2?s=96&d=mm&r=g\",\"caption\":\"Pova\u017esk\u00e9 m\u00fazeum\"}}]}<\/script>\n<!-- \/ Yoast SEO plugin. -->","yoast_head_json":{"title":"Sez\u00f3nu otvor\u00edme sl\u00e1vnostne na hrade Stre\u010dno - Pova\u017esk\u00e9 m\u00fazeum","robots":{"index":"index","follow":"follow","max-snippet":"max-snippet:-1","max-image-preview":"max-image-preview:large","max-video-preview":"max-video-preview:-1"},"canonical":"https:\/\/pmza.sk\/?p=9624","og_locale":"sk_SK","og_type":"article","og_title":"Sez\u00f3nu otvor\u00edme sl\u00e1vnostne na hrade Stre\u010dno - Pova\u017esk\u00e9 m\u00fazeum","og_description":"Ka\u017edoro\u010dne sl\u00e1vnostne otv\u00e1rame sez\u00f3nu na hrade Stre\u010dno 1. m\u00e1ja podujat\u00edm s\u00a0pestr\u00fdm programom na hrade a tento rok prv\u00fdkr\u00e1t aj v\u00a0podhrad\u00ed. V\u00a0r\u00e1mci prehliadky bude v\u00a0tento de\u0148 spr\u00edstupnen\u00e1 v\u00fdstava Luxus 17. \u2013 19. storo\u010dia zo zbierok Muzea Beskyd z\u00a0Fr\u00fddku-M\u00edstku, ktor\u00e9 je partnerskou organiz\u00e1ciou Pova\u017esk\u00e9ho m\u00fazea v\u00a0\u017diline. V\u00a0are\u00e1li hradu bude po\u010das cel\u00e9ho d\u0148a mo\u017en\u00e9 vidie\u0165 a\u00a0po\u010du\u0165 strie\u013eanie z\u00a0dela, [&hellip;]","og_url":"https:\/\/pmza.sk\/?p=9624","og_site_name":"Pova\u017esk\u00e9 m\u00fazeum","article_publisher":"https:\/\/www.facebook.com\/povazskemuzeum","article_published_time":"2014-04-24T09:39:11+00:00","og_image":[{"url":"https:\/\/pmza.sk.sk\/wp-content\/uploads\/2014\/04\/ZV-logo-new-CMYK-2-300x87.jpg","type":"","width":"","height":""}],"author":"Pova\u017esk\u00e9 m\u00fazeum","twitter_card":"summary_large_image","twitter_misc":{"Autor":"Pova\u017esk\u00e9 m\u00fazeum","Predpokladan\u00fd \u010das \u010d\u00edtania":"2 min\u00faty"},"schema":{"@context":"https:\/\/schema.org","@graph":[{"@type":"Article","@id":"https:\/\/pmza.sk\/?p=9624#article","isPartOf":{"@id":"https:\/\/pmza.sk\/?p=9624"},"author":{"name":"Pova\u017esk\u00e9 m\u00fazeum","@id":"https:\/\/pmza.sk\/#\/schema\/person\/595e6a2ce731ea94dcd5d7f50a41ae33"},"headline":"Sez\u00f3nu otvor\u00edme sl\u00e1vnostne na hrade Stre\u010dno","datePublished":"2014-04-24T09:39:11+00:00","mainEntityOfPage":{"@id":"https:\/\/pmza.sk\/?p=9624"},"wordCount":415,"publisher":{"@id":"https:\/\/pmza.sk\/#organization"},"image":{"@id":"https:\/\/pmza.sk\/?p=9624#primaryimage"},"thumbnailUrl":"https:\/\/pmza.sk.sk\/wp-content\/uploads\/2014\/04\/ZV-logo-new-CMYK-2-300x87.jpg","articleSection":["Arch\u00edv 2014"],"inLanguage":"sk-SK"},{"@type":"WebPage","@id":"https:\/\/pmza.sk\/?p=9624","url":"https:\/\/pmza.sk\/?p=9624","name":"Sez\u00f3nu otvor\u00edme sl\u00e1vnostne na hrade Stre\u010dno - Pova\u017esk\u00e9 m\u00fazeum","isPartOf":{"@id":"https:\/\/pmza.sk\/#website"},"primaryImageOfPage":{"@id":"https:\/\/pmza.sk\/?p=9624#primaryimage"},"image":{"@id":"https:\/\/pmza.sk\/?p=9624#primaryimage"},"thumbnailUrl":"https:\/\/pmza.sk.sk\/wp-content\/uploads\/2014\/04\/ZV-logo-new-CMYK-2-300x87.jpg","datePublished":"2014-04-24T09:39:11+00:00","breadcrumb":{"@id":"https:\/\/pmza.sk\/?p=9624#breadcrumb"},"inLanguage":"sk-SK","potentialAction":[{"@type":"ReadAction","target":["https:\/\/pmza.sk\/?p=9624"]}]},{"@type":"ImageObject","inLanguage":"sk-SK","@id":"https:\/\/pmza.sk\/?p=9624#primaryimage","url":"https:\/\/pmza.sk.sk\/wp-content\/uploads\/2014\/04\/ZV-logo-new-CMYK-2-300x87.jpg","contentUrl":"https:\/\/pmza.sk.sk\/wp-content\/uploads\/2014\/04\/ZV-logo-new-CMYK-2-300x87.jpg"},{"@type":"BreadcrumbList","@id":"https:\/\/pmza.sk\/?p=9624#breadcrumb","itemListElement":[{"@type":"ListItem","position":1,"name":"Domovsk\u00e1 str\u00e1nka","item":"https:\/\/pmza.sk\/"},{"@type":"ListItem","position":2,"name":"Sez\u00f3nu otvor\u00edme sl\u00e1vnostne na hrade Stre\u010dno"}]},{"@type":"WebSite","@id":"https:\/\/pmza.sk\/#website","url":"https:\/\/pmza.sk\/","name":"Pova\u017esk\u00e9 m\u00fazeum","description":"Pova\u017esk\u00e9 m\u00fazeum v \u017diline je region\u00e1lne m\u00fazeum so s\u00eddlom v Budat\u00edne. Jeho expoz\u00edcie s\u00fa zameran\u00e9 na dejiny slovensk\u00e9ho umenia, kult\u00fary a dopravy.","publisher":{"@id":"https:\/\/pmza.sk\/#organization"},"potentialAction":[{"@type":"SearchAction","target":{"@type":"EntryPoint","urlTemplate":"https:\/\/pmza.sk\/?s={search_term_string}"},"query-input":{"@type":"PropertyValueSpecification","valueRequired":true,"valueName":"search_term_string"}}],"inLanguage":"sk-SK"},{"@type":"Organization","@id":"https:\/\/pmza.sk\/#organization","name":"Pova\u017esk\u00e9 m\u00fazeum","url":"https:\/\/pmza.sk\/","logo":{"@type":"ImageObject","inLanguage":"sk-SK","@id":"https:\/\/pmza.sk\/#\/schema\/logo\/image\/","url":"https:\/\/pmza.sk\/wp-content\/uploads\/2022\/01\/logo_PM_horizontal.jpg","contentUrl":"https:\/\/pmza.sk\/wp-content\/uploads\/2022\/01\/logo_PM_horizontal.jpg","width":231,"height":142,"caption":"Pova\u017esk\u00e9 m\u00fazeum"},"image":{"@id":"https:\/\/pmza.sk\/#\/schema\/logo\/image\/"},"sameAs":["https:\/\/www.facebook.com\/povazskemuzeum","https:\/\/www.instagram.com\/povazskemuzeum\/"]},{"@type":"Person","@id":"https:\/\/pmza.sk\/#\/schema\/person\/595e6a2ce731ea94dcd5d7f50a41ae33","name":"Pova\u017esk\u00e9 m\u00fazeum","image":{"@type":"ImageObject","inLanguage":"sk-SK","@id":"https:\/\/secure.gravatar.com\/avatar\/2bb7f1561282132fb5826dfeccc66c7996d11ee392ac6aaf7ced8a1c2027fbb2?s=96&d=mm&r=g","url":"https:\/\/secure.gravatar.com\/avatar\/2bb7f1561282132fb5826dfeccc66c7996d11ee392ac6aaf7ced8a1c2027fbb2?s=96&d=mm&r=g","contentUrl":"https:\/\/secure.gravatar.com\/avatar\/2bb7f1561282132fb5826dfeccc66c7996d11ee392ac6aaf7ced8a1c2027fbb2?s=96&d=mm&r=g","caption":"Pova\u017esk\u00e9 m\u00fazeum"}}]}},"_links":{"self":[{"href":"https:\/\/pmza.sk\/index.php?rest_route=\/wp\/v2\/posts\/9624","targetHints":{"allow":["GET"]}}],"collection":[{"href":"https:\/\/pmza.sk\/index.php?rest_route=\/wp\/v2\/posts"}],"about":[{"href":"https:\/\/pmza.sk\/index.php?rest_route=\/wp\/v2\/types\/post"}],"author":[{"embeddable":true,"href":"https:\/\/pmza.sk\/index.php?rest_route=\/wp\/v2\/users\/2"}],"replies":[{"embeddable":true,"href":"https:\/\/pmza.sk\/index.php?rest_route=%2Fwp%2Fv2%2Fcomments&post=9624"}],"version-history":[{"count":0,"href":"https:\/\/pmza.sk\/index.php?rest_route=\/wp\/v2\/posts\/9624\/revisions"}],"wp:attachment":[{"href":"https:\/\/pmza.sk\/index.php?rest_route=%2Fwp%2Fv2%2Fmedia&parent=9624"}],"wp:term":[{"taxonomy":"category","embeddable":true,"href":"https:\/\/pmza.sk\/index.php?rest_route=%2Fwp%2Fv2%2Fcategories&post=9624"},{"taxonomy":"post_tag","embeddable":true,"href":"https:\/\/pmza.sk\/index.php?rest_route=%2Fwp%2Fv2%2Ftags&post=9624"}],"curies":[{"name":"wp","href":"https:\/\/api.w.org\/{rel}","templated":true}]}}