{"id":9703,"date":"2014-05-07T11:23:35","date_gmt":"2014-05-07T09:23:35","guid":{"rendered":"https:\/\/pmza.sk.sk\/?p=9703"},"modified":"2014-05-07T11:23:35","modified_gmt":"2014-05-07T09:23:35","slug":"noc-muzei-a-galerii-2014","status":"publish","type":"post","link":"https:\/\/pmza.sk\/?p=9703","title":{"rendered":"Noc m\u00faze\u00ed a gal\u00e9ri\u00ed 2014"},"content":{"rendered":"<p><a href=\"https:\/\/pmza.sk\/wp-content\/uploads\/2014\/05\/Noc-muzei-a-galerii_2014-scaled-1.jpg\"><img fetchpriority=\"high\" decoding=\"async\" class=\"alignleft size-medium wp-image-9702\" alt=\"Noc m\u00faze\u00ed a gal\u00e9ri\u00ed_2014\" src=\"https:\/\/pmza.sk.sk\/wp-content\/uploads\/2014\/05\/Noc-m\u00faze\u00ed-a-gal\u00e9ri\u00ed_2014-210x300.jpg\" width=\"210\" height=\"300\" \/><\/a>Do jubilejn\u00e9ho ro\u010dn\u00edka medzin\u00e1rodn\u00e9ho podujatia Noc m\u00faze\u00ed a\u00a0gal\u00e9ri\u00ed sa op\u00e4tovne zap\u00e1ja aj Pova\u017esk\u00e9 m\u00fazeum v\u00a0\u017diline, ktor\u00e9 na <b>17. m\u00e1ja 2014<\/b> pripravilo prv\u00fa no\u010dn\u00fa prehliadku hradu Stre\u010dno a\u00a0stredovekej dediny Paseka v tomto roku. V\u00a0tento de\u0148 sme tie\u017e pred\u013a\u017eili otv\u00e1racie hodiny v\u00a0Budat\u00edne na v\u00fdstavu origin\u00e1lov obrazov \u201eC\u00e9zanne, Manet, Renoir a\u00a0in\u00ed\u201c. V\u00a0term\u00edne 16. \u2013 18. 5. bude v\u00a0Budat\u00ednskom parku aj medzin\u00e1rodn\u00e1 v\u00fdstava kvet\u00edn, drev\u00edn, v\u010del\u00e1rskych produktov a\u00a0z\u00e1hradnej techniky Jarn\u00e1 kr\u00e1sa.<\/p>\n<p>Podujatie zastre\u0161uje Zv\u00e4z m\u00faze\u00ed a\u00a0gal\u00e9ri\u00ed a\u00a0cie\u013eom je prinies\u0165 n\u00e1v\u0161tevn\u00edkom m\u00faze\u00ed a\u00a0gal\u00e9ri\u00ed jedine\u010dn\u00fa mo\u017enos\u0165 nav\u0161t\u00edvi\u0165 expoz\u00edcie a\u00a0v\u00fdstavy vo ve\u010dern\u00fdch a\u00a0no\u010dn\u00fdch hodin\u00e1ch. Pova\u017esk\u00e9 m\u00fazeum v\u00a0\u017diline v\u00a0zria\u010fovate\u013eskej p\u00f4sobnosti \u017dilinsk\u00e9ho samospr\u00e1vneho kraja sa z\u00fa\u010dast\u0148uje podujatia Noc m\u00faze\u00ed a\u00a0gal\u00e9ri\u00ed pravidelne ka\u017ed\u00fd rok. Novinkou, ktor\u00fa si pripravili pracovn\u00edci m\u00fazea pre n\u00e1v\u0161tevn\u00edkov, je spolo\u010dn\u00e9 vstupn\u00e9 v\u00a0hodnote 3 \u20ac do v\u0161etk\u00fdch objektov Pova\u017esk\u00e9ho m\u00fazea.<!--more--> <i>\u201eV\u00a0prvom nav\u0161t\u00edvenom objekte Pova\u017esk\u00e9ho m\u00fazea n\u00e1v\u0161tevn\u00edk zaplat\u00ed vstupn\u00e9 3 \u20ac a\u00a0s\u00a0touto vstupenkou, resp. pokladni\u010dn\u00fdm blokom mu bude umo\u017enen\u00fd vstup po cel\u00fd de\u0148\/noc do \u010fal\u0161\u00edch na\u0161ich expoz\u00edci\u00ed a\u00a0hradov. Na\u0161i priaznivci tak za jednorazov\u00fa cenu m\u00f4\u017eu nav\u0161t\u00edvi\u0165 v\u0161etk\u00fdch \u0161es\u0165 objektov, \u010do je ve\u013emi pr\u00ed\u0165a\u017eliv\u00e9. Samozrejme, ak sa n\u00e1v\u0161tevn\u00edci cielene rozhodn\u00fa v\u00a0tento de\u0148 nav\u0161t\u00edvi\u0165 len jeden z\u00a0objektov v\u00a0spr\u00e1ve n\u00e1\u0161ho m\u00fazea, kde je v\u00fd\u0161ka z\u00e1kladn\u00e9ho vstupn\u00e9ho ni\u017e\u0161ia ako spolo\u010dn\u00e9 vstupn\u00e9, bud\u00fa plati\u0165 vstupn\u00e9 do dan\u00e9ho objektu pod\u013ea aktu\u00e1lneho platn\u00e9ho cenn\u00edka. Na\u0161ou snahou je zatrakt\u00edvni\u0165 podujatie Noc m\u00faze\u00ed a\u00a0gal\u00e9ri\u00ed nielen po ekonomickej, ale aj kult\u00farnej str\u00e1nke,\u201c<\/i> vysvetlila kult\u00farna mana\u017e\u00e9rka Pova\u017esk\u00e9ho m\u00fazea v\u00a0\u017diline Andrea Luk\u00e1csov\u00e1.<\/p>\n<p><i>\u201eNa hrade Stre\u010dno sme tento rok pripravili okrem no\u010dnej prehliadky hradu a\u00a0stredovekej dediny Paseka aj pozorovanie no\u010dnej oblohy v\u00a0spolupr\u00e1ci s\u00a0Krajskou hvezd\u00e1r\u0148ou v\u00a0\u017diline. Atrakt\u00edvne bud\u00fa i\u00a0praktick\u00e9 uk\u00e1\u017eky pr\u00e1ce ter\u00e9nneho zool\u00f3ga \u010di spr\u00edstupnenie dielne konzerv\u00e1tora keramiky,\u201c<\/i> uviedla spr\u00e1vky\u0148a hradu Stre\u010dno Katar\u00edna Rep\u00e1\u0148ov\u00e1.<\/p>\n<p>&nbsp;<\/p>\n<p><b>Otv\u00e1racie hodiny jednotliv\u00fdch expoz\u00edci\u00ed 17. 5. 2014<\/b><\/p>\n<p>9:00 -18:00 a 20:00 &#8211; 23:00 Hrad Stre\u010dno a stredovek\u00e1 dedina Paseka\u00a0(posledn\u00fd vstup o 17:30 a 22:30 h)<\/p>\n<p>9:00 &#8211; 21:00 V\u00fdstavn\u00e1 sie\u0148 Budat\u00ednskeho hradu &#8211; administrat\u00edvna budova (posledn\u00fd vstup o 20:30 h)<\/p>\n<p>9:00 &#8211; 17:00 Expoz\u00edcia J\u00e1no\u0161\u00edk a Terchov\u00e1 v Terchovej, Objekty \u013eudovej architekt\u00fary v \u010ci\u010dmanoch, M\u00fazeum dopravy v\u00a0Rajeck\u00fdch Tepliciach, Sob\u00e1\u0161ny pal\u00e1c v Byt\u010di (bezplatn\u00e9 vstupn\u00e9 celoro\u010dne)<\/p>\n<p>&nbsp;<\/p>\n<p>Inform\u00e1cie n\u00e1jdete aj tu:<a href=\"http:\/\/www.muzeum.sk\/nocmuzeiagalerii\/nmg2014\/\">http:\/\/www.muzeum.sk\/nocmuzeiagalerii\/nmg2014\/ <\/a><\/p>\n<p>&nbsp;<\/p>\n<p>&nbsp;<\/p>\n","protected":false},"excerpt":{"rendered":"<p>Do jubilejn\u00e9ho ro\u010dn\u00edka medzin\u00e1rodn\u00e9ho podujatia Noc m\u00faze\u00ed a\u00a0gal\u00e9ri\u00ed sa op\u00e4tovne zap\u00e1ja aj Pova\u017esk\u00e9 m\u00fazeum v\u00a0\u017diline, ktor\u00e9 na 17. m\u00e1ja 2014 pripravilo prv\u00fa no\u010dn\u00fa prehliadku hradu Stre\u010dno a\u00a0stredovekej dediny Paseka v tomto roku. V\u00a0tento de\u0148 sme tie\u017e pred\u013a\u017eili otv\u00e1racie hodiny v\u00a0Budat\u00edne na v\u00fdstavu origin\u00e1lov obrazov \u201eC\u00e9zanne, Manet, Renoir a\u00a0in\u00ed\u201c. V\u00a0term\u00edne 16. \u2013 18. 5. bude v\u00a0Budat\u00ednskom [&hellip;]<\/p>\n","protected":false},"author":2,"featured_media":0,"comment_status":"closed","ping_status":"closed","sticky":false,"template":"","format":"standard","meta":{"site-sidebar-layout":"default","site-content-layout":"","ast-site-content-layout":"","site-content-style":"default","site-sidebar-style":"default","ast-global-header-display":"","ast-banner-title-visibility":"","ast-main-header-display":"","ast-hfb-above-header-display":"","ast-hfb-below-header-display":"","ast-hfb-mobile-header-display":"","site-post-title":"","ast-breadcrumbs-content":"","ast-featured-img":"","footer-sml-layout":"","theme-transparent-header-meta":"","adv-header-id-meta":"","stick-header-meta":"","header-above-stick-meta":"","header-main-stick-meta":"","header-below-stick-meta":"","astra-migrate-meta-layouts":"default","ast-page-background-enabled":"default","ast-page-background-meta":{"desktop":{"background-color":"var(--ast-global-color-4)","background-image":"","background-repeat":"repeat","background-position":"center center","background-size":"auto","background-attachment":"scroll","background-type":"","background-media":"","overlay-type":"","overlay-color":"","overlay-opacity":"","overlay-gradient":""},"tablet":{"background-color":"","background-image":"","background-repeat":"repeat","background-position":"center center","background-size":"auto","background-attachment":"scroll","background-type":"","background-media":"","overlay-type":"","overlay-color":"","overlay-opacity":"","overlay-gradient":""},"mobile":{"background-color":"","background-image":"","background-repeat":"repeat","background-position":"center center","background-size":"auto","background-attachment":"scroll","background-type":"","background-media":"","overlay-type":"","overlay-color":"","overlay-opacity":"","overlay-gradient":""}},"ast-content-background-meta":{"desktop":{"background-color":"var(--ast-global-color-5)","background-image":"","background-repeat":"repeat","background-position":"center center","background-size":"auto","background-attachment":"scroll","background-type":"","background-media":"","overlay-type":"","overlay-color":"","overlay-opacity":"","overlay-gradient":""},"tablet":{"background-color":"var(--ast-global-color-5)","background-image":"","background-repeat":"repeat","background-position":"center center","background-size":"auto","background-attachment":"scroll","background-type":"","background-media":"","overlay-type":"","overlay-color":"","overlay-opacity":"","overlay-gradient":""},"mobile":{"background-color":"var(--ast-global-color-5)","background-image":"","background-repeat":"repeat","background-position":"center center","background-size":"auto","background-attachment":"scroll","background-type":"","background-media":"","overlay-type":"","overlay-color":"","overlay-opacity":"","overlay-gradient":""}},"footnotes":""},"categories":[36],"tags":[],"class_list":["post-9703","post","type-post","status-publish","format-standard","hentry","category-archiv-2014"],"yoast_head":"<!-- This site is optimized with the Yoast SEO plugin v27.4 - https:\/\/yoast.com\/product\/yoast-seo-wordpress\/ -->\n<title>Noc m\u00faze\u00ed a gal\u00e9ri\u00ed 2014 - Pova\u017esk\u00e9 m\u00fazeum<\/title>\n<meta name=\"robots\" content=\"index, follow, max-snippet:-1, max-image-preview:large, max-video-preview:-1\" \/>\n<link rel=\"canonical\" href=\"https:\/\/pmza.sk\/?p=9703\" \/>\n<meta property=\"og:locale\" content=\"sk_SK\" \/>\n<meta property=\"og:type\" content=\"article\" \/>\n<meta property=\"og:title\" content=\"Noc m\u00faze\u00ed a gal\u00e9ri\u00ed 2014 - Pova\u017esk\u00e9 m\u00fazeum\" \/>\n<meta property=\"og:description\" content=\"Do jubilejn\u00e9ho ro\u010dn\u00edka medzin\u00e1rodn\u00e9ho podujatia Noc m\u00faze\u00ed a\u00a0gal\u00e9ri\u00ed sa op\u00e4tovne zap\u00e1ja aj Pova\u017esk\u00e9 m\u00fazeum v\u00a0\u017diline, ktor\u00e9 na 17. m\u00e1ja 2014 pripravilo prv\u00fa no\u010dn\u00fa prehliadku hradu Stre\u010dno a\u00a0stredovekej dediny Paseka v tomto roku. V\u00a0tento de\u0148 sme tie\u017e pred\u013a\u017eili otv\u00e1racie hodiny v\u00a0Budat\u00edne na v\u00fdstavu origin\u00e1lov obrazov \u201eC\u00e9zanne, Manet, Renoir a\u00a0in\u00ed\u201c. V\u00a0term\u00edne 16. \u2013 18. 5. bude v\u00a0Budat\u00ednskom [&hellip;]\" \/>\n<meta property=\"og:url\" content=\"https:\/\/pmza.sk\/?p=9703\" \/>\n<meta property=\"og:site_name\" content=\"Pova\u017esk\u00e9 m\u00fazeum\" \/>\n<meta property=\"article:publisher\" content=\"https:\/\/www.facebook.com\/povazskemuzeum\" \/>\n<meta property=\"article:published_time\" content=\"2014-05-07T09:23:35+00:00\" \/>\n<meta name=\"author\" content=\"Pova\u017esk\u00e9 m\u00fazeum\" \/>\n<meta name=\"twitter:card\" content=\"summary_large_image\" \/>\n<meta name=\"twitter:label1\" content=\"Autor\" \/>\n\t<meta name=\"twitter:data1\" content=\"Pova\u017esk\u00e9 m\u00fazeum\" \/>\n\t<meta name=\"twitter:label2\" content=\"Predpokladan\u00fd \u010das \u010d\u00edtania\" \/>\n\t<meta name=\"twitter:data2\" content=\"3 min\u00faty\" \/>\n<script type=\"application\/ld+json\" class=\"yoast-schema-graph\">{\"@context\":\"https:\\\/\\\/schema.org\",\"@graph\":[{\"@type\":\"Article\",\"@id\":\"https:\\\/\\\/pmza.sk\\\/?p=9703#article\",\"isPartOf\":{\"@id\":\"https:\\\/\\\/pmza.sk\\\/?p=9703\"},\"author\":{\"name\":\"Pova\u017esk\u00e9 m\u00fazeum\",\"@id\":\"https:\\\/\\\/pmza.sk\\\/#\\\/schema\\\/person\\\/595e6a2ce731ea94dcd5d7f50a41ae33\"},\"headline\":\"Noc m\u00faze\u00ed a gal\u00e9ri\u00ed 2014\",\"datePublished\":\"2014-05-07T09:23:35+00:00\",\"mainEntityOfPage\":{\"@id\":\"https:\\\/\\\/pmza.sk\\\/?p=9703\"},\"wordCount\":525,\"publisher\":{\"@id\":\"https:\\\/\\\/pmza.sk\\\/#organization\"},\"articleSection\":[\"Arch\u00edv 2014\"],\"inLanguage\":\"sk-SK\"},{\"@type\":\"WebPage\",\"@id\":\"https:\\\/\\\/pmza.sk\\\/?p=9703\",\"url\":\"https:\\\/\\\/pmza.sk\\\/?p=9703\",\"name\":\"Noc m\u00faze\u00ed a gal\u00e9ri\u00ed 2014 - Pova\u017esk\u00e9 m\u00fazeum\",\"isPartOf\":{\"@id\":\"https:\\\/\\\/pmza.sk\\\/#website\"},\"datePublished\":\"2014-05-07T09:23:35+00:00\",\"breadcrumb\":{\"@id\":\"https:\\\/\\\/pmza.sk\\\/?p=9703#breadcrumb\"},\"inLanguage\":\"sk-SK\",\"potentialAction\":[{\"@type\":\"ReadAction\",\"target\":[\"https:\\\/\\\/pmza.sk\\\/?p=9703\"]}]},{\"@type\":\"BreadcrumbList\",\"@id\":\"https:\\\/\\\/pmza.sk\\\/?p=9703#breadcrumb\",\"itemListElement\":[{\"@type\":\"ListItem\",\"position\":1,\"name\":\"Domovsk\u00e1 str\u00e1nka\",\"item\":\"https:\\\/\\\/pmza.sk\\\/\"},{\"@type\":\"ListItem\",\"position\":2,\"name\":\"Noc m\u00faze\u00ed a gal\u00e9ri\u00ed 2014\"}]},{\"@type\":\"WebSite\",\"@id\":\"https:\\\/\\\/pmza.sk\\\/#website\",\"url\":\"https:\\\/\\\/pmza.sk\\\/\",\"name\":\"Pova\u017esk\u00e9 m\u00fazeum\",\"description\":\"Pova\u017esk\u00e9 m\u00fazeum v \u017diline je region\u00e1lne m\u00fazeum so s\u00eddlom v Budat\u00edne. Jeho expoz\u00edcie s\u00fa zameran\u00e9 na dejiny slovensk\u00e9ho umenia, kult\u00fary a dopravy.\",\"publisher\":{\"@id\":\"https:\\\/\\\/pmza.sk\\\/#organization\"},\"potentialAction\":[{\"@type\":\"SearchAction\",\"target\":{\"@type\":\"EntryPoint\",\"urlTemplate\":\"https:\\\/\\\/pmza.sk\\\/?s={search_term_string}\"},\"query-input\":{\"@type\":\"PropertyValueSpecification\",\"valueRequired\":true,\"valueName\":\"search_term_string\"}}],\"inLanguage\":\"sk-SK\"},{\"@type\":\"Organization\",\"@id\":\"https:\\\/\\\/pmza.sk\\\/#organization\",\"name\":\"Pova\u017esk\u00e9 m\u00fazeum\",\"url\":\"https:\\\/\\\/pmza.sk\\\/\",\"logo\":{\"@type\":\"ImageObject\",\"inLanguage\":\"sk-SK\",\"@id\":\"https:\\\/\\\/pmza.sk\\\/#\\\/schema\\\/logo\\\/image\\\/\",\"url\":\"https:\\\/\\\/pmza.sk\\\/wp-content\\\/uploads\\\/2022\\\/01\\\/logo_PM_horizontal.jpg\",\"contentUrl\":\"https:\\\/\\\/pmza.sk\\\/wp-content\\\/uploads\\\/2022\\\/01\\\/logo_PM_horizontal.jpg\",\"width\":231,\"height\":142,\"caption\":\"Pova\u017esk\u00e9 m\u00fazeum\"},\"image\":{\"@id\":\"https:\\\/\\\/pmza.sk\\\/#\\\/schema\\\/logo\\\/image\\\/\"},\"sameAs\":[\"https:\\\/\\\/www.facebook.com\\\/povazskemuzeum\",\"https:\\\/\\\/www.instagram.com\\\/povazskemuzeum\\\/\"]},{\"@type\":\"Person\",\"@id\":\"https:\\\/\\\/pmza.sk\\\/#\\\/schema\\\/person\\\/595e6a2ce731ea94dcd5d7f50a41ae33\",\"name\":\"Pova\u017esk\u00e9 m\u00fazeum\",\"image\":{\"@type\":\"ImageObject\",\"inLanguage\":\"sk-SK\",\"@id\":\"https:\\\/\\\/secure.gravatar.com\\\/avatar\\\/2bb7f1561282132fb5826dfeccc66c7996d11ee392ac6aaf7ced8a1c2027fbb2?s=96&d=mm&r=g\",\"url\":\"https:\\\/\\\/secure.gravatar.com\\\/avatar\\\/2bb7f1561282132fb5826dfeccc66c7996d11ee392ac6aaf7ced8a1c2027fbb2?s=96&d=mm&r=g\",\"contentUrl\":\"https:\\\/\\\/secure.gravatar.com\\\/avatar\\\/2bb7f1561282132fb5826dfeccc66c7996d11ee392ac6aaf7ced8a1c2027fbb2?s=96&d=mm&r=g\",\"caption\":\"Pova\u017esk\u00e9 m\u00fazeum\"}}]}<\/script>\n<!-- \/ Yoast SEO plugin. -->","yoast_head_json":{"title":"Noc m\u00faze\u00ed a gal\u00e9ri\u00ed 2014 - Pova\u017esk\u00e9 m\u00fazeum","robots":{"index":"index","follow":"follow","max-snippet":"max-snippet:-1","max-image-preview":"max-image-preview:large","max-video-preview":"max-video-preview:-1"},"canonical":"https:\/\/pmza.sk\/?p=9703","og_locale":"sk_SK","og_type":"article","og_title":"Noc m\u00faze\u00ed a gal\u00e9ri\u00ed 2014 - Pova\u017esk\u00e9 m\u00fazeum","og_description":"Do jubilejn\u00e9ho ro\u010dn\u00edka medzin\u00e1rodn\u00e9ho podujatia Noc m\u00faze\u00ed a\u00a0gal\u00e9ri\u00ed sa op\u00e4tovne zap\u00e1ja aj Pova\u017esk\u00e9 m\u00fazeum v\u00a0\u017diline, ktor\u00e9 na 17. m\u00e1ja 2014 pripravilo prv\u00fa no\u010dn\u00fa prehliadku hradu Stre\u010dno a\u00a0stredovekej dediny Paseka v tomto roku. V\u00a0tento de\u0148 sme tie\u017e pred\u013a\u017eili otv\u00e1racie hodiny v\u00a0Budat\u00edne na v\u00fdstavu origin\u00e1lov obrazov \u201eC\u00e9zanne, Manet, Renoir a\u00a0in\u00ed\u201c. V\u00a0term\u00edne 16. \u2013 18. 5. bude v\u00a0Budat\u00ednskom [&hellip;]","og_url":"https:\/\/pmza.sk\/?p=9703","og_site_name":"Pova\u017esk\u00e9 m\u00fazeum","article_publisher":"https:\/\/www.facebook.com\/povazskemuzeum","article_published_time":"2014-05-07T09:23:35+00:00","author":"Pova\u017esk\u00e9 m\u00fazeum","twitter_card":"summary_large_image","twitter_misc":{"Autor":"Pova\u017esk\u00e9 m\u00fazeum","Predpokladan\u00fd \u010das \u010d\u00edtania":"3 min\u00faty"},"schema":{"@context":"https:\/\/schema.org","@graph":[{"@type":"Article","@id":"https:\/\/pmza.sk\/?p=9703#article","isPartOf":{"@id":"https:\/\/pmza.sk\/?p=9703"},"author":{"name":"Pova\u017esk\u00e9 m\u00fazeum","@id":"https:\/\/pmza.sk\/#\/schema\/person\/595e6a2ce731ea94dcd5d7f50a41ae33"},"headline":"Noc m\u00faze\u00ed a gal\u00e9ri\u00ed 2014","datePublished":"2014-05-07T09:23:35+00:00","mainEntityOfPage":{"@id":"https:\/\/pmza.sk\/?p=9703"},"wordCount":525,"publisher":{"@id":"https:\/\/pmza.sk\/#organization"},"articleSection":["Arch\u00edv 2014"],"inLanguage":"sk-SK"},{"@type":"WebPage","@id":"https:\/\/pmza.sk\/?p=9703","url":"https:\/\/pmza.sk\/?p=9703","name":"Noc m\u00faze\u00ed a gal\u00e9ri\u00ed 2014 - Pova\u017esk\u00e9 m\u00fazeum","isPartOf":{"@id":"https:\/\/pmza.sk\/#website"},"datePublished":"2014-05-07T09:23:35+00:00","breadcrumb":{"@id":"https:\/\/pmza.sk\/?p=9703#breadcrumb"},"inLanguage":"sk-SK","potentialAction":[{"@type":"ReadAction","target":["https:\/\/pmza.sk\/?p=9703"]}]},{"@type":"BreadcrumbList","@id":"https:\/\/pmza.sk\/?p=9703#breadcrumb","itemListElement":[{"@type":"ListItem","position":1,"name":"Domovsk\u00e1 str\u00e1nka","item":"https:\/\/pmza.sk\/"},{"@type":"ListItem","position":2,"name":"Noc m\u00faze\u00ed a gal\u00e9ri\u00ed 2014"}]},{"@type":"WebSite","@id":"https:\/\/pmza.sk\/#website","url":"https:\/\/pmza.sk\/","name":"Pova\u017esk\u00e9 m\u00fazeum","description":"Pova\u017esk\u00e9 m\u00fazeum v \u017diline je region\u00e1lne m\u00fazeum so s\u00eddlom v Budat\u00edne. Jeho expoz\u00edcie s\u00fa zameran\u00e9 na dejiny slovensk\u00e9ho umenia, kult\u00fary a dopravy.","publisher":{"@id":"https:\/\/pmza.sk\/#organization"},"potentialAction":[{"@type":"SearchAction","target":{"@type":"EntryPoint","urlTemplate":"https:\/\/pmza.sk\/?s={search_term_string}"},"query-input":{"@type":"PropertyValueSpecification","valueRequired":true,"valueName":"search_term_string"}}],"inLanguage":"sk-SK"},{"@type":"Organization","@id":"https:\/\/pmza.sk\/#organization","name":"Pova\u017esk\u00e9 m\u00fazeum","url":"https:\/\/pmza.sk\/","logo":{"@type":"ImageObject","inLanguage":"sk-SK","@id":"https:\/\/pmza.sk\/#\/schema\/logo\/image\/","url":"https:\/\/pmza.sk\/wp-content\/uploads\/2022\/01\/logo_PM_horizontal.jpg","contentUrl":"https:\/\/pmza.sk\/wp-content\/uploads\/2022\/01\/logo_PM_horizontal.jpg","width":231,"height":142,"caption":"Pova\u017esk\u00e9 m\u00fazeum"},"image":{"@id":"https:\/\/pmza.sk\/#\/schema\/logo\/image\/"},"sameAs":["https:\/\/www.facebook.com\/povazskemuzeum","https:\/\/www.instagram.com\/povazskemuzeum\/"]},{"@type":"Person","@id":"https:\/\/pmza.sk\/#\/schema\/person\/595e6a2ce731ea94dcd5d7f50a41ae33","name":"Pova\u017esk\u00e9 m\u00fazeum","image":{"@type":"ImageObject","inLanguage":"sk-SK","@id":"https:\/\/secure.gravatar.com\/avatar\/2bb7f1561282132fb5826dfeccc66c7996d11ee392ac6aaf7ced8a1c2027fbb2?s=96&d=mm&r=g","url":"https:\/\/secure.gravatar.com\/avatar\/2bb7f1561282132fb5826dfeccc66c7996d11ee392ac6aaf7ced8a1c2027fbb2?s=96&d=mm&r=g","contentUrl":"https:\/\/secure.gravatar.com\/avatar\/2bb7f1561282132fb5826dfeccc66c7996d11ee392ac6aaf7ced8a1c2027fbb2?s=96&d=mm&r=g","caption":"Pova\u017esk\u00e9 m\u00fazeum"}}]}},"_links":{"self":[{"href":"https:\/\/pmza.sk\/index.php?rest_route=\/wp\/v2\/posts\/9703","targetHints":{"allow":["GET"]}}],"collection":[{"href":"https:\/\/pmza.sk\/index.php?rest_route=\/wp\/v2\/posts"}],"about":[{"href":"https:\/\/pmza.sk\/index.php?rest_route=\/wp\/v2\/types\/post"}],"author":[{"embeddable":true,"href":"https:\/\/pmza.sk\/index.php?rest_route=\/wp\/v2\/users\/2"}],"replies":[{"embeddable":true,"href":"https:\/\/pmza.sk\/index.php?rest_route=%2Fwp%2Fv2%2Fcomments&post=9703"}],"version-history":[{"count":0,"href":"https:\/\/pmza.sk\/index.php?rest_route=\/wp\/v2\/posts\/9703\/revisions"}],"wp:attachment":[{"href":"https:\/\/pmza.sk\/index.php?rest_route=%2Fwp%2Fv2%2Fmedia&parent=9703"}],"wp:term":[{"taxonomy":"category","embeddable":true,"href":"https:\/\/pmza.sk\/index.php?rest_route=%2Fwp%2Fv2%2Fcategories&post=9703"},{"taxonomy":"post_tag","embeddable":true,"href":"https:\/\/pmza.sk\/index.php?rest_route=%2Fwp%2Fv2%2Ftags&post=9703"}],"curies":[{"name":"wp","href":"https:\/\/api.w.org\/{rel}","templated":true}]}}