{"id":9742,"date":"2014-05-13T15:53:44","date_gmt":"2014-05-13T13:53:44","guid":{"rendered":"https:\/\/pmza.sk.sk\/?p=9742"},"modified":"2014-05-13T15:53:44","modified_gmt":"2014-05-13T13:53:44","slug":"jarna-krasa-opat-v-budatine","status":"publish","type":"post","link":"https:\/\/pmza.sk\/?p=9742","title":{"rendered":"Jarn\u00e1 kr\u00e1sa op\u00e4\u0165 v Budat\u00edne"},"content":{"rendered":"<p><a href=\"https:\/\/pmza.sk\/wp-content\/uploads\/2014\/05\/jarna-krasa.jpg\"><img fetchpriority=\"high\" decoding=\"async\" class=\"alignleft size-medium wp-image-9741\" alt=\"jarna krasa\" src=\"https:\/\/pmza.sk.sk\/wp-content\/uploads\/2014\/05\/jarna-krasa-211x300.jpg\" width=\"211\" height=\"300\" \/><\/a>V are\u00e1li Budat\u00ednskeho hradu sa od 16. do 18. m\u00e1ja bude kona\u0165 tret\u00ed ro\u010dn\u00edk v\u00fdstavy rastl\u00edn a v\u010del\u00e1rskych produktov, doplnen\u00fd aj o uk\u00e1\u017eky remeseln\u00edckych pr\u00e1c, aran\u017eovania kyt\u00edc \u010di tvarovania bonsajov.<\/p>\n<p>V\u00fdstava s n\u00e1zvom Jarn\u00e1 kr\u00e1sa u\u017e tret\u00ed rok pri\u0165ahuje odborn\u00edkov i \u0161irok\u00fa laick\u00fa verejnos\u0165, ktor\u00e1 sa chce dozvedie\u0165 viac o pestovan\u00ed rozli\u010dn\u00fdch byl\u00edn, drev\u00edn, sukulentov alebo kvetov, ak\u00fdmi s\u00fa napr\u00edklad m\u00e4so\u017erav\u00e9 rastliny. Alebo sa n\u00e1v\u0161tevn\u00edci prich\u00e1dzaj\u00fa len tak pokocha\u0165, preto\u017ee expon\u00e1tov je skuto\u010dne ve\u013ea. \u201eKaktusy a sukulenty, tillandsie, orchidey, cypripedi\u00e1, skalni\u010dky, balk\u00f3nov\u00e9 rastliny, letni\u010dky, trvalky, bonsaje, \u010darovn\u00edky, okrasn\u00e9 dreviny, ale aj v\u010del\u00ed med, medovina a kozmetick\u00e9 pr\u00edpravky s propolisom a materskou ka\u0161i\u010dkou,\u201c vymen\u00fava Darina Funt\u00edkov\u00e1, predsedky\u0148a OZ Mal\u00e1 Fatra, ktor\u00e9 v spolupr\u00e1ci s Pova\u017esk\u00fdm m\u00fazeom a Strednou odbornou \u0161kolou po\u013enohospod\u00e1rstva a slu\u017eieb na vidieku v\u00fdstavu s medzin\u00e1rodnou \u00fa\u010das\u0165ou organizuje. Odborn\u00fdm garantom v\u00fdstavy s\u00fa Adacom progatec, s. r. o. a Bonsaj centrum \u017dilina.<!--more--><\/p>\n<p><b>V\u00fdstava bude spojen\u00e1 aj s predajom<\/b><br \/> V\u00fdstava ofici\u00e1lne za\u010dne r\u00e1no o 9. hod. sl\u00e1vnostnou vernis\u00e1\u017eou. Zvedav\u00fdm o\u010diam n\u00e1v\u0161tevn\u00edkov ur\u010dite neunikn\u00fa uk\u00e1\u017eky aran\u017e\u00e9rskych techn\u00edk zo \u017eiv\u00fdch kvetov, z\u00e1hradn\u00e9 doplnky, z\u00e1hradn\u00e1 technika a praktick\u00e9 inform\u00e1cie o celoro\u010dnom pestovan\u00ed h\u00fab. V r\u00e1mci sprievodn\u00e9ho kult\u00farneho programu je na ka\u017ed\u00fd de\u0148 napl\u00e1novan\u00e9 vyst\u00fapenie hudobnej skupiny, v sobotu program spestr\u00ed divadeln\u00e9 predstavenie Divadla na hojda\u010dke s n\u00e1zvom Lomidrevo a v nede\u013eu r\u00f4zne country skupiny. Medzi jednotliv\u00fdmi vyst\u00fapeniami bud\u00fa prebieha\u0165 odborn\u00e9 predn\u00e1\u0161ky na t\u00e9my projektovania z\u00e1hrad, zakladania skaliek \u010di pestovania balk\u00f3nov\u00fdch a okrasn\u00fdch kvet\u00edn. \u201eV \u017diline a okol\u00ed sa dobre dar\u00ed viacer\u00fdm rastlin\u00e1m. V ne\u010falekej Malej Fatre mo\u017eno n\u00e1js\u0165 viacer\u00e9 z\u00e1konom chr\u00e1nen\u00e9 rastliny ako napr\u00edklad poniklec prostredn\u00fd, astra alp\u00ednska \u010di horec Clusiov. V minul\u00fdch ro\u010dn\u00edkoch sa na\u0161i n\u00e1v\u0161tevn\u00edci najviac zauj\u00edmali o m\u00e4so\u017erav\u00e9 rastliny, letni\u010dky, skalni\u010dky a bonsaje,\u201c dod\u00e1va organiz\u00e1torka. Tento rok bud\u00fa usporiadatelia vystavova\u0165 na v\u00e4\u010d\u0161ej ploche, o\u010dak\u00e1vaj\u00fa e\u0161te vy\u0161\u0161iu \u00fa\u010das\u0165 zo strany verejnosti a predstav\u00ed sa aj nieko\u013eko nov\u00fdch vystavovate\u013eov z \u010ciech (Klub skalni\u010dk\u00e1rov Praha), ktor\u00ed z\u00e1ujemcov okrem rastl\u00edn obozn\u00e1mia i so s\u00fa\u010dasn\u00fdmi trendmi a pestovate\u013esk\u00fdmi tipmi. Atraktivitu v\u00fdstavy stup\u0148uje fakt, \u017ee podujatie bude spojen\u00e9 aj s predajom vystavovan\u00fdch rastl\u00edn, produktov a z\u00e1hradnej techniky.<\/p>\n<p style=\"text-align: right;\">-ZH-<\/p>\n<p>ZDROJ:<a href=\"http:\/\/novinyzilinec.sk\/zaujalo-nas\/jarna-krasa-v-budatine-alebo-krasna-jarna-vystava\/\">Noviny \u017dilinec <\/a><\/p>\n<p>&nbsp;<\/p>\n","protected":false},"excerpt":{"rendered":"<p>V are\u00e1li Budat\u00ednskeho hradu sa od 16. do 18. m\u00e1ja bude kona\u0165 tret\u00ed ro\u010dn\u00edk v\u00fdstavy rastl\u00edn a v\u010del\u00e1rskych produktov, doplnen\u00fd aj o uk\u00e1\u017eky remeseln\u00edckych pr\u00e1c, aran\u017eovania kyt\u00edc \u010di tvarovania bonsajov. V\u00fdstava s n\u00e1zvom Jarn\u00e1 kr\u00e1sa u\u017e tret\u00ed rok pri\u0165ahuje odborn\u00edkov i \u0161irok\u00fa laick\u00fa verejnos\u0165, ktor\u00e1 sa chce dozvedie\u0165 viac o pestovan\u00ed rozli\u010dn\u00fdch byl\u00edn, drev\u00edn, sukulentov [&hellip;]<\/p>\n","protected":false},"author":2,"featured_media":0,"comment_status":"closed","ping_status":"closed","sticky":false,"template":"","format":"standard","meta":{"site-sidebar-layout":"default","site-content-layout":"","ast-site-content-layout":"","site-content-style":"default","site-sidebar-style":"default","ast-global-header-display":"","ast-banner-title-visibility":"","ast-main-header-display":"","ast-hfb-above-header-display":"","ast-hfb-below-header-display":"","ast-hfb-mobile-header-display":"","site-post-title":"","ast-breadcrumbs-content":"","ast-featured-img":"","footer-sml-layout":"","theme-transparent-header-meta":"","adv-header-id-meta":"","stick-header-meta":"","header-above-stick-meta":"","header-main-stick-meta":"","header-below-stick-meta":"","astra-migrate-meta-layouts":"default","ast-page-background-enabled":"default","ast-page-background-meta":{"desktop":{"background-color":"var(--ast-global-color-4)","background-image":"","background-repeat":"repeat","background-position":"center center","background-size":"auto","background-attachment":"scroll","background-type":"","background-media":"","overlay-type":"","overlay-color":"","overlay-opacity":"","overlay-gradient":""},"tablet":{"background-color":"","background-image":"","background-repeat":"repeat","background-position":"center center","background-size":"auto","background-attachment":"scroll","background-type":"","background-media":"","overlay-type":"","overlay-color":"","overlay-opacity":"","overlay-gradient":""},"mobile":{"background-color":"","background-image":"","background-repeat":"repeat","background-position":"center center","background-size":"auto","background-attachment":"scroll","background-type":"","background-media":"","overlay-type":"","overlay-color":"","overlay-opacity":"","overlay-gradient":""}},"ast-content-background-meta":{"desktop":{"background-color":"var(--ast-global-color-5)","background-image":"","background-repeat":"repeat","background-position":"center center","background-size":"auto","background-attachment":"scroll","background-type":"","background-media":"","overlay-type":"","overlay-color":"","overlay-opacity":"","overlay-gradient":""},"tablet":{"background-color":"var(--ast-global-color-5)","background-image":"","background-repeat":"repeat","background-position":"center center","background-size":"auto","background-attachment":"scroll","background-type":"","background-media":"","overlay-type":"","overlay-color":"","overlay-opacity":"","overlay-gradient":""},"mobile":{"background-color":"var(--ast-global-color-5)","background-image":"","background-repeat":"repeat","background-position":"center center","background-size":"auto","background-attachment":"scroll","background-type":"","background-media":"","overlay-type":"","overlay-color":"","overlay-opacity":"","overlay-gradient":""}},"footnotes":""},"categories":[36],"tags":[],"class_list":["post-9742","post","type-post","status-publish","format-standard","hentry","category-archiv-2014"],"yoast_head":"<!-- This site is optimized with the Yoast SEO plugin v27.4 - https:\/\/yoast.com\/product\/yoast-seo-wordpress\/ -->\n<title>Jarn\u00e1 kr\u00e1sa op\u00e4\u0165 v Budat\u00edne - Pova\u017esk\u00e9 m\u00fazeum<\/title>\n<meta name=\"robots\" content=\"index, follow, max-snippet:-1, max-image-preview:large, max-video-preview:-1\" \/>\n<link rel=\"canonical\" href=\"https:\/\/pmza.sk\/?p=9742\" \/>\n<meta property=\"og:locale\" content=\"sk_SK\" \/>\n<meta property=\"og:type\" content=\"article\" \/>\n<meta property=\"og:title\" content=\"Jarn\u00e1 kr\u00e1sa op\u00e4\u0165 v Budat\u00edne - Pova\u017esk\u00e9 m\u00fazeum\" \/>\n<meta property=\"og:description\" content=\"V are\u00e1li Budat\u00ednskeho hradu sa od 16. do 18. m\u00e1ja bude kona\u0165 tret\u00ed ro\u010dn\u00edk v\u00fdstavy rastl\u00edn a v\u010del\u00e1rskych produktov, doplnen\u00fd aj o uk\u00e1\u017eky remeseln\u00edckych pr\u00e1c, aran\u017eovania kyt\u00edc \u010di tvarovania bonsajov. V\u00fdstava s n\u00e1zvom Jarn\u00e1 kr\u00e1sa u\u017e tret\u00ed rok pri\u0165ahuje odborn\u00edkov i \u0161irok\u00fa laick\u00fa verejnos\u0165, ktor\u00e1 sa chce dozvedie\u0165 viac o pestovan\u00ed rozli\u010dn\u00fdch byl\u00edn, drev\u00edn, sukulentov [&hellip;]\" \/>\n<meta property=\"og:url\" content=\"https:\/\/pmza.sk\/?p=9742\" \/>\n<meta property=\"og:site_name\" content=\"Pova\u017esk\u00e9 m\u00fazeum\" \/>\n<meta property=\"article:publisher\" content=\"https:\/\/www.facebook.com\/povazskemuzeum\" \/>\n<meta property=\"article:published_time\" content=\"2014-05-13T13:53:44+00:00\" \/>\n<meta property=\"og:image\" content=\"https:\/\/pmza.sk.sk\/wp-content\/uploads\/2014\/05\/jarna-krasa-211x300.jpg\" \/>\n<meta name=\"author\" content=\"Pova\u017esk\u00e9 m\u00fazeum\" \/>\n<meta name=\"twitter:card\" content=\"summary_large_image\" \/>\n<meta name=\"twitter:label1\" content=\"Autor\" \/>\n\t<meta name=\"twitter:data1\" content=\"Pova\u017esk\u00e9 m\u00fazeum\" \/>\n\t<meta name=\"twitter:label2\" content=\"Predpokladan\u00fd \u010das \u010d\u00edtania\" \/>\n\t<meta name=\"twitter:data2\" content=\"2 min\u00faty\" \/>\n<script type=\"application\/ld+json\" class=\"yoast-schema-graph\">{\"@context\":\"https:\\\/\\\/schema.org\",\"@graph\":[{\"@type\":\"Article\",\"@id\":\"https:\\\/\\\/pmza.sk\\\/?p=9742#article\",\"isPartOf\":{\"@id\":\"https:\\\/\\\/pmza.sk\\\/?p=9742\"},\"author\":{\"name\":\"Pova\u017esk\u00e9 m\u00fazeum\",\"@id\":\"https:\\\/\\\/pmza.sk\\\/#\\\/schema\\\/person\\\/595e6a2ce731ea94dcd5d7f50a41ae33\"},\"headline\":\"Jarn\u00e1 kr\u00e1sa op\u00e4\u0165 v Budat\u00edne\",\"datePublished\":\"2014-05-13T13:53:44+00:00\",\"mainEntityOfPage\":{\"@id\":\"https:\\\/\\\/pmza.sk\\\/?p=9742\"},\"wordCount\":483,\"publisher\":{\"@id\":\"https:\\\/\\\/pmza.sk\\\/#organization\"},\"image\":{\"@id\":\"https:\\\/\\\/pmza.sk\\\/?p=9742#primaryimage\"},\"thumbnailUrl\":\"http:\\\/\\\/pmza.sk.sk\\\/wp-content\\\/uploads\\\/2014\\\/05\\\/jarna-krasa-211x300.jpg\",\"articleSection\":[\"Arch\u00edv 2014\"],\"inLanguage\":\"sk-SK\"},{\"@type\":\"WebPage\",\"@id\":\"https:\\\/\\\/pmza.sk\\\/?p=9742\",\"url\":\"https:\\\/\\\/pmza.sk\\\/?p=9742\",\"name\":\"Jarn\u00e1 kr\u00e1sa op\u00e4\u0165 v Budat\u00edne - Pova\u017esk\u00e9 m\u00fazeum\",\"isPartOf\":{\"@id\":\"https:\\\/\\\/pmza.sk\\\/#website\"},\"primaryImageOfPage\":{\"@id\":\"https:\\\/\\\/pmza.sk\\\/?p=9742#primaryimage\"},\"image\":{\"@id\":\"https:\\\/\\\/pmza.sk\\\/?p=9742#primaryimage\"},\"thumbnailUrl\":\"http:\\\/\\\/pmza.sk.sk\\\/wp-content\\\/uploads\\\/2014\\\/05\\\/jarna-krasa-211x300.jpg\",\"datePublished\":\"2014-05-13T13:53:44+00:00\",\"breadcrumb\":{\"@id\":\"https:\\\/\\\/pmza.sk\\\/?p=9742#breadcrumb\"},\"inLanguage\":\"sk-SK\",\"potentialAction\":[{\"@type\":\"ReadAction\",\"target\":[\"https:\\\/\\\/pmza.sk\\\/?p=9742\"]}]},{\"@type\":\"ImageObject\",\"inLanguage\":\"sk-SK\",\"@id\":\"https:\\\/\\\/pmza.sk\\\/?p=9742#primaryimage\",\"url\":\"http:\\\/\\\/pmza.sk.sk\\\/wp-content\\\/uploads\\\/2014\\\/05\\\/jarna-krasa-211x300.jpg\",\"contentUrl\":\"http:\\\/\\\/pmza.sk.sk\\\/wp-content\\\/uploads\\\/2014\\\/05\\\/jarna-krasa-211x300.jpg\"},{\"@type\":\"BreadcrumbList\",\"@id\":\"https:\\\/\\\/pmza.sk\\\/?p=9742#breadcrumb\",\"itemListElement\":[{\"@type\":\"ListItem\",\"position\":1,\"name\":\"Domovsk\u00e1 str\u00e1nka\",\"item\":\"https:\\\/\\\/pmza.sk\\\/\"},{\"@type\":\"ListItem\",\"position\":2,\"name\":\"Jarn\u00e1 kr\u00e1sa op\u00e4\u0165 v Budat\u00edne\"}]},{\"@type\":\"WebSite\",\"@id\":\"https:\\\/\\\/pmza.sk\\\/#website\",\"url\":\"https:\\\/\\\/pmza.sk\\\/\",\"name\":\"Pova\u017esk\u00e9 m\u00fazeum\",\"description\":\"Pova\u017esk\u00e9 m\u00fazeum v \u017diline je region\u00e1lne m\u00fazeum so s\u00eddlom v Budat\u00edne. Jeho expoz\u00edcie s\u00fa zameran\u00e9 na dejiny slovensk\u00e9ho umenia, kult\u00fary a dopravy.\",\"publisher\":{\"@id\":\"https:\\\/\\\/pmza.sk\\\/#organization\"},\"potentialAction\":[{\"@type\":\"SearchAction\",\"target\":{\"@type\":\"EntryPoint\",\"urlTemplate\":\"https:\\\/\\\/pmza.sk\\\/?s={search_term_string}\"},\"query-input\":{\"@type\":\"PropertyValueSpecification\",\"valueRequired\":true,\"valueName\":\"search_term_string\"}}],\"inLanguage\":\"sk-SK\"},{\"@type\":\"Organization\",\"@id\":\"https:\\\/\\\/pmza.sk\\\/#organization\",\"name\":\"Pova\u017esk\u00e9 m\u00fazeum\",\"url\":\"https:\\\/\\\/pmza.sk\\\/\",\"logo\":{\"@type\":\"ImageObject\",\"inLanguage\":\"sk-SK\",\"@id\":\"https:\\\/\\\/pmza.sk\\\/#\\\/schema\\\/logo\\\/image\\\/\",\"url\":\"https:\\\/\\\/pmza.sk\\\/wp-content\\\/uploads\\\/2022\\\/01\\\/logo_PM_horizontal.jpg\",\"contentUrl\":\"https:\\\/\\\/pmza.sk\\\/wp-content\\\/uploads\\\/2022\\\/01\\\/logo_PM_horizontal.jpg\",\"width\":231,\"height\":142,\"caption\":\"Pova\u017esk\u00e9 m\u00fazeum\"},\"image\":{\"@id\":\"https:\\\/\\\/pmza.sk\\\/#\\\/schema\\\/logo\\\/image\\\/\"},\"sameAs\":[\"https:\\\/\\\/www.facebook.com\\\/povazskemuzeum\",\"https:\\\/\\\/www.instagram.com\\\/povazskemuzeum\\\/\"]},{\"@type\":\"Person\",\"@id\":\"https:\\\/\\\/pmza.sk\\\/#\\\/schema\\\/person\\\/595e6a2ce731ea94dcd5d7f50a41ae33\",\"name\":\"Pova\u017esk\u00e9 m\u00fazeum\",\"image\":{\"@type\":\"ImageObject\",\"inLanguage\":\"sk-SK\",\"@id\":\"https:\\\/\\\/secure.gravatar.com\\\/avatar\\\/2bb7f1561282132fb5826dfeccc66c7996d11ee392ac6aaf7ced8a1c2027fbb2?s=96&d=mm&r=g\",\"url\":\"https:\\\/\\\/secure.gravatar.com\\\/avatar\\\/2bb7f1561282132fb5826dfeccc66c7996d11ee392ac6aaf7ced8a1c2027fbb2?s=96&d=mm&r=g\",\"contentUrl\":\"https:\\\/\\\/secure.gravatar.com\\\/avatar\\\/2bb7f1561282132fb5826dfeccc66c7996d11ee392ac6aaf7ced8a1c2027fbb2?s=96&d=mm&r=g\",\"caption\":\"Pova\u017esk\u00e9 m\u00fazeum\"}}]}<\/script>\n<!-- \/ Yoast SEO plugin. -->","yoast_head_json":{"title":"Jarn\u00e1 kr\u00e1sa op\u00e4\u0165 v Budat\u00edne - Pova\u017esk\u00e9 m\u00fazeum","robots":{"index":"index","follow":"follow","max-snippet":"max-snippet:-1","max-image-preview":"max-image-preview:large","max-video-preview":"max-video-preview:-1"},"canonical":"https:\/\/pmza.sk\/?p=9742","og_locale":"sk_SK","og_type":"article","og_title":"Jarn\u00e1 kr\u00e1sa op\u00e4\u0165 v Budat\u00edne - Pova\u017esk\u00e9 m\u00fazeum","og_description":"V are\u00e1li Budat\u00ednskeho hradu sa od 16. do 18. m\u00e1ja bude kona\u0165 tret\u00ed ro\u010dn\u00edk v\u00fdstavy rastl\u00edn a v\u010del\u00e1rskych produktov, doplnen\u00fd aj o uk\u00e1\u017eky remeseln\u00edckych pr\u00e1c, aran\u017eovania kyt\u00edc \u010di tvarovania bonsajov. V\u00fdstava s n\u00e1zvom Jarn\u00e1 kr\u00e1sa u\u017e tret\u00ed rok pri\u0165ahuje odborn\u00edkov i \u0161irok\u00fa laick\u00fa verejnos\u0165, ktor\u00e1 sa chce dozvedie\u0165 viac o pestovan\u00ed rozli\u010dn\u00fdch byl\u00edn, drev\u00edn, sukulentov [&hellip;]","og_url":"https:\/\/pmza.sk\/?p=9742","og_site_name":"Pova\u017esk\u00e9 m\u00fazeum","article_publisher":"https:\/\/www.facebook.com\/povazskemuzeum","article_published_time":"2014-05-13T13:53:44+00:00","og_image":[{"url":"https:\/\/pmza.sk.sk\/wp-content\/uploads\/2014\/05\/jarna-krasa-211x300.jpg","type":"","width":"","height":""}],"author":"Pova\u017esk\u00e9 m\u00fazeum","twitter_card":"summary_large_image","twitter_misc":{"Autor":"Pova\u017esk\u00e9 m\u00fazeum","Predpokladan\u00fd \u010das \u010d\u00edtania":"2 min\u00faty"},"schema":{"@context":"https:\/\/schema.org","@graph":[{"@type":"Article","@id":"https:\/\/pmza.sk\/?p=9742#article","isPartOf":{"@id":"https:\/\/pmza.sk\/?p=9742"},"author":{"name":"Pova\u017esk\u00e9 m\u00fazeum","@id":"https:\/\/pmza.sk\/#\/schema\/person\/595e6a2ce731ea94dcd5d7f50a41ae33"},"headline":"Jarn\u00e1 kr\u00e1sa op\u00e4\u0165 v Budat\u00edne","datePublished":"2014-05-13T13:53:44+00:00","mainEntityOfPage":{"@id":"https:\/\/pmza.sk\/?p=9742"},"wordCount":483,"publisher":{"@id":"https:\/\/pmza.sk\/#organization"},"image":{"@id":"https:\/\/pmza.sk\/?p=9742#primaryimage"},"thumbnailUrl":"https:\/\/pmza.sk.sk\/wp-content\/uploads\/2014\/05\/jarna-krasa-211x300.jpg","articleSection":["Arch\u00edv 2014"],"inLanguage":"sk-SK"},{"@type":"WebPage","@id":"https:\/\/pmza.sk\/?p=9742","url":"https:\/\/pmza.sk\/?p=9742","name":"Jarn\u00e1 kr\u00e1sa op\u00e4\u0165 v Budat\u00edne - Pova\u017esk\u00e9 m\u00fazeum","isPartOf":{"@id":"https:\/\/pmza.sk\/#website"},"primaryImageOfPage":{"@id":"https:\/\/pmza.sk\/?p=9742#primaryimage"},"image":{"@id":"https:\/\/pmza.sk\/?p=9742#primaryimage"},"thumbnailUrl":"https:\/\/pmza.sk.sk\/wp-content\/uploads\/2014\/05\/jarna-krasa-211x300.jpg","datePublished":"2014-05-13T13:53:44+00:00","breadcrumb":{"@id":"https:\/\/pmza.sk\/?p=9742#breadcrumb"},"inLanguage":"sk-SK","potentialAction":[{"@type":"ReadAction","target":["https:\/\/pmza.sk\/?p=9742"]}]},{"@type":"ImageObject","inLanguage":"sk-SK","@id":"https:\/\/pmza.sk\/?p=9742#primaryimage","url":"https:\/\/pmza.sk.sk\/wp-content\/uploads\/2014\/05\/jarna-krasa-211x300.jpg","contentUrl":"https:\/\/pmza.sk.sk\/wp-content\/uploads\/2014\/05\/jarna-krasa-211x300.jpg"},{"@type":"BreadcrumbList","@id":"https:\/\/pmza.sk\/?p=9742#breadcrumb","itemListElement":[{"@type":"ListItem","position":1,"name":"Domovsk\u00e1 str\u00e1nka","item":"https:\/\/pmza.sk\/"},{"@type":"ListItem","position":2,"name":"Jarn\u00e1 kr\u00e1sa op\u00e4\u0165 v Budat\u00edne"}]},{"@type":"WebSite","@id":"https:\/\/pmza.sk\/#website","url":"https:\/\/pmza.sk\/","name":"Pova\u017esk\u00e9 m\u00fazeum","description":"Pova\u017esk\u00e9 m\u00fazeum v \u017diline je region\u00e1lne m\u00fazeum so s\u00eddlom v Budat\u00edne. Jeho expoz\u00edcie s\u00fa zameran\u00e9 na dejiny slovensk\u00e9ho umenia, kult\u00fary a dopravy.","publisher":{"@id":"https:\/\/pmza.sk\/#organization"},"potentialAction":[{"@type":"SearchAction","target":{"@type":"EntryPoint","urlTemplate":"https:\/\/pmza.sk\/?s={search_term_string}"},"query-input":{"@type":"PropertyValueSpecification","valueRequired":true,"valueName":"search_term_string"}}],"inLanguage":"sk-SK"},{"@type":"Organization","@id":"https:\/\/pmza.sk\/#organization","name":"Pova\u017esk\u00e9 m\u00fazeum","url":"https:\/\/pmza.sk\/","logo":{"@type":"ImageObject","inLanguage":"sk-SK","@id":"https:\/\/pmza.sk\/#\/schema\/logo\/image\/","url":"https:\/\/pmza.sk\/wp-content\/uploads\/2022\/01\/logo_PM_horizontal.jpg","contentUrl":"https:\/\/pmza.sk\/wp-content\/uploads\/2022\/01\/logo_PM_horizontal.jpg","width":231,"height":142,"caption":"Pova\u017esk\u00e9 m\u00fazeum"},"image":{"@id":"https:\/\/pmza.sk\/#\/schema\/logo\/image\/"},"sameAs":["https:\/\/www.facebook.com\/povazskemuzeum","https:\/\/www.instagram.com\/povazskemuzeum\/"]},{"@type":"Person","@id":"https:\/\/pmza.sk\/#\/schema\/person\/595e6a2ce731ea94dcd5d7f50a41ae33","name":"Pova\u017esk\u00e9 m\u00fazeum","image":{"@type":"ImageObject","inLanguage":"sk-SK","@id":"https:\/\/secure.gravatar.com\/avatar\/2bb7f1561282132fb5826dfeccc66c7996d11ee392ac6aaf7ced8a1c2027fbb2?s=96&d=mm&r=g","url":"https:\/\/secure.gravatar.com\/avatar\/2bb7f1561282132fb5826dfeccc66c7996d11ee392ac6aaf7ced8a1c2027fbb2?s=96&d=mm&r=g","contentUrl":"https:\/\/secure.gravatar.com\/avatar\/2bb7f1561282132fb5826dfeccc66c7996d11ee392ac6aaf7ced8a1c2027fbb2?s=96&d=mm&r=g","caption":"Pova\u017esk\u00e9 m\u00fazeum"}}]}},"_links":{"self":[{"href":"https:\/\/pmza.sk\/index.php?rest_route=\/wp\/v2\/posts\/9742","targetHints":{"allow":["GET"]}}],"collection":[{"href":"https:\/\/pmza.sk\/index.php?rest_route=\/wp\/v2\/posts"}],"about":[{"href":"https:\/\/pmza.sk\/index.php?rest_route=\/wp\/v2\/types\/post"}],"author":[{"embeddable":true,"href":"https:\/\/pmza.sk\/index.php?rest_route=\/wp\/v2\/users\/2"}],"replies":[{"embeddable":true,"href":"https:\/\/pmza.sk\/index.php?rest_route=%2Fwp%2Fv2%2Fcomments&post=9742"}],"version-history":[{"count":0,"href":"https:\/\/pmza.sk\/index.php?rest_route=\/wp\/v2\/posts\/9742\/revisions"}],"wp:attachment":[{"href":"https:\/\/pmza.sk\/index.php?rest_route=%2Fwp%2Fv2%2Fmedia&parent=9742"}],"wp:term":[{"taxonomy":"category","embeddable":true,"href":"https:\/\/pmza.sk\/index.php?rest_route=%2Fwp%2Fv2%2Fcategories&post=9742"},{"taxonomy":"post_tag","embeddable":true,"href":"https:\/\/pmza.sk\/index.php?rest_route=%2Fwp%2Fv2%2Ftags&post=9742"}],"curies":[{"name":"wp","href":"https:\/\/api.w.org\/{rel}","templated":true}]}}