{"id":9793,"date":"2014-05-22T13:53:07","date_gmt":"2014-05-22T11:53:07","guid":{"rendered":"https:\/\/pmza.sk.sk\/?p=9793"},"modified":"2014-05-22T13:53:07","modified_gmt":"2014-05-22T11:53:07","slug":"strecno-a-paseka-su-pripravene-na-detsku-invaziu","status":"publish","type":"post","link":"https:\/\/pmza.sk\/?p=9793","title":{"rendered":"Stre\u010dno a Paseka s\u00fa pripraven\u00e9 na detsk\u00fa inv\u00e1ziu"},"content":{"rendered":"<p><a href=\"https:\/\/pmza.sk\/wp-content\/uploads\/2014\/05\/MDD-na-hrade-Strecno_20142.jpg\"><img fetchpriority=\"high\" decoding=\"async\" class=\"alignleft size-full wp-image-9800\" alt=\"MDD na hrade Stre\u010dno_2014\" src=\"https:\/\/pmza.sk\/wp-content\/uploads\/2014\/05\/MDD-na-hrade-Strecno_20142.jpg\" width=\"212\" height=\"305\" srcset=\"https:\/\/pmza.sk\/wp-content\/uploads\/2014\/05\/MDD-na-hrade-Strecno_20142.jpg 713w, https:\/\/pmza.sk\/wp-content\/uploads\/2014\/05\/MDD-na-hrade-Strecno_20142-251x360.jpg 251w, https:\/\/pmza.sk\/wp-content\/uploads\/2014\/05\/MDD-na-hrade-Strecno_20142-512x736.jpg 512w, https:\/\/pmza.sk\/wp-content\/uploads\/2014\/05\/MDD-na-hrade-Strecno_20142-600x862.jpg 600w\" sizes=\"(max-width: 212px) 100vw, 212px\" \/><\/a>Oslavy Medzin\u00e1rodn\u00e9ho d\u0148a det\u00ed organizuje Pova\u017esk\u00e9 m\u00fazeum v\u00a0\u017diline aj tento rok tradi\u010dne na hrade Stre\u010dno. Uskuto\u010dnia sa v\u00a0nede\u013eu 1. j\u00fana 2014 v\u00a0are\u00e1li hradu a po prv\u00fd raz aj v\u00a0stredovekej dedine Paseka. Program bude op\u00e4\u0165 l\u00e1kav\u00fd nielen pre najmen\u0161\u00edch n\u00e1v\u0161tevn\u00edkov.\u00a0Na hradnom n\u00e1dvor\u00ed ich pobav\u00ed divadelno-improviza\u010dn\u00e1 skupina Kapor na sc\u00e9ne svoj\u00edm predstaven\u00edm \u0160kared\u00e9 k\u00e1\u010datko. Op\u00e4\u0165 sa bude strie\u013ea\u0165 z\u00a0dela, pod veden\u00edm kapr\u00e1la \u010cara sa o\u00a0to postaraj\u00fa delostrelci z\u00a0Martina, nahliadneme do stredovekej kuchyne, deti si ur\u010dite pr\u00eddu na svoje na drevenom koloto\u010di. Sokoliari sv. Bavona z\u00a0Banskej \u0160tiavnice predved\u00fa svoje umenie v\u00fdcviku dravcov a\u00a0k\u00a0netradi\u010dn\u00fdm stredovek\u00fdm hr\u00e1m n\u00e1s prenesie Skupina historick\u00e9ho \u0161ermu Bojn\u00edk z\u00a0Bojn\u00edc. <i>\u201eDo viacer\u00fdch sprievodn\u00fdch aktiv\u00edt na hrade Stre\u010dno sa po\u010das osl\u00e1v D\u0148a det\u00ed m\u00f4\u017eu na\u0161i n\u00e1v\u0161tevn\u00edci akt\u00edvne zap\u00e1ja\u0165. Jednou z\u00a0nich bude napr\u00edklad aj v\u00fdu\u010dba \u0161\u013eachtick\u00e9ho tane\u010dn\u00e9ho umenia<!--more-->, na ktor\u00fa sa podujme skupina historick\u00e9ho tanca Galthilion v\u00a0kr\u00e1snych gotick\u00fdch kost\u00fdmoch. Program podujatia venovan\u00e9ho predov\u0161etk\u00fdm na\u0161im najmen\u0161\u00edm sme mohli tento rok po prv\u00fd raz roz\u0161\u00edri\u0165 aj do stredovekej dediny Paseka, kde m\u00e1me prichystan\u00fa m\u00f3dnu prehliadku, ma\u013eovanie na tv\u00e1r a\u00a0koncert mandol\u00ednov\u00e9ho s\u00faboru \u017diarinka z\u00a0Neslu\u0161e,\u201c<\/i> uviedol riadite\u013e Pova\u017esk\u00e9ho m\u00fazea v\u00a0\u017diline Ladislav Cimer\u00e1k.<\/p>\n<p>Organiz\u00e1torom Medzin\u00e1rodn\u00e9ho d\u0148a det\u00ed na hrade Stre\u010dno, ktor\u00fd sa uskuto\u010dn\u00ed <b>1. j\u00fana od 9:00 do 18:00 h <\/b>je<b> <\/b>Pova\u017esk\u00e9 m\u00fazeum v\u00a0\u017diline v\u00a0zria\u010fovate\u013eskej p\u00f4sobnosti \u017dilinsk\u00e9ho samospr\u00e1vneho kraja.<\/p>\n<p>&nbsp;<\/p>\n<p>Fotogal\u00e9ria z podujatia <a href=\"https:\/\/pmza.sk.sk\/foto-mdd\/?album=82\">TU<\/a><\/p>\n<p>&nbsp;<\/p>\n<p>&nbsp;<\/p>\n<p><a href=\"https:\/\/pmza.sk.sk\/wp-content\/uploads\/2010\/06\/11.gif\"><img decoding=\"async\" class=\"alignleft size-full wp-image-5676\" alt=\"11\" src=\"https:\/\/pmza.sk.sk\/wp-content\/uploads\/2010\/06\/11.gif\" width=\"308\" height=\"63\" \/><\/a><a href=\"https:\/\/pmza.sk.sk\/wp-content\/uploads\/2010\/06\/libex.jpg\"><img decoding=\"async\" class=\"alignleft size-full wp-image-804\" alt=\"libex\" src=\"https:\/\/pmza.sk.sk\/wp-content\/uploads\/2010\/06\/libex.jpg\" width=\"206\" height=\"82\" srcset=\"https:\/\/pmza.sk\/wp-content\/uploads\/2010\/06\/libex.jpg 591w, https:\/\/pmza.sk\/wp-content\/uploads\/2010\/06\/libex-570x226.jpg 570w\" sizes=\"(max-width: 206px) 100vw, 206px\" \/><\/a><\/p>\n<p>&nbsp;<\/p>\n<p>&nbsp;<\/p>\n<p>&nbsp;<\/p>\n<p>&nbsp;<\/p>\n<p>\u00a0<a href=\"https:\/\/pmza.sk.sk\/wp-content\/uploads\/2010\/06\/anmima.gif\"><img loading=\"lazy\" decoding=\"async\" class=\"alignleft size-full wp-image-831\" alt=\"anmima\" src=\"https:\/\/pmza.sk.sk\/wp-content\/uploads\/2010\/06\/anmima.gif\" width=\"231\" height=\"66\" \/><\/a><\/p>\n<p>&nbsp;<\/p>\n<p>&nbsp;<\/p>\n<p>&nbsp;<\/p>\n<p>&nbsp;<\/p>\n","protected":false},"excerpt":{"rendered":"<p>Oslavy Medzin\u00e1rodn\u00e9ho d\u0148a det\u00ed organizuje Pova\u017esk\u00e9 m\u00fazeum v\u00a0\u017diline aj tento rok tradi\u010dne na hrade Stre\u010dno. Uskuto\u010dnia sa v\u00a0nede\u013eu 1. j\u00fana 2014 v\u00a0are\u00e1li hradu a po prv\u00fd raz aj v\u00a0stredovekej dedine Paseka. Program bude op\u00e4\u0165 l\u00e1kav\u00fd nielen pre najmen\u0161\u00edch n\u00e1v\u0161tevn\u00edkov.\u00a0Na hradnom n\u00e1dvor\u00ed ich pobav\u00ed divadelno-improviza\u010dn\u00e1 skupina Kapor na sc\u00e9ne svoj\u00edm predstaven\u00edm \u0160kared\u00e9 k\u00e1\u010datko. Op\u00e4\u0165 sa bude [&hellip;]<\/p>\n","protected":false},"author":2,"featured_media":0,"comment_status":"closed","ping_status":"closed","sticky":false,"template":"","format":"standard","meta":{"site-sidebar-layout":"default","site-content-layout":"","ast-site-content-layout":"","site-content-style":"default","site-sidebar-style":"default","ast-global-header-display":"","ast-banner-title-visibility":"","ast-main-header-display":"","ast-hfb-above-header-display":"","ast-hfb-below-header-display":"","ast-hfb-mobile-header-display":"","site-post-title":"","ast-breadcrumbs-content":"","ast-featured-img":"","footer-sml-layout":"","theme-transparent-header-meta":"","adv-header-id-meta":"","stick-header-meta":"","header-above-stick-meta":"","header-main-stick-meta":"","header-below-stick-meta":"","astra-migrate-meta-layouts":"default","ast-page-background-enabled":"default","ast-page-background-meta":{"desktop":{"background-color":"var(--ast-global-color-4)","background-image":"","background-repeat":"repeat","background-position":"center center","background-size":"auto","background-attachment":"scroll","background-type":"","background-media":"","overlay-type":"","overlay-color":"","overlay-opacity":"","overlay-gradient":""},"tablet":{"background-color":"","background-image":"","background-repeat":"repeat","background-position":"center center","background-size":"auto","background-attachment":"scroll","background-type":"","background-media":"","overlay-type":"","overlay-color":"","overlay-opacity":"","overlay-gradient":""},"mobile":{"background-color":"","background-image":"","background-repeat":"repeat","background-position":"center center","background-size":"auto","background-attachment":"scroll","background-type":"","background-media":"","overlay-type":"","overlay-color":"","overlay-opacity":"","overlay-gradient":""}},"ast-content-background-meta":{"desktop":{"background-color":"var(--ast-global-color-5)","background-image":"","background-repeat":"repeat","background-position":"center center","background-size":"auto","background-attachment":"scroll","background-type":"","background-media":"","overlay-type":"","overlay-color":"","overlay-opacity":"","overlay-gradient":""},"tablet":{"background-color":"var(--ast-global-color-5)","background-image":"","background-repeat":"repeat","background-position":"center center","background-size":"auto","background-attachment":"scroll","background-type":"","background-media":"","overlay-type":"","overlay-color":"","overlay-opacity":"","overlay-gradient":""},"mobile":{"background-color":"var(--ast-global-color-5)","background-image":"","background-repeat":"repeat","background-position":"center center","background-size":"auto","background-attachment":"scroll","background-type":"","background-media":"","overlay-type":"","overlay-color":"","overlay-opacity":"","overlay-gradient":""}},"footnotes":""},"categories":[36],"tags":[],"class_list":["post-9793","post","type-post","status-publish","format-standard","hentry","category-archiv-2014"],"yoast_head":"<!-- This site is optimized with the Yoast SEO plugin v27.4 - https:\/\/yoast.com\/product\/yoast-seo-wordpress\/ -->\n<title>Stre\u010dno a Paseka s\u00fa pripraven\u00e9 na detsk\u00fa inv\u00e1ziu - Pova\u017esk\u00e9 m\u00fazeum<\/title>\n<meta name=\"robots\" content=\"index, follow, max-snippet:-1, max-image-preview:large, max-video-preview:-1\" \/>\n<link rel=\"canonical\" href=\"https:\/\/pmza.sk\/?p=9793\" \/>\n<meta property=\"og:locale\" content=\"sk_SK\" \/>\n<meta property=\"og:type\" content=\"article\" \/>\n<meta property=\"og:title\" content=\"Stre\u010dno a Paseka s\u00fa pripraven\u00e9 na detsk\u00fa inv\u00e1ziu - Pova\u017esk\u00e9 m\u00fazeum\" \/>\n<meta property=\"og:description\" content=\"Oslavy Medzin\u00e1rodn\u00e9ho d\u0148a det\u00ed organizuje Pova\u017esk\u00e9 m\u00fazeum v\u00a0\u017diline aj tento rok tradi\u010dne na hrade Stre\u010dno. Uskuto\u010dnia sa v\u00a0nede\u013eu 1. j\u00fana 2014 v\u00a0are\u00e1li hradu a po prv\u00fd raz aj v\u00a0stredovekej dedine Paseka. Program bude op\u00e4\u0165 l\u00e1kav\u00fd nielen pre najmen\u0161\u00edch n\u00e1v\u0161tevn\u00edkov.\u00a0Na hradnom n\u00e1dvor\u00ed ich pobav\u00ed divadelno-improviza\u010dn\u00e1 skupina Kapor na sc\u00e9ne svoj\u00edm predstaven\u00edm \u0160kared\u00e9 k\u00e1\u010datko. Op\u00e4\u0165 sa bude [&hellip;]\" \/>\n<meta property=\"og:url\" content=\"https:\/\/pmza.sk\/?p=9793\" \/>\n<meta property=\"og:site_name\" content=\"Pova\u017esk\u00e9 m\u00fazeum\" \/>\n<meta property=\"article:publisher\" content=\"https:\/\/www.facebook.com\/povazskemuzeum\" \/>\n<meta property=\"article:published_time\" content=\"2014-05-22T11:53:07+00:00\" \/>\n<meta property=\"og:image\" content=\"https:\/\/pmza.sk\/wp-content\/uploads\/2014\/05\/MDD-na-hrade-Strecno_20142.jpg\" \/>\n<meta name=\"author\" content=\"Pova\u017esk\u00e9 m\u00fazeum\" \/>\n<meta name=\"twitter:card\" content=\"summary_large_image\" \/>\n<meta name=\"twitter:label1\" content=\"Autor\" \/>\n\t<meta name=\"twitter:data1\" content=\"Pova\u017esk\u00e9 m\u00fazeum\" \/>\n\t<meta name=\"twitter:label2\" content=\"Predpokladan\u00fd \u010das \u010d\u00edtania\" \/>\n\t<meta name=\"twitter:data2\" content=\"2 min\u00faty\" \/>\n<script type=\"application\/ld+json\" class=\"yoast-schema-graph\">{\"@context\":\"https:\\\/\\\/schema.org\",\"@graph\":[{\"@type\":\"Article\",\"@id\":\"https:\\\/\\\/pmza.sk\\\/?p=9793#article\",\"isPartOf\":{\"@id\":\"https:\\\/\\\/pmza.sk\\\/?p=9793\"},\"author\":{\"name\":\"Pova\u017esk\u00e9 m\u00fazeum\",\"@id\":\"https:\\\/\\\/pmza.sk\\\/#\\\/schema\\\/person\\\/595e6a2ce731ea94dcd5d7f50a41ae33\"},\"headline\":\"Stre\u010dno a Paseka s\u00fa pripraven\u00e9 na detsk\u00fa inv\u00e1ziu\",\"datePublished\":\"2014-05-22T11:53:07+00:00\",\"mainEntityOfPage\":{\"@id\":\"https:\\\/\\\/pmza.sk\\\/?p=9793\"},\"wordCount\":334,\"publisher\":{\"@id\":\"https:\\\/\\\/pmza.sk\\\/#organization\"},\"image\":{\"@id\":\"https:\\\/\\\/pmza.sk\\\/?p=9793#primaryimage\"},\"thumbnailUrl\":\"http:\\\/\\\/pmza.sk\\\/wp-content\\\/uploads\\\/2014\\\/05\\\/MDD-na-hrade-Strecno_20142.jpg\",\"articleSection\":[\"Arch\u00edv 2014\"],\"inLanguage\":\"sk-SK\"},{\"@type\":\"WebPage\",\"@id\":\"https:\\\/\\\/pmza.sk\\\/?p=9793\",\"url\":\"https:\\\/\\\/pmza.sk\\\/?p=9793\",\"name\":\"Stre\u010dno a Paseka s\u00fa pripraven\u00e9 na detsk\u00fa inv\u00e1ziu - Pova\u017esk\u00e9 m\u00fazeum\",\"isPartOf\":{\"@id\":\"https:\\\/\\\/pmza.sk\\\/#website\"},\"primaryImageOfPage\":{\"@id\":\"https:\\\/\\\/pmza.sk\\\/?p=9793#primaryimage\"},\"image\":{\"@id\":\"https:\\\/\\\/pmza.sk\\\/?p=9793#primaryimage\"},\"thumbnailUrl\":\"http:\\\/\\\/pmza.sk\\\/wp-content\\\/uploads\\\/2014\\\/05\\\/MDD-na-hrade-Strecno_20142.jpg\",\"datePublished\":\"2014-05-22T11:53:07+00:00\",\"breadcrumb\":{\"@id\":\"https:\\\/\\\/pmza.sk\\\/?p=9793#breadcrumb\"},\"inLanguage\":\"sk-SK\",\"potentialAction\":[{\"@type\":\"ReadAction\",\"target\":[\"https:\\\/\\\/pmza.sk\\\/?p=9793\"]}]},{\"@type\":\"ImageObject\",\"inLanguage\":\"sk-SK\",\"@id\":\"https:\\\/\\\/pmza.sk\\\/?p=9793#primaryimage\",\"url\":\"https:\\\/\\\/pmza.sk\\\/wp-content\\\/uploads\\\/2014\\\/05\\\/MDD-na-hrade-Strecno_20142.jpg\",\"contentUrl\":\"https:\\\/\\\/pmza.sk\\\/wp-content\\\/uploads\\\/2014\\\/05\\\/MDD-na-hrade-Strecno_20142.jpg\",\"width\":713,\"height\":1024},{\"@type\":\"BreadcrumbList\",\"@id\":\"https:\\\/\\\/pmza.sk\\\/?p=9793#breadcrumb\",\"itemListElement\":[{\"@type\":\"ListItem\",\"position\":1,\"name\":\"Domovsk\u00e1 str\u00e1nka\",\"item\":\"https:\\\/\\\/pmza.sk\\\/\"},{\"@type\":\"ListItem\",\"position\":2,\"name\":\"Stre\u010dno a Paseka s\u00fa pripraven\u00e9 na detsk\u00fa inv\u00e1ziu\"}]},{\"@type\":\"WebSite\",\"@id\":\"https:\\\/\\\/pmza.sk\\\/#website\",\"url\":\"https:\\\/\\\/pmza.sk\\\/\",\"name\":\"Pova\u017esk\u00e9 m\u00fazeum\",\"description\":\"Pova\u017esk\u00e9 m\u00fazeum v \u017diline je region\u00e1lne m\u00fazeum so s\u00eddlom v Budat\u00edne. Jeho expoz\u00edcie s\u00fa zameran\u00e9 na dejiny slovensk\u00e9ho umenia, kult\u00fary a dopravy.\",\"publisher\":{\"@id\":\"https:\\\/\\\/pmza.sk\\\/#organization\"},\"potentialAction\":[{\"@type\":\"SearchAction\",\"target\":{\"@type\":\"EntryPoint\",\"urlTemplate\":\"https:\\\/\\\/pmza.sk\\\/?s={search_term_string}\"},\"query-input\":{\"@type\":\"PropertyValueSpecification\",\"valueRequired\":true,\"valueName\":\"search_term_string\"}}],\"inLanguage\":\"sk-SK\"},{\"@type\":\"Organization\",\"@id\":\"https:\\\/\\\/pmza.sk\\\/#organization\",\"name\":\"Pova\u017esk\u00e9 m\u00fazeum\",\"url\":\"https:\\\/\\\/pmza.sk\\\/\",\"logo\":{\"@type\":\"ImageObject\",\"inLanguage\":\"sk-SK\",\"@id\":\"https:\\\/\\\/pmza.sk\\\/#\\\/schema\\\/logo\\\/image\\\/\",\"url\":\"https:\\\/\\\/pmza.sk\\\/wp-content\\\/uploads\\\/2022\\\/01\\\/logo_PM_horizontal.jpg\",\"contentUrl\":\"https:\\\/\\\/pmza.sk\\\/wp-content\\\/uploads\\\/2022\\\/01\\\/logo_PM_horizontal.jpg\",\"width\":231,\"height\":142,\"caption\":\"Pova\u017esk\u00e9 m\u00fazeum\"},\"image\":{\"@id\":\"https:\\\/\\\/pmza.sk\\\/#\\\/schema\\\/logo\\\/image\\\/\"},\"sameAs\":[\"https:\\\/\\\/www.facebook.com\\\/povazskemuzeum\",\"https:\\\/\\\/www.instagram.com\\\/povazskemuzeum\\\/\"]},{\"@type\":\"Person\",\"@id\":\"https:\\\/\\\/pmza.sk\\\/#\\\/schema\\\/person\\\/595e6a2ce731ea94dcd5d7f50a41ae33\",\"name\":\"Pova\u017esk\u00e9 m\u00fazeum\",\"image\":{\"@type\":\"ImageObject\",\"inLanguage\":\"sk-SK\",\"@id\":\"https:\\\/\\\/secure.gravatar.com\\\/avatar\\\/2bb7f1561282132fb5826dfeccc66c7996d11ee392ac6aaf7ced8a1c2027fbb2?s=96&d=mm&r=g\",\"url\":\"https:\\\/\\\/secure.gravatar.com\\\/avatar\\\/2bb7f1561282132fb5826dfeccc66c7996d11ee392ac6aaf7ced8a1c2027fbb2?s=96&d=mm&r=g\",\"contentUrl\":\"https:\\\/\\\/secure.gravatar.com\\\/avatar\\\/2bb7f1561282132fb5826dfeccc66c7996d11ee392ac6aaf7ced8a1c2027fbb2?s=96&d=mm&r=g\",\"caption\":\"Pova\u017esk\u00e9 m\u00fazeum\"}}]}<\/script>\n<!-- \/ Yoast SEO plugin. -->","yoast_head_json":{"title":"Stre\u010dno a Paseka s\u00fa pripraven\u00e9 na detsk\u00fa inv\u00e1ziu - Pova\u017esk\u00e9 m\u00fazeum","robots":{"index":"index","follow":"follow","max-snippet":"max-snippet:-1","max-image-preview":"max-image-preview:large","max-video-preview":"max-video-preview:-1"},"canonical":"https:\/\/pmza.sk\/?p=9793","og_locale":"sk_SK","og_type":"article","og_title":"Stre\u010dno a Paseka s\u00fa pripraven\u00e9 na detsk\u00fa inv\u00e1ziu - Pova\u017esk\u00e9 m\u00fazeum","og_description":"Oslavy Medzin\u00e1rodn\u00e9ho d\u0148a det\u00ed organizuje Pova\u017esk\u00e9 m\u00fazeum v\u00a0\u017diline aj tento rok tradi\u010dne na hrade Stre\u010dno. Uskuto\u010dnia sa v\u00a0nede\u013eu 1. j\u00fana 2014 v\u00a0are\u00e1li hradu a po prv\u00fd raz aj v\u00a0stredovekej dedine Paseka. Program bude op\u00e4\u0165 l\u00e1kav\u00fd nielen pre najmen\u0161\u00edch n\u00e1v\u0161tevn\u00edkov.\u00a0Na hradnom n\u00e1dvor\u00ed ich pobav\u00ed divadelno-improviza\u010dn\u00e1 skupina Kapor na sc\u00e9ne svoj\u00edm predstaven\u00edm \u0160kared\u00e9 k\u00e1\u010datko. Op\u00e4\u0165 sa bude [&hellip;]","og_url":"https:\/\/pmza.sk\/?p=9793","og_site_name":"Pova\u017esk\u00e9 m\u00fazeum","article_publisher":"https:\/\/www.facebook.com\/povazskemuzeum","article_published_time":"2014-05-22T11:53:07+00:00","og_image":[{"url":"https:\/\/pmza.sk\/wp-content\/uploads\/2014\/05\/MDD-na-hrade-Strecno_20142.jpg","type":"","width":"","height":""}],"author":"Pova\u017esk\u00e9 m\u00fazeum","twitter_card":"summary_large_image","twitter_misc":{"Autor":"Pova\u017esk\u00e9 m\u00fazeum","Predpokladan\u00fd \u010das \u010d\u00edtania":"2 min\u00faty"},"schema":{"@context":"https:\/\/schema.org","@graph":[{"@type":"Article","@id":"https:\/\/pmza.sk\/?p=9793#article","isPartOf":{"@id":"https:\/\/pmza.sk\/?p=9793"},"author":{"name":"Pova\u017esk\u00e9 m\u00fazeum","@id":"https:\/\/pmza.sk\/#\/schema\/person\/595e6a2ce731ea94dcd5d7f50a41ae33"},"headline":"Stre\u010dno a Paseka s\u00fa pripraven\u00e9 na detsk\u00fa inv\u00e1ziu","datePublished":"2014-05-22T11:53:07+00:00","mainEntityOfPage":{"@id":"https:\/\/pmza.sk\/?p=9793"},"wordCount":334,"publisher":{"@id":"https:\/\/pmza.sk\/#organization"},"image":{"@id":"https:\/\/pmza.sk\/?p=9793#primaryimage"},"thumbnailUrl":"https:\/\/pmza.sk\/wp-content\/uploads\/2014\/05\/MDD-na-hrade-Strecno_20142.jpg","articleSection":["Arch\u00edv 2014"],"inLanguage":"sk-SK"},{"@type":"WebPage","@id":"https:\/\/pmza.sk\/?p=9793","url":"https:\/\/pmza.sk\/?p=9793","name":"Stre\u010dno a Paseka s\u00fa pripraven\u00e9 na detsk\u00fa inv\u00e1ziu - Pova\u017esk\u00e9 m\u00fazeum","isPartOf":{"@id":"https:\/\/pmza.sk\/#website"},"primaryImageOfPage":{"@id":"https:\/\/pmza.sk\/?p=9793#primaryimage"},"image":{"@id":"https:\/\/pmza.sk\/?p=9793#primaryimage"},"thumbnailUrl":"https:\/\/pmza.sk\/wp-content\/uploads\/2014\/05\/MDD-na-hrade-Strecno_20142.jpg","datePublished":"2014-05-22T11:53:07+00:00","breadcrumb":{"@id":"https:\/\/pmza.sk\/?p=9793#breadcrumb"},"inLanguage":"sk-SK","potentialAction":[{"@type":"ReadAction","target":["https:\/\/pmza.sk\/?p=9793"]}]},{"@type":"ImageObject","inLanguage":"sk-SK","@id":"https:\/\/pmza.sk\/?p=9793#primaryimage","url":"https:\/\/pmza.sk\/wp-content\/uploads\/2014\/05\/MDD-na-hrade-Strecno_20142.jpg","contentUrl":"https:\/\/pmza.sk\/wp-content\/uploads\/2014\/05\/MDD-na-hrade-Strecno_20142.jpg","width":713,"height":1024},{"@type":"BreadcrumbList","@id":"https:\/\/pmza.sk\/?p=9793#breadcrumb","itemListElement":[{"@type":"ListItem","position":1,"name":"Domovsk\u00e1 str\u00e1nka","item":"https:\/\/pmza.sk\/"},{"@type":"ListItem","position":2,"name":"Stre\u010dno a Paseka s\u00fa pripraven\u00e9 na detsk\u00fa inv\u00e1ziu"}]},{"@type":"WebSite","@id":"https:\/\/pmza.sk\/#website","url":"https:\/\/pmza.sk\/","name":"Pova\u017esk\u00e9 m\u00fazeum","description":"Pova\u017esk\u00e9 m\u00fazeum v \u017diline je region\u00e1lne m\u00fazeum so s\u00eddlom v Budat\u00edne. Jeho expoz\u00edcie s\u00fa zameran\u00e9 na dejiny slovensk\u00e9ho umenia, kult\u00fary a dopravy.","publisher":{"@id":"https:\/\/pmza.sk\/#organization"},"potentialAction":[{"@type":"SearchAction","target":{"@type":"EntryPoint","urlTemplate":"https:\/\/pmza.sk\/?s={search_term_string}"},"query-input":{"@type":"PropertyValueSpecification","valueRequired":true,"valueName":"search_term_string"}}],"inLanguage":"sk-SK"},{"@type":"Organization","@id":"https:\/\/pmza.sk\/#organization","name":"Pova\u017esk\u00e9 m\u00fazeum","url":"https:\/\/pmza.sk\/","logo":{"@type":"ImageObject","inLanguage":"sk-SK","@id":"https:\/\/pmza.sk\/#\/schema\/logo\/image\/","url":"https:\/\/pmza.sk\/wp-content\/uploads\/2022\/01\/logo_PM_horizontal.jpg","contentUrl":"https:\/\/pmza.sk\/wp-content\/uploads\/2022\/01\/logo_PM_horizontal.jpg","width":231,"height":142,"caption":"Pova\u017esk\u00e9 m\u00fazeum"},"image":{"@id":"https:\/\/pmza.sk\/#\/schema\/logo\/image\/"},"sameAs":["https:\/\/www.facebook.com\/povazskemuzeum","https:\/\/www.instagram.com\/povazskemuzeum\/"]},{"@type":"Person","@id":"https:\/\/pmza.sk\/#\/schema\/person\/595e6a2ce731ea94dcd5d7f50a41ae33","name":"Pova\u017esk\u00e9 m\u00fazeum","image":{"@type":"ImageObject","inLanguage":"sk-SK","@id":"https:\/\/secure.gravatar.com\/avatar\/2bb7f1561282132fb5826dfeccc66c7996d11ee392ac6aaf7ced8a1c2027fbb2?s=96&d=mm&r=g","url":"https:\/\/secure.gravatar.com\/avatar\/2bb7f1561282132fb5826dfeccc66c7996d11ee392ac6aaf7ced8a1c2027fbb2?s=96&d=mm&r=g","contentUrl":"https:\/\/secure.gravatar.com\/avatar\/2bb7f1561282132fb5826dfeccc66c7996d11ee392ac6aaf7ced8a1c2027fbb2?s=96&d=mm&r=g","caption":"Pova\u017esk\u00e9 m\u00fazeum"}}]}},"_links":{"self":[{"href":"https:\/\/pmza.sk\/index.php?rest_route=\/wp\/v2\/posts\/9793","targetHints":{"allow":["GET"]}}],"collection":[{"href":"https:\/\/pmza.sk\/index.php?rest_route=\/wp\/v2\/posts"}],"about":[{"href":"https:\/\/pmza.sk\/index.php?rest_route=\/wp\/v2\/types\/post"}],"author":[{"embeddable":true,"href":"https:\/\/pmza.sk\/index.php?rest_route=\/wp\/v2\/users\/2"}],"replies":[{"embeddable":true,"href":"https:\/\/pmza.sk\/index.php?rest_route=%2Fwp%2Fv2%2Fcomments&post=9793"}],"version-history":[{"count":0,"href":"https:\/\/pmza.sk\/index.php?rest_route=\/wp\/v2\/posts\/9793\/revisions"}],"wp:attachment":[{"href":"https:\/\/pmza.sk\/index.php?rest_route=%2Fwp%2Fv2%2Fmedia&parent=9793"}],"wp:term":[{"taxonomy":"category","embeddable":true,"href":"https:\/\/pmza.sk\/index.php?rest_route=%2Fwp%2Fv2%2Fcategories&post=9793"},{"taxonomy":"post_tag","embeddable":true,"href":"https:\/\/pmza.sk\/index.php?rest_route=%2Fwp%2Fv2%2Ftags&post=9793"}],"curies":[{"name":"wp","href":"https:\/\/api.w.org\/{rel}","templated":true}]}}