{"id":985,"date":"2010-07-01T14:19:42","date_gmt":"2010-07-01T12:19:42","guid":{"rendered":"https:\/\/pmza.sk.sk\/?p=985"},"modified":"2010-07-01T14:19:42","modified_gmt":"2010-07-01T12:19:42","slug":"duchovia-elfovia-a-strecniansky-des-s-novou-prichutou","status":"publish","type":"post","link":"https:\/\/pmza.sk\/?p=985","title":{"rendered":"Duchovia, elfovia a stre\u010dniansky des s novou pr\u00edchu\u0165ou"},"content":{"rendered":"<p><a href=\"https:\/\/pmza.sk\/wp-content\/uploads\/2010\/07\/nocna-prehliadka-2009.jpg\"><img fetchpriority=\"high\" decoding=\"async\" class=\"size-medium wp-image-986 alignleft\" style=\"margin-left: 3px; margin-right: 3px; border: 3px solid black;\" title=\"nocna prehliadka 2009\" src=\"https:\/\/pmza.sk.sk\/wp-content\/uploads\/2010\/07\/nocna-prehliadka-2009-300x225.jpg\" alt=\"No\u010dn\u00e1 prehliadka hradu Stre\u010dno, 2009. Foto arch\u00edv PMZA.\" width=\"300\" height=\"225\" \/><\/a><\/p>\n<p style=\"text-align: justify;\">Prv\u00fa tohoro\u010dn\u00fa pr\u00e1zdninov\u00fa noc na hrade Stre\u010dno bud\u00fa vystihova\u0165 pr\u00edvlastky e\u0161te stra\u0161idelnej\u0161ia, tajomnej\u0161ia a\u00a0riskantnej\u0161ia. V piatok 9. j\u00fala 2010 Pova\u017esk\u00e9 m\u00fazeum v\u00a0\u017diline pripravilo no\u010dn\u00fa prehliadku\u00a0 okorenen\u00fa nielen stredovek\u00fdmi stra\u0161idlami, ale najm\u00e4 bytos\u0165ami zosob\u0148uj\u00facimi niektor\u00e9 zo siedmich hlavn\u00fdch hriechov pr\u00edzna\u010dn\u00fdch\u00a0 pre \u010dloveka.<!--more--><\/p>\n<p style=\"text-align: justify;\">\u201e<em>Duchovia, elfovia a stre\u010dniansky des patria k\u00a0najob\u013e\u00fabenej\u0161\u00edm podujatiam hradu Stre\u010dno. Nielen oh\u0148om, hudbou ale predov\u0161etk\u00fdm novou t\u00e9mou sa sna\u017e\u00edme spestri\u0165 no\u010dn\u00e9 putovanie na\u0161\u00edm hradom predov\u0161etk\u00fdm pre skaln\u00fdch, ale aj nov\u00fdch n\u00e1v\u0161tevn\u00edkov<\/em>,\u201c uviedol Boris Schubert, riadite\u013e Pova\u017esk\u00e9ho m\u00fazea v\u00a0\u017diline.<\/p>\n<p style=\"text-align: justify;\">\u013dudsk\u00e9 hriechy bud\u00fa sprostredkovan\u00e9 ne\u010dakan\u00fdmi dotykmi alegorick\u00fdch bytost\u00ed ako s\u00fa P\u00fdcha, Lakomstvo a\u00a0Ob\u017eerstvo s n\u00e1v\u0161tevn\u00edkmi. Odpor\u00fa\u010da sa neprich\u00e1dza\u0165 v\u00a0t\u00fato noc na hrad s\u00a0\u010diernymi my\u0161lienkami.\u00a0Ak sa tak aj stane, doty\u010dn\u00ed si bud\u00fa musie\u0165 svoj trest od\u010dini\u0165. Sp\u00f4sob satisfakcie \u00a0bude prekvapen\u00edm ve\u010dera. Okrem alegorick\u00fdch hrie\u0161n\u00fdch bytost\u00ed, \u00fastrednou t\u00e9mou bude osobnos\u0165 Frankestaina mlad\u0161ieho na hlavnom n\u00e1dvor\u00ed, ktor\u00fd sa pomocou svojich asistentov a\u00a0m\u00e9di\u00ed bude sna\u017ei\u0165 vytvori\u0165 prototyp absol\u00fatneho \u010dloveka. Aj tu m\u00f4\u017eu div\u00e1ci za\u017ei\u0165 nebezpe\u010denstv\u00e1 genetick\u00e9ho in\u017einierstva a\u00a0novodob\u00fdch technol\u00f3gi\u00ed. \u010eal\u0161\u00edmi atrakciami stre\u010dnianskej hradnej noci bude oh\u0148ov\u00e1 show, stredovek\u00e1 hudba a Stre\u010dnianski hradn\u00ed delostrelci s\u00a0uk\u00e1\u017ekami no\u010dn\u00fdch efektov v\u00fdbuchov z dela na\u00a0 n\u00e1dvor\u00ed hradu. Vyvrcholen\u00edm ve\u010dera bude prekvapenie vo forme uvedenia do \u017eivota bezhlav\u00e9ho maskota no\u010dn\u00fdch prehliadok hradu Stre\u010dno Juli\u00e1na s\u00a0jeho mottom: \u201e<em>Vst\u00fapte, tu V\u00e1m nikto hlavu neodtrhne<\/em>.\u201c<\/p>\n<p style=\"text-align: justify;\">Organiz\u00e1torom prvej letnej no\u010dnej prehliadky hradom Stre\u010dno pod n\u00e1zvom <strong>Duchovia, elfovia a stre\u010dniansky des, <\/strong>konaj\u00facej sa v\u00a0piatok <strong>9. j\u00fala 2010<\/strong> <strong>od 20,30 do 23,00 h<\/strong> je \u017dilinsk\u00fd samospr\u00e1vny kraj a\u00a0Pova\u017esk\u00e9 m\u00fazeum v\u00a0\u017diline.<\/p>\n","protected":false},"excerpt":{"rendered":"<p>Prv\u00fa tohoro\u010dn\u00fa pr\u00e1zdninov\u00fa noc na hrade Stre\u010dno bud\u00fa vystihova\u0165 pr\u00edvlastky e\u0161te stra\u0161idelnej\u0161ia, tajomnej\u0161ia a\u00a0riskantnej\u0161ia. V piatok 9. j\u00fala 2010 Pova\u017esk\u00e9 m\u00fazeum v\u00a0\u017diline pripravilo no\u010dn\u00fa prehliadku\u00a0 okorenen\u00fa nielen stredovek\u00fdmi stra\u0161idlami, ale najm\u00e4 bytos\u0165ami zosob\u0148uj\u00facimi niektor\u00e9 zo siedmich hlavn\u00fdch hriechov pr\u00edzna\u010dn\u00fdch\u00a0 pre \u010dloveka.<\/p>\n","protected":false},"author":2,"featured_media":0,"comment_status":"closed","ping_status":"closed","sticky":false,"template":"","format":"standard","meta":{"site-sidebar-layout":"default","site-content-layout":"","ast-site-content-layout":"","site-content-style":"default","site-sidebar-style":"default","ast-global-header-display":"","ast-banner-title-visibility":"","ast-main-header-display":"","ast-hfb-above-header-display":"","ast-hfb-below-header-display":"","ast-hfb-mobile-header-display":"","site-post-title":"","ast-breadcrumbs-content":"","ast-featured-img":"","footer-sml-layout":"","theme-transparent-header-meta":"","adv-header-id-meta":"","stick-header-meta":"","header-above-stick-meta":"","header-main-stick-meta":"","header-below-stick-meta":"","astra-migrate-meta-layouts":"default","ast-page-background-enabled":"default","ast-page-background-meta":{"desktop":{"background-color":"var(--ast-global-color-4)","background-image":"","background-repeat":"repeat","background-position":"center center","background-size":"auto","background-attachment":"scroll","background-type":"","background-media":"","overlay-type":"","overlay-color":"","overlay-opacity":"","overlay-gradient":""},"tablet":{"background-color":"","background-image":"","background-repeat":"repeat","background-position":"center center","background-size":"auto","background-attachment":"scroll","background-type":"","background-media":"","overlay-type":"","overlay-color":"","overlay-opacity":"","overlay-gradient":""},"mobile":{"background-color":"","background-image":"","background-repeat":"repeat","background-position":"center center","background-size":"auto","background-attachment":"scroll","background-type":"","background-media":"","overlay-type":"","overlay-color":"","overlay-opacity":"","overlay-gradient":""}},"ast-content-background-meta":{"desktop":{"background-color":"var(--ast-global-color-5)","background-image":"","background-repeat":"repeat","background-position":"center center","background-size":"auto","background-attachment":"scroll","background-type":"","background-media":"","overlay-type":"","overlay-color":"","overlay-opacity":"","overlay-gradient":""},"tablet":{"background-color":"var(--ast-global-color-5)","background-image":"","background-repeat":"repeat","background-position":"center center","background-size":"auto","background-attachment":"scroll","background-type":"","background-media":"","overlay-type":"","overlay-color":"","overlay-opacity":"","overlay-gradient":""},"mobile":{"background-color":"var(--ast-global-color-5)","background-image":"","background-repeat":"repeat","background-position":"center center","background-size":"auto","background-attachment":"scroll","background-type":"","background-media":"","overlay-type":"","overlay-color":"","overlay-opacity":"","overlay-gradient":""}},"footnotes":""},"categories":[29],"tags":[],"class_list":["post-985","post","type-post","status-publish","format-standard","hentry","category-archiv-2010"],"yoast_head":"<!-- This site is optimized with the Yoast SEO plugin v27.4 - https:\/\/yoast.com\/product\/yoast-seo-wordpress\/ -->\n<title>Duchovia, elfovia a stre\u010dniansky des s novou pr\u00edchu\u0165ou - Pova\u017esk\u00e9 m\u00fazeum<\/title>\n<meta name=\"robots\" content=\"index, follow, max-snippet:-1, max-image-preview:large, max-video-preview:-1\" \/>\n<link rel=\"canonical\" href=\"https:\/\/pmza.sk\/?p=985\" \/>\n<meta property=\"og:locale\" content=\"sk_SK\" \/>\n<meta property=\"og:type\" content=\"article\" \/>\n<meta property=\"og:title\" content=\"Duchovia, elfovia a stre\u010dniansky des s novou pr\u00edchu\u0165ou - Pova\u017esk\u00e9 m\u00fazeum\" \/>\n<meta property=\"og:description\" content=\"Prv\u00fa tohoro\u010dn\u00fa pr\u00e1zdninov\u00fa noc na hrade Stre\u010dno bud\u00fa vystihova\u0165 pr\u00edvlastky e\u0161te stra\u0161idelnej\u0161ia, tajomnej\u0161ia a\u00a0riskantnej\u0161ia. V piatok 9. j\u00fala 2010 Pova\u017esk\u00e9 m\u00fazeum v\u00a0\u017diline pripravilo no\u010dn\u00fa prehliadku\u00a0 okorenen\u00fa nielen stredovek\u00fdmi stra\u0161idlami, ale najm\u00e4 bytos\u0165ami zosob\u0148uj\u00facimi niektor\u00e9 zo siedmich hlavn\u00fdch hriechov pr\u00edzna\u010dn\u00fdch\u00a0 pre \u010dloveka.\" \/>\n<meta property=\"og:url\" content=\"https:\/\/pmza.sk\/?p=985\" \/>\n<meta property=\"og:site_name\" content=\"Pova\u017esk\u00e9 m\u00fazeum\" \/>\n<meta property=\"article:publisher\" content=\"https:\/\/www.facebook.com\/povazskemuzeum\" \/>\n<meta property=\"article:published_time\" content=\"2010-07-01T12:19:42+00:00\" \/>\n<meta property=\"og:image\" content=\"https:\/\/pmza.sk.sk\/wp-content\/uploads\/2010\/07\/nocna-prehliadka-2009-300x225.jpg\" \/>\n<meta name=\"author\" content=\"Pova\u017esk\u00e9 m\u00fazeum\" \/>\n<meta name=\"twitter:card\" content=\"summary_large_image\" \/>\n<meta name=\"twitter:label1\" content=\"Autor\" \/>\n\t<meta name=\"twitter:data1\" content=\"Pova\u017esk\u00e9 m\u00fazeum\" \/>\n\t<meta name=\"twitter:label2\" content=\"Predpokladan\u00fd \u010das \u010d\u00edtania\" \/>\n\t<meta name=\"twitter:data2\" content=\"2 min\u00faty\" \/>\n<script type=\"application\/ld+json\" class=\"yoast-schema-graph\">{\"@context\":\"https:\\\/\\\/schema.org\",\"@graph\":[{\"@type\":\"Article\",\"@id\":\"https:\\\/\\\/pmza.sk\\\/?p=985#article\",\"isPartOf\":{\"@id\":\"https:\\\/\\\/pmza.sk\\\/?p=985\"},\"author\":{\"name\":\"Pova\u017esk\u00e9 m\u00fazeum\",\"@id\":\"https:\\\/\\\/pmza.sk\\\/#\\\/schema\\\/person\\\/595e6a2ce731ea94dcd5d7f50a41ae33\"},\"headline\":\"Duchovia, elfovia a stre\u010dniansky des s novou pr\u00edchu\u0165ou\",\"datePublished\":\"2010-07-01T12:19:42+00:00\",\"mainEntityOfPage\":{\"@id\":\"https:\\\/\\\/pmza.sk\\\/?p=985\"},\"wordCount\":358,\"publisher\":{\"@id\":\"https:\\\/\\\/pmza.sk\\\/#organization\"},\"image\":{\"@id\":\"https:\\\/\\\/pmza.sk\\\/?p=985#primaryimage\"},\"thumbnailUrl\":\"http:\\\/\\\/pmza.sk.sk\\\/wp-content\\\/uploads\\\/2010\\\/07\\\/nocna-prehliadka-2009-300x225.jpg\",\"articleSection\":[\"Arch\u00edv 2010\"],\"inLanguage\":\"sk-SK\"},{\"@type\":\"WebPage\",\"@id\":\"https:\\\/\\\/pmza.sk\\\/?p=985\",\"url\":\"https:\\\/\\\/pmza.sk\\\/?p=985\",\"name\":\"Duchovia, elfovia a stre\u010dniansky des s novou pr\u00edchu\u0165ou - Pova\u017esk\u00e9 m\u00fazeum\",\"isPartOf\":{\"@id\":\"https:\\\/\\\/pmza.sk\\\/#website\"},\"primaryImageOfPage\":{\"@id\":\"https:\\\/\\\/pmza.sk\\\/?p=985#primaryimage\"},\"image\":{\"@id\":\"https:\\\/\\\/pmza.sk\\\/?p=985#primaryimage\"},\"thumbnailUrl\":\"http:\\\/\\\/pmza.sk.sk\\\/wp-content\\\/uploads\\\/2010\\\/07\\\/nocna-prehliadka-2009-300x225.jpg\",\"datePublished\":\"2010-07-01T12:19:42+00:00\",\"breadcrumb\":{\"@id\":\"https:\\\/\\\/pmza.sk\\\/?p=985#breadcrumb\"},\"inLanguage\":\"sk-SK\",\"potentialAction\":[{\"@type\":\"ReadAction\",\"target\":[\"https:\\\/\\\/pmza.sk\\\/?p=985\"]}]},{\"@type\":\"ImageObject\",\"inLanguage\":\"sk-SK\",\"@id\":\"https:\\\/\\\/pmza.sk\\\/?p=985#primaryimage\",\"url\":\"http:\\\/\\\/pmza.sk.sk\\\/wp-content\\\/uploads\\\/2010\\\/07\\\/nocna-prehliadka-2009-300x225.jpg\",\"contentUrl\":\"http:\\\/\\\/pmza.sk.sk\\\/wp-content\\\/uploads\\\/2010\\\/07\\\/nocna-prehliadka-2009-300x225.jpg\"},{\"@type\":\"BreadcrumbList\",\"@id\":\"https:\\\/\\\/pmza.sk\\\/?p=985#breadcrumb\",\"itemListElement\":[{\"@type\":\"ListItem\",\"position\":1,\"name\":\"Domovsk\u00e1 str\u00e1nka\",\"item\":\"https:\\\/\\\/pmza.sk\\\/\"},{\"@type\":\"ListItem\",\"position\":2,\"name\":\"Duchovia, elfovia a stre\u010dniansky des s novou pr\u00edchu\u0165ou\"}]},{\"@type\":\"WebSite\",\"@id\":\"https:\\\/\\\/pmza.sk\\\/#website\",\"url\":\"https:\\\/\\\/pmza.sk\\\/\",\"name\":\"Pova\u017esk\u00e9 m\u00fazeum\",\"description\":\"Pova\u017esk\u00e9 m\u00fazeum v \u017diline je region\u00e1lne m\u00fazeum so s\u00eddlom v Budat\u00edne. Jeho expoz\u00edcie s\u00fa zameran\u00e9 na dejiny slovensk\u00e9ho umenia, kult\u00fary a dopravy.\",\"publisher\":{\"@id\":\"https:\\\/\\\/pmza.sk\\\/#organization\"},\"potentialAction\":[{\"@type\":\"SearchAction\",\"target\":{\"@type\":\"EntryPoint\",\"urlTemplate\":\"https:\\\/\\\/pmza.sk\\\/?s={search_term_string}\"},\"query-input\":{\"@type\":\"PropertyValueSpecification\",\"valueRequired\":true,\"valueName\":\"search_term_string\"}}],\"inLanguage\":\"sk-SK\"},{\"@type\":\"Organization\",\"@id\":\"https:\\\/\\\/pmza.sk\\\/#organization\",\"name\":\"Pova\u017esk\u00e9 m\u00fazeum\",\"url\":\"https:\\\/\\\/pmza.sk\\\/\",\"logo\":{\"@type\":\"ImageObject\",\"inLanguage\":\"sk-SK\",\"@id\":\"https:\\\/\\\/pmza.sk\\\/#\\\/schema\\\/logo\\\/image\\\/\",\"url\":\"https:\\\/\\\/pmza.sk\\\/wp-content\\\/uploads\\\/2022\\\/01\\\/logo_PM_horizontal.jpg\",\"contentUrl\":\"https:\\\/\\\/pmza.sk\\\/wp-content\\\/uploads\\\/2022\\\/01\\\/logo_PM_horizontal.jpg\",\"width\":231,\"height\":142,\"caption\":\"Pova\u017esk\u00e9 m\u00fazeum\"},\"image\":{\"@id\":\"https:\\\/\\\/pmza.sk\\\/#\\\/schema\\\/logo\\\/image\\\/\"},\"sameAs\":[\"https:\\\/\\\/www.facebook.com\\\/povazskemuzeum\",\"https:\\\/\\\/www.instagram.com\\\/povazskemuzeum\\\/\"]},{\"@type\":\"Person\",\"@id\":\"https:\\\/\\\/pmza.sk\\\/#\\\/schema\\\/person\\\/595e6a2ce731ea94dcd5d7f50a41ae33\",\"name\":\"Pova\u017esk\u00e9 m\u00fazeum\",\"image\":{\"@type\":\"ImageObject\",\"inLanguage\":\"sk-SK\",\"@id\":\"https:\\\/\\\/secure.gravatar.com\\\/avatar\\\/2bb7f1561282132fb5826dfeccc66c7996d11ee392ac6aaf7ced8a1c2027fbb2?s=96&d=mm&r=g\",\"url\":\"https:\\\/\\\/secure.gravatar.com\\\/avatar\\\/2bb7f1561282132fb5826dfeccc66c7996d11ee392ac6aaf7ced8a1c2027fbb2?s=96&d=mm&r=g\",\"contentUrl\":\"https:\\\/\\\/secure.gravatar.com\\\/avatar\\\/2bb7f1561282132fb5826dfeccc66c7996d11ee392ac6aaf7ced8a1c2027fbb2?s=96&d=mm&r=g\",\"caption\":\"Pova\u017esk\u00e9 m\u00fazeum\"}}]}<\/script>\n<!-- \/ Yoast SEO plugin. -->","yoast_head_json":{"title":"Duchovia, elfovia a stre\u010dniansky des s novou pr\u00edchu\u0165ou - Pova\u017esk\u00e9 m\u00fazeum","robots":{"index":"index","follow":"follow","max-snippet":"max-snippet:-1","max-image-preview":"max-image-preview:large","max-video-preview":"max-video-preview:-1"},"canonical":"https:\/\/pmza.sk\/?p=985","og_locale":"sk_SK","og_type":"article","og_title":"Duchovia, elfovia a stre\u010dniansky des s novou pr\u00edchu\u0165ou - Pova\u017esk\u00e9 m\u00fazeum","og_description":"Prv\u00fa tohoro\u010dn\u00fa pr\u00e1zdninov\u00fa noc na hrade Stre\u010dno bud\u00fa vystihova\u0165 pr\u00edvlastky e\u0161te stra\u0161idelnej\u0161ia, tajomnej\u0161ia a\u00a0riskantnej\u0161ia. V piatok 9. j\u00fala 2010 Pova\u017esk\u00e9 m\u00fazeum v\u00a0\u017diline pripravilo no\u010dn\u00fa prehliadku\u00a0 okorenen\u00fa nielen stredovek\u00fdmi stra\u0161idlami, ale najm\u00e4 bytos\u0165ami zosob\u0148uj\u00facimi niektor\u00e9 zo siedmich hlavn\u00fdch hriechov pr\u00edzna\u010dn\u00fdch\u00a0 pre \u010dloveka.","og_url":"https:\/\/pmza.sk\/?p=985","og_site_name":"Pova\u017esk\u00e9 m\u00fazeum","article_publisher":"https:\/\/www.facebook.com\/povazskemuzeum","article_published_time":"2010-07-01T12:19:42+00:00","og_image":[{"url":"https:\/\/pmza.sk.sk\/wp-content\/uploads\/2010\/07\/nocna-prehliadka-2009-300x225.jpg","type":"","width":"","height":""}],"author":"Pova\u017esk\u00e9 m\u00fazeum","twitter_card":"summary_large_image","twitter_misc":{"Autor":"Pova\u017esk\u00e9 m\u00fazeum","Predpokladan\u00fd \u010das \u010d\u00edtania":"2 min\u00faty"},"schema":{"@context":"https:\/\/schema.org","@graph":[{"@type":"Article","@id":"https:\/\/pmza.sk\/?p=985#article","isPartOf":{"@id":"https:\/\/pmza.sk\/?p=985"},"author":{"name":"Pova\u017esk\u00e9 m\u00fazeum","@id":"https:\/\/pmza.sk\/#\/schema\/person\/595e6a2ce731ea94dcd5d7f50a41ae33"},"headline":"Duchovia, elfovia a stre\u010dniansky des s novou pr\u00edchu\u0165ou","datePublished":"2010-07-01T12:19:42+00:00","mainEntityOfPage":{"@id":"https:\/\/pmza.sk\/?p=985"},"wordCount":358,"publisher":{"@id":"https:\/\/pmza.sk\/#organization"},"image":{"@id":"https:\/\/pmza.sk\/?p=985#primaryimage"},"thumbnailUrl":"https:\/\/pmza.sk.sk\/wp-content\/uploads\/2010\/07\/nocna-prehliadka-2009-300x225.jpg","articleSection":["Arch\u00edv 2010"],"inLanguage":"sk-SK"},{"@type":"WebPage","@id":"https:\/\/pmza.sk\/?p=985","url":"https:\/\/pmza.sk\/?p=985","name":"Duchovia, elfovia a stre\u010dniansky des s novou pr\u00edchu\u0165ou - Pova\u017esk\u00e9 m\u00fazeum","isPartOf":{"@id":"https:\/\/pmza.sk\/#website"},"primaryImageOfPage":{"@id":"https:\/\/pmza.sk\/?p=985#primaryimage"},"image":{"@id":"https:\/\/pmza.sk\/?p=985#primaryimage"},"thumbnailUrl":"https:\/\/pmza.sk.sk\/wp-content\/uploads\/2010\/07\/nocna-prehliadka-2009-300x225.jpg","datePublished":"2010-07-01T12:19:42+00:00","breadcrumb":{"@id":"https:\/\/pmza.sk\/?p=985#breadcrumb"},"inLanguage":"sk-SK","potentialAction":[{"@type":"ReadAction","target":["https:\/\/pmza.sk\/?p=985"]}]},{"@type":"ImageObject","inLanguage":"sk-SK","@id":"https:\/\/pmza.sk\/?p=985#primaryimage","url":"https:\/\/pmza.sk.sk\/wp-content\/uploads\/2010\/07\/nocna-prehliadka-2009-300x225.jpg","contentUrl":"https:\/\/pmza.sk.sk\/wp-content\/uploads\/2010\/07\/nocna-prehliadka-2009-300x225.jpg"},{"@type":"BreadcrumbList","@id":"https:\/\/pmza.sk\/?p=985#breadcrumb","itemListElement":[{"@type":"ListItem","position":1,"name":"Domovsk\u00e1 str\u00e1nka","item":"https:\/\/pmza.sk\/"},{"@type":"ListItem","position":2,"name":"Duchovia, elfovia a stre\u010dniansky des s novou pr\u00edchu\u0165ou"}]},{"@type":"WebSite","@id":"https:\/\/pmza.sk\/#website","url":"https:\/\/pmza.sk\/","name":"Pova\u017esk\u00e9 m\u00fazeum","description":"Pova\u017esk\u00e9 m\u00fazeum v \u017diline je region\u00e1lne m\u00fazeum so s\u00eddlom v Budat\u00edne. Jeho expoz\u00edcie s\u00fa zameran\u00e9 na dejiny slovensk\u00e9ho umenia, kult\u00fary a dopravy.","publisher":{"@id":"https:\/\/pmza.sk\/#organization"},"potentialAction":[{"@type":"SearchAction","target":{"@type":"EntryPoint","urlTemplate":"https:\/\/pmza.sk\/?s={search_term_string}"},"query-input":{"@type":"PropertyValueSpecification","valueRequired":true,"valueName":"search_term_string"}}],"inLanguage":"sk-SK"},{"@type":"Organization","@id":"https:\/\/pmza.sk\/#organization","name":"Pova\u017esk\u00e9 m\u00fazeum","url":"https:\/\/pmza.sk\/","logo":{"@type":"ImageObject","inLanguage":"sk-SK","@id":"https:\/\/pmza.sk\/#\/schema\/logo\/image\/","url":"https:\/\/pmza.sk\/wp-content\/uploads\/2022\/01\/logo_PM_horizontal.jpg","contentUrl":"https:\/\/pmza.sk\/wp-content\/uploads\/2022\/01\/logo_PM_horizontal.jpg","width":231,"height":142,"caption":"Pova\u017esk\u00e9 m\u00fazeum"},"image":{"@id":"https:\/\/pmza.sk\/#\/schema\/logo\/image\/"},"sameAs":["https:\/\/www.facebook.com\/povazskemuzeum","https:\/\/www.instagram.com\/povazskemuzeum\/"]},{"@type":"Person","@id":"https:\/\/pmza.sk\/#\/schema\/person\/595e6a2ce731ea94dcd5d7f50a41ae33","name":"Pova\u017esk\u00e9 m\u00fazeum","image":{"@type":"ImageObject","inLanguage":"sk-SK","@id":"https:\/\/secure.gravatar.com\/avatar\/2bb7f1561282132fb5826dfeccc66c7996d11ee392ac6aaf7ced8a1c2027fbb2?s=96&d=mm&r=g","url":"https:\/\/secure.gravatar.com\/avatar\/2bb7f1561282132fb5826dfeccc66c7996d11ee392ac6aaf7ced8a1c2027fbb2?s=96&d=mm&r=g","contentUrl":"https:\/\/secure.gravatar.com\/avatar\/2bb7f1561282132fb5826dfeccc66c7996d11ee392ac6aaf7ced8a1c2027fbb2?s=96&d=mm&r=g","caption":"Pova\u017esk\u00e9 m\u00fazeum"}}]}},"_links":{"self":[{"href":"https:\/\/pmza.sk\/index.php?rest_route=\/wp\/v2\/posts\/985","targetHints":{"allow":["GET"]}}],"collection":[{"href":"https:\/\/pmza.sk\/index.php?rest_route=\/wp\/v2\/posts"}],"about":[{"href":"https:\/\/pmza.sk\/index.php?rest_route=\/wp\/v2\/types\/post"}],"author":[{"embeddable":true,"href":"https:\/\/pmza.sk\/index.php?rest_route=\/wp\/v2\/users\/2"}],"replies":[{"embeddable":true,"href":"https:\/\/pmza.sk\/index.php?rest_route=%2Fwp%2Fv2%2Fcomments&post=985"}],"version-history":[{"count":0,"href":"https:\/\/pmza.sk\/index.php?rest_route=\/wp\/v2\/posts\/985\/revisions"}],"wp:attachment":[{"href":"https:\/\/pmza.sk\/index.php?rest_route=%2Fwp%2Fv2%2Fmedia&parent=985"}],"wp:term":[{"taxonomy":"category","embeddable":true,"href":"https:\/\/pmza.sk\/index.php?rest_route=%2Fwp%2Fv2%2Fcategories&post=985"},{"taxonomy":"post_tag","embeddable":true,"href":"https:\/\/pmza.sk\/index.php?rest_route=%2Fwp%2Fv2%2Ftags&post=985"}],"curies":[{"name":"wp","href":"https:\/\/api.w.org\/{rel}","templated":true}]}}