{"id":9985,"date":"2014-06-02T09:11:45","date_gmt":"2014-06-02T07:11:45","guid":{"rendered":"https:\/\/pmza.sk.sk\/?p=9985"},"modified":"2014-06-02T09:11:45","modified_gmt":"2014-06-02T07:11:45","slug":"skuska","status":"publish","type":"post","link":"https:\/\/pmza.sk\/?p=9985","title":{"rendered":"Hrad Stre\u010dno bude hosti\u0165 mlad\u00fdch umelcov z cel\u00e9ho Slovenska"},"content":{"rendered":"<p><a href=\"https:\/\/pmza.sk\/wp-content\/uploads\/2014\/06\/Konzerva-Fest-2014-scaled-1.jpg\"><img fetchpriority=\"high\" decoding=\"async\" class=\"alignleft size-full wp-image-9990\" alt=\"Konzerva Fest 2014_2\" src=\"https:\/\/pmza.sk\/wp-content\/uploads\/2014\/06\/Konzerva-Fest-2014_2.jpg\" width=\"200\" height=\"283\" srcset=\"https:\/\/pmza.sk\/wp-content\/uploads\/2014\/06\/Konzerva-Fest-2014_2.jpg 317w, https:\/\/pmza.sk\/wp-content\/uploads\/2014\/06\/Konzerva-Fest-2014_2-255x360.jpg 255w\" sizes=\"(max-width: 200px) 100vw, 200px\" \/><\/a>V\u00a0d\u0148och 6.-8. j\u00fana 2014 sa otvoria br\u00e1ny hradu Stre\u010dno a\u00a0podhradia-Paseky pre v\u0161etky umeleck\u00e9 du\u0161e. N\u00e1dejn\u00ed herci, \u0161tudenti stredn\u00fdch umeleck\u00fdch \u0161k\u00f4l daj\u00fa bodku za svoj\u00edm \u0161t\u00fadiom origin\u00e1lnym sp\u00f4sobom. Organiz\u00e1tori trojd\u0148ov\u00e9ho podujatia KonzervaFest, \u017dilinsk\u00fd samospr\u00e1vny kraj a S\u00fakromn\u00e1 spojen\u00e1 \u0161kola Martin s\u00a0organiza\u010dnou zlo\u017ekou S\u00fakromn\u00e9 hudobn\u00e9 a\u00a0dramatick\u00e9 konzervat\u00f3rium, pripravili pre absolventov bohat\u00fd program. Jeho s\u00fa\u010das\u0165ou s\u00fa workshopy divadelnej kritiky, autorsk\u00e9ho p\u00edsania, b\u00e1bkovej tvorby, fyzick\u00e9ho a\u00a0pohybov\u00e9ho divadla a\u00a0filmu. V\u00a0z\u00e1vere ka\u017ed\u00e9ho d\u0148a sa \u0161tudenti predved\u00fa s\u00a0konzervatoristick\u00fdmi predstaveniami v\u00a0Kult\u00farnom dome v\u00a0obci Stre\u010dno. Hlavn\u00e1 pozornos\u0165 sprievodn\u00fdch aktiv\u00edt bude zameran\u00e1 na umeleck\u00fa prezent\u00e1ciu hradu Stre\u010dno. V\u00a0ak\u00fdch in\u00fdch priestoroch by sa festival mal kona\u0165, ak nie priamo na mieste spojenom s historickou atmosf\u00e9rou zanech\u00e1vaj\u00facou nezamenite\u013en\u00fd dojem? <!--more-->Priamo v\u00a0priestoroch hradu, ktor\u00fd bol kedysi najbezpe\u010dnej\u0161ou pevnos\u0165ou Horn\u00e9ho Pova\u017eia a\u00a0dodnes pretrv\u00e1va ako jedna z\u00a0najv\u00fdraznej\u0161\u00edch domin\u00e1nt regi\u00f3nu, bud\u00fa m\u00f4c\u0165 \u0161tudenti rozv\u00edja\u0165 svoje umeleck\u00e9 zru\u010dnosti za asistencie uzn\u00e1van\u00fdch odborn\u00edkov. Samotn\u00e9 predstavenia s\u00fa pr\u00edstupn\u00e9 aj verejnosti. V d\u0148och 6. a\u00a07. j\u00fana s\u00fa napl\u00e1novan\u00e9 so za\u010diatkom o\u00a018.tej hodine. Samotn\u00fd festival ukon\u010d\u00ed v\u00a0nede\u013eu predstavenie o\u00a013.tej hodine v\u00a0priestoroch Kult\u00farneho domu v\u00a0obci Stre\u010dno.<\/p>\n<p>Z\u00e1\u0161titu nad festivalom prebral Juraj Blan\u00e1r, predseda \u017dilinsk\u00e9ho samospr\u00e1vneho kraja.<i> ,,Te\u0161\u00edm sa, \u017ee sa n\u00e1m spolo\u010dn\u00fdmi silami podarilo dotiahnu\u0165 prvotn\u00fa my\u0161lienku a\u017e do konca a\u00a0pripravi\u0165 festival, ktor\u00fd d\u00e1va priestor mlad\u00fdm \u0161tudentom pre konfront\u00e1ciu a sebazdokona\u013eovanie. Chcem popria\u0165 v\u0161etk\u00fdm \u00fa\u010dastn\u00edkom, aby vyu\u017eili tento priestor naozaj naplno a z\u00edskali mno\u017estvo cenn\u00fdch sk\u00fasenost\u00ed,\u201c <\/i>dodal \u017eilinsk\u00fd \u017eupan.<i> <\/i>Pod\u013ea inform\u00e1ci\u00ed pedag\u00f3ga SS\u0160 v\u00a0Martine a\u00a0riadite\u013ea Divadla na hojda\u010dke a\u00a0autora hlavnej my\u0161lienky festivalu, Michala Leg\u00ed\u0148a, sa do worshopov a\u00a0divadeln\u00fdch predstaven\u00ed zapoja konzervatoristi z Nitry, Bratislavy, Pre\u0161ova, Topo\u013e\u010dian a\u00a0Martina. <i>\u201ePodujatie tohto typu na Slovensku absentuje. Ka\u017ed\u00fd rok vy\u0161tuduje stredn\u00e9 umeleck\u00e9 \u0161koly mno\u017estvo \u017eiakov. Toto je v\u0161ak prv\u00fdkr\u00e1t, \u010do \u0161tudenti m\u00f4\u017eu konfrontova\u0165 svoju tvorbu a\u00a0aktivity s absolventmi z\u00a0cel\u00e9ho Slovenska.\u00a0 Som presved\u010den\u00fd, \u017ee sa do bud\u00faceho ro\u010dn\u00edka zapoja aj ostatn\u00e9 konzervat\u00f3ri\u00e1 zameran\u00e9 na dramatick\u00e9 umenie. Ide predsa o\u00a0\u0161pecifick\u00fd druh podpory, ktor\u00e9ho v\u00fdsledkom m\u00e1 by\u0165 osobn\u00fd, ale i\u00a0profesion\u00e1lny pr\u00ednos\u201c, <\/i>doplnil Leg\u00ed\u0148.<\/p>\n<p><i>\u00a0<\/i>KonzervaFest podporili: Turiec online, Regionportal, TV Fenix \u017dilinsk\u00e1 telev\u00edzia.<\/p>\n<p>ZDROJ: \u017dSK<\/p>\n","protected":false},"excerpt":{"rendered":"<p>V\u00a0d\u0148och 6.-8. j\u00fana 2014 sa otvoria br\u00e1ny hradu Stre\u010dno a\u00a0podhradia-Paseky pre v\u0161etky umeleck\u00e9 du\u0161e. N\u00e1dejn\u00ed herci, \u0161tudenti stredn\u00fdch umeleck\u00fdch \u0161k\u00f4l daj\u00fa bodku za svoj\u00edm \u0161t\u00fadiom origin\u00e1lnym sp\u00f4sobom. Organiz\u00e1tori trojd\u0148ov\u00e9ho podujatia KonzervaFest, \u017dilinsk\u00fd samospr\u00e1vny kraj a S\u00fakromn\u00e1 spojen\u00e1 \u0161kola Martin s\u00a0organiza\u010dnou zlo\u017ekou S\u00fakromn\u00e9 hudobn\u00e9 a\u00a0dramatick\u00e9 konzervat\u00f3rium, pripravili pre absolventov bohat\u00fd program. Jeho s\u00fa\u010das\u0165ou s\u00fa workshopy divadelnej [&hellip;]<\/p>\n","protected":false},"author":2,"featured_media":0,"comment_status":"closed","ping_status":"closed","sticky":false,"template":"","format":"standard","meta":{"site-sidebar-layout":"default","site-content-layout":"","ast-site-content-layout":"","site-content-style":"default","site-sidebar-style":"default","ast-global-header-display":"","ast-banner-title-visibility":"","ast-main-header-display":"","ast-hfb-above-header-display":"","ast-hfb-below-header-display":"","ast-hfb-mobile-header-display":"","site-post-title":"","ast-breadcrumbs-content":"","ast-featured-img":"","footer-sml-layout":"","theme-transparent-header-meta":"","adv-header-id-meta":"","stick-header-meta":"","header-above-stick-meta":"","header-main-stick-meta":"","header-below-stick-meta":"","astra-migrate-meta-layouts":"default","ast-page-background-enabled":"default","ast-page-background-meta":{"desktop":{"background-color":"var(--ast-global-color-4)","background-image":"","background-repeat":"repeat","background-position":"center center","background-size":"auto","background-attachment":"scroll","background-type":"","background-media":"","overlay-type":"","overlay-color":"","overlay-opacity":"","overlay-gradient":""},"tablet":{"background-color":"","background-image":"","background-repeat":"repeat","background-position":"center center","background-size":"auto","background-attachment":"scroll","background-type":"","background-media":"","overlay-type":"","overlay-color":"","overlay-opacity":"","overlay-gradient":""},"mobile":{"background-color":"","background-image":"","background-repeat":"repeat","background-position":"center center","background-size":"auto","background-attachment":"scroll","background-type":"","background-media":"","overlay-type":"","overlay-color":"","overlay-opacity":"","overlay-gradient":""}},"ast-content-background-meta":{"desktop":{"background-color":"var(--ast-global-color-5)","background-image":"","background-repeat":"repeat","background-position":"center center","background-size":"auto","background-attachment":"scroll","background-type":"","background-media":"","overlay-type":"","overlay-color":"","overlay-opacity":"","overlay-gradient":""},"tablet":{"background-color":"var(--ast-global-color-5)","background-image":"","background-repeat":"repeat","background-position":"center center","background-size":"auto","background-attachment":"scroll","background-type":"","background-media":"","overlay-type":"","overlay-color":"","overlay-opacity":"","overlay-gradient":""},"mobile":{"background-color":"var(--ast-global-color-5)","background-image":"","background-repeat":"repeat","background-position":"center center","background-size":"auto","background-attachment":"scroll","background-type":"","background-media":"","overlay-type":"","overlay-color":"","overlay-opacity":"","overlay-gradient":""}},"footnotes":""},"categories":[36],"tags":[],"class_list":["post-9985","post","type-post","status-publish","format-standard","hentry","category-archiv-2014"],"yoast_head":"<!-- This site is optimized with the Yoast SEO plugin v27.4 - https:\/\/yoast.com\/product\/yoast-seo-wordpress\/ -->\n<title>Hrad Stre\u010dno bude hosti\u0165 mlad\u00fdch umelcov z cel\u00e9ho Slovenska - Pova\u017esk\u00e9 m\u00fazeum<\/title>\n<meta name=\"robots\" content=\"index, follow, max-snippet:-1, max-image-preview:large, max-video-preview:-1\" \/>\n<link rel=\"canonical\" href=\"https:\/\/pmza.sk\/?p=9985\" \/>\n<meta property=\"og:locale\" content=\"sk_SK\" \/>\n<meta property=\"og:type\" content=\"article\" \/>\n<meta property=\"og:title\" content=\"Hrad Stre\u010dno bude hosti\u0165 mlad\u00fdch umelcov z cel\u00e9ho Slovenska - Pova\u017esk\u00e9 m\u00fazeum\" \/>\n<meta property=\"og:description\" content=\"V\u00a0d\u0148och 6.-8. j\u00fana 2014 sa otvoria br\u00e1ny hradu Stre\u010dno a\u00a0podhradia-Paseky pre v\u0161etky umeleck\u00e9 du\u0161e. N\u00e1dejn\u00ed herci, \u0161tudenti stredn\u00fdch umeleck\u00fdch \u0161k\u00f4l daj\u00fa bodku za svoj\u00edm \u0161t\u00fadiom origin\u00e1lnym sp\u00f4sobom. Organiz\u00e1tori trojd\u0148ov\u00e9ho podujatia KonzervaFest, \u017dilinsk\u00fd samospr\u00e1vny kraj a S\u00fakromn\u00e1 spojen\u00e1 \u0161kola Martin s\u00a0organiza\u010dnou zlo\u017ekou S\u00fakromn\u00e9 hudobn\u00e9 a\u00a0dramatick\u00e9 konzervat\u00f3rium, pripravili pre absolventov bohat\u00fd program. Jeho s\u00fa\u010das\u0165ou s\u00fa workshopy divadelnej [&hellip;]\" \/>\n<meta property=\"og:url\" content=\"https:\/\/pmza.sk\/?p=9985\" \/>\n<meta property=\"og:site_name\" content=\"Pova\u017esk\u00e9 m\u00fazeum\" \/>\n<meta property=\"article:publisher\" content=\"https:\/\/www.facebook.com\/povazskemuzeum\" \/>\n<meta property=\"article:published_time\" content=\"2014-06-02T07:11:45+00:00\" \/>\n<meta property=\"og:image\" content=\"https:\/\/pmza.sk\/wp-content\/uploads\/2014\/06\/Konzerva-Fest-2014_2.jpg\" \/>\n<meta name=\"author\" content=\"Pova\u017esk\u00e9 m\u00fazeum\" \/>\n<meta name=\"twitter:card\" content=\"summary_large_image\" \/>\n<meta name=\"twitter:label1\" content=\"Autor\" \/>\n\t<meta name=\"twitter:data1\" content=\"Pova\u017esk\u00e9 m\u00fazeum\" \/>\n\t<meta name=\"twitter:label2\" content=\"Predpokladan\u00fd \u010das \u010d\u00edtania\" \/>\n\t<meta name=\"twitter:data2\" content=\"2 min\u00faty\" \/>\n<script type=\"application\/ld+json\" class=\"yoast-schema-graph\">{\"@context\":\"https:\\\/\\\/schema.org\",\"@graph\":[{\"@type\":\"Article\",\"@id\":\"https:\\\/\\\/pmza.sk\\\/?p=9985#article\",\"isPartOf\":{\"@id\":\"https:\\\/\\\/pmza.sk\\\/?p=9985\"},\"author\":{\"name\":\"Pova\u017esk\u00e9 m\u00fazeum\",\"@id\":\"https:\\\/\\\/pmza.sk\\\/#\\\/schema\\\/person\\\/595e6a2ce731ea94dcd5d7f50a41ae33\"},\"headline\":\"Hrad Stre\u010dno bude hosti\u0165 mlad\u00fdch umelcov z cel\u00e9ho Slovenska\",\"datePublished\":\"2014-06-02T07:11:45+00:00\",\"mainEntityOfPage\":{\"@id\":\"https:\\\/\\\/pmza.sk\\\/?p=9985\"},\"wordCount\":474,\"publisher\":{\"@id\":\"https:\\\/\\\/pmza.sk\\\/#organization\"},\"image\":{\"@id\":\"https:\\\/\\\/pmza.sk\\\/?p=9985#primaryimage\"},\"thumbnailUrl\":\"http:\\\/\\\/pmza.sk\\\/wp-content\\\/uploads\\\/2014\\\/06\\\/Konzerva-Fest-2014_2.jpg\",\"articleSection\":[\"Arch\u00edv 2014\"],\"inLanguage\":\"sk-SK\"},{\"@type\":\"WebPage\",\"@id\":\"https:\\\/\\\/pmza.sk\\\/?p=9985\",\"url\":\"https:\\\/\\\/pmza.sk\\\/?p=9985\",\"name\":\"Hrad Stre\u010dno bude hosti\u0165 mlad\u00fdch umelcov z cel\u00e9ho Slovenska - Pova\u017esk\u00e9 m\u00fazeum\",\"isPartOf\":{\"@id\":\"https:\\\/\\\/pmza.sk\\\/#website\"},\"primaryImageOfPage\":{\"@id\":\"https:\\\/\\\/pmza.sk\\\/?p=9985#primaryimage\"},\"image\":{\"@id\":\"https:\\\/\\\/pmza.sk\\\/?p=9985#primaryimage\"},\"thumbnailUrl\":\"http:\\\/\\\/pmza.sk\\\/wp-content\\\/uploads\\\/2014\\\/06\\\/Konzerva-Fest-2014_2.jpg\",\"datePublished\":\"2014-06-02T07:11:45+00:00\",\"breadcrumb\":{\"@id\":\"https:\\\/\\\/pmza.sk\\\/?p=9985#breadcrumb\"},\"inLanguage\":\"sk-SK\",\"potentialAction\":[{\"@type\":\"ReadAction\",\"target\":[\"https:\\\/\\\/pmza.sk\\\/?p=9985\"]}]},{\"@type\":\"ImageObject\",\"inLanguage\":\"sk-SK\",\"@id\":\"https:\\\/\\\/pmza.sk\\\/?p=9985#primaryimage\",\"url\":\"https:\\\/\\\/pmza.sk\\\/wp-content\\\/uploads\\\/2014\\\/06\\\/Konzerva-Fest-2014_2.jpg\",\"contentUrl\":\"https:\\\/\\\/pmza.sk\\\/wp-content\\\/uploads\\\/2014\\\/06\\\/Konzerva-Fest-2014_2.jpg\",\"width\":317,\"height\":448},{\"@type\":\"BreadcrumbList\",\"@id\":\"https:\\\/\\\/pmza.sk\\\/?p=9985#breadcrumb\",\"itemListElement\":[{\"@type\":\"ListItem\",\"position\":1,\"name\":\"Domovsk\u00e1 str\u00e1nka\",\"item\":\"https:\\\/\\\/pmza.sk\\\/\"},{\"@type\":\"ListItem\",\"position\":2,\"name\":\"Hrad Stre\u010dno bude hosti\u0165 mlad\u00fdch umelcov z cel\u00e9ho Slovenska\"}]},{\"@type\":\"WebSite\",\"@id\":\"https:\\\/\\\/pmza.sk\\\/#website\",\"url\":\"https:\\\/\\\/pmza.sk\\\/\",\"name\":\"Pova\u017esk\u00e9 m\u00fazeum\",\"description\":\"Pova\u017esk\u00e9 m\u00fazeum v \u017diline je region\u00e1lne m\u00fazeum so s\u00eddlom v Budat\u00edne. Jeho expoz\u00edcie s\u00fa zameran\u00e9 na dejiny slovensk\u00e9ho umenia, kult\u00fary a dopravy.\",\"publisher\":{\"@id\":\"https:\\\/\\\/pmza.sk\\\/#organization\"},\"potentialAction\":[{\"@type\":\"SearchAction\",\"target\":{\"@type\":\"EntryPoint\",\"urlTemplate\":\"https:\\\/\\\/pmza.sk\\\/?s={search_term_string}\"},\"query-input\":{\"@type\":\"PropertyValueSpecification\",\"valueRequired\":true,\"valueName\":\"search_term_string\"}}],\"inLanguage\":\"sk-SK\"},{\"@type\":\"Organization\",\"@id\":\"https:\\\/\\\/pmza.sk\\\/#organization\",\"name\":\"Pova\u017esk\u00e9 m\u00fazeum\",\"url\":\"https:\\\/\\\/pmza.sk\\\/\",\"logo\":{\"@type\":\"ImageObject\",\"inLanguage\":\"sk-SK\",\"@id\":\"https:\\\/\\\/pmza.sk\\\/#\\\/schema\\\/logo\\\/image\\\/\",\"url\":\"https:\\\/\\\/pmza.sk\\\/wp-content\\\/uploads\\\/2022\\\/01\\\/logo_PM_horizontal.jpg\",\"contentUrl\":\"https:\\\/\\\/pmza.sk\\\/wp-content\\\/uploads\\\/2022\\\/01\\\/logo_PM_horizontal.jpg\",\"width\":231,\"height\":142,\"caption\":\"Pova\u017esk\u00e9 m\u00fazeum\"},\"image\":{\"@id\":\"https:\\\/\\\/pmza.sk\\\/#\\\/schema\\\/logo\\\/image\\\/\"},\"sameAs\":[\"https:\\\/\\\/www.facebook.com\\\/povazskemuzeum\",\"https:\\\/\\\/www.instagram.com\\\/povazskemuzeum\\\/\"]},{\"@type\":\"Person\",\"@id\":\"https:\\\/\\\/pmza.sk\\\/#\\\/schema\\\/person\\\/595e6a2ce731ea94dcd5d7f50a41ae33\",\"name\":\"Pova\u017esk\u00e9 m\u00fazeum\",\"image\":{\"@type\":\"ImageObject\",\"inLanguage\":\"sk-SK\",\"@id\":\"https:\\\/\\\/secure.gravatar.com\\\/avatar\\\/2bb7f1561282132fb5826dfeccc66c7996d11ee392ac6aaf7ced8a1c2027fbb2?s=96&d=mm&r=g\",\"url\":\"https:\\\/\\\/secure.gravatar.com\\\/avatar\\\/2bb7f1561282132fb5826dfeccc66c7996d11ee392ac6aaf7ced8a1c2027fbb2?s=96&d=mm&r=g\",\"contentUrl\":\"https:\\\/\\\/secure.gravatar.com\\\/avatar\\\/2bb7f1561282132fb5826dfeccc66c7996d11ee392ac6aaf7ced8a1c2027fbb2?s=96&d=mm&r=g\",\"caption\":\"Pova\u017esk\u00e9 m\u00fazeum\"}}]}<\/script>\n<!-- \/ Yoast SEO plugin. -->","yoast_head_json":{"title":"Hrad Stre\u010dno bude hosti\u0165 mlad\u00fdch umelcov z cel\u00e9ho Slovenska - Pova\u017esk\u00e9 m\u00fazeum","robots":{"index":"index","follow":"follow","max-snippet":"max-snippet:-1","max-image-preview":"max-image-preview:large","max-video-preview":"max-video-preview:-1"},"canonical":"https:\/\/pmza.sk\/?p=9985","og_locale":"sk_SK","og_type":"article","og_title":"Hrad Stre\u010dno bude hosti\u0165 mlad\u00fdch umelcov z cel\u00e9ho Slovenska - Pova\u017esk\u00e9 m\u00fazeum","og_description":"V\u00a0d\u0148och 6.-8. j\u00fana 2014 sa otvoria br\u00e1ny hradu Stre\u010dno a\u00a0podhradia-Paseky pre v\u0161etky umeleck\u00e9 du\u0161e. N\u00e1dejn\u00ed herci, \u0161tudenti stredn\u00fdch umeleck\u00fdch \u0161k\u00f4l daj\u00fa bodku za svoj\u00edm \u0161t\u00fadiom origin\u00e1lnym sp\u00f4sobom. Organiz\u00e1tori trojd\u0148ov\u00e9ho podujatia KonzervaFest, \u017dilinsk\u00fd samospr\u00e1vny kraj a S\u00fakromn\u00e1 spojen\u00e1 \u0161kola Martin s\u00a0organiza\u010dnou zlo\u017ekou S\u00fakromn\u00e9 hudobn\u00e9 a\u00a0dramatick\u00e9 konzervat\u00f3rium, pripravili pre absolventov bohat\u00fd program. Jeho s\u00fa\u010das\u0165ou s\u00fa workshopy divadelnej [&hellip;]","og_url":"https:\/\/pmza.sk\/?p=9985","og_site_name":"Pova\u017esk\u00e9 m\u00fazeum","article_publisher":"https:\/\/www.facebook.com\/povazskemuzeum","article_published_time":"2014-06-02T07:11:45+00:00","og_image":[{"url":"https:\/\/pmza.sk\/wp-content\/uploads\/2014\/06\/Konzerva-Fest-2014_2.jpg","type":"","width":"","height":""}],"author":"Pova\u017esk\u00e9 m\u00fazeum","twitter_card":"summary_large_image","twitter_misc":{"Autor":"Pova\u017esk\u00e9 m\u00fazeum","Predpokladan\u00fd \u010das \u010d\u00edtania":"2 min\u00faty"},"schema":{"@context":"https:\/\/schema.org","@graph":[{"@type":"Article","@id":"https:\/\/pmza.sk\/?p=9985#article","isPartOf":{"@id":"https:\/\/pmza.sk\/?p=9985"},"author":{"name":"Pova\u017esk\u00e9 m\u00fazeum","@id":"https:\/\/pmza.sk\/#\/schema\/person\/595e6a2ce731ea94dcd5d7f50a41ae33"},"headline":"Hrad Stre\u010dno bude hosti\u0165 mlad\u00fdch umelcov z cel\u00e9ho Slovenska","datePublished":"2014-06-02T07:11:45+00:00","mainEntityOfPage":{"@id":"https:\/\/pmza.sk\/?p=9985"},"wordCount":474,"publisher":{"@id":"https:\/\/pmza.sk\/#organization"},"image":{"@id":"https:\/\/pmza.sk\/?p=9985#primaryimage"},"thumbnailUrl":"https:\/\/pmza.sk\/wp-content\/uploads\/2014\/06\/Konzerva-Fest-2014_2.jpg","articleSection":["Arch\u00edv 2014"],"inLanguage":"sk-SK"},{"@type":"WebPage","@id":"https:\/\/pmza.sk\/?p=9985","url":"https:\/\/pmza.sk\/?p=9985","name":"Hrad Stre\u010dno bude hosti\u0165 mlad\u00fdch umelcov z cel\u00e9ho Slovenska - Pova\u017esk\u00e9 m\u00fazeum","isPartOf":{"@id":"https:\/\/pmza.sk\/#website"},"primaryImageOfPage":{"@id":"https:\/\/pmza.sk\/?p=9985#primaryimage"},"image":{"@id":"https:\/\/pmza.sk\/?p=9985#primaryimage"},"thumbnailUrl":"https:\/\/pmza.sk\/wp-content\/uploads\/2014\/06\/Konzerva-Fest-2014_2.jpg","datePublished":"2014-06-02T07:11:45+00:00","breadcrumb":{"@id":"https:\/\/pmza.sk\/?p=9985#breadcrumb"},"inLanguage":"sk-SK","potentialAction":[{"@type":"ReadAction","target":["https:\/\/pmza.sk\/?p=9985"]}]},{"@type":"ImageObject","inLanguage":"sk-SK","@id":"https:\/\/pmza.sk\/?p=9985#primaryimage","url":"https:\/\/pmza.sk\/wp-content\/uploads\/2014\/06\/Konzerva-Fest-2014_2.jpg","contentUrl":"https:\/\/pmza.sk\/wp-content\/uploads\/2014\/06\/Konzerva-Fest-2014_2.jpg","width":317,"height":448},{"@type":"BreadcrumbList","@id":"https:\/\/pmza.sk\/?p=9985#breadcrumb","itemListElement":[{"@type":"ListItem","position":1,"name":"Domovsk\u00e1 str\u00e1nka","item":"https:\/\/pmza.sk\/"},{"@type":"ListItem","position":2,"name":"Hrad Stre\u010dno bude hosti\u0165 mlad\u00fdch umelcov z cel\u00e9ho Slovenska"}]},{"@type":"WebSite","@id":"https:\/\/pmza.sk\/#website","url":"https:\/\/pmza.sk\/","name":"Pova\u017esk\u00e9 m\u00fazeum","description":"Pova\u017esk\u00e9 m\u00fazeum v \u017diline je region\u00e1lne m\u00fazeum so s\u00eddlom v Budat\u00edne. Jeho expoz\u00edcie s\u00fa zameran\u00e9 na dejiny slovensk\u00e9ho umenia, kult\u00fary a dopravy.","publisher":{"@id":"https:\/\/pmza.sk\/#organization"},"potentialAction":[{"@type":"SearchAction","target":{"@type":"EntryPoint","urlTemplate":"https:\/\/pmza.sk\/?s={search_term_string}"},"query-input":{"@type":"PropertyValueSpecification","valueRequired":true,"valueName":"search_term_string"}}],"inLanguage":"sk-SK"},{"@type":"Organization","@id":"https:\/\/pmza.sk\/#organization","name":"Pova\u017esk\u00e9 m\u00fazeum","url":"https:\/\/pmza.sk\/","logo":{"@type":"ImageObject","inLanguage":"sk-SK","@id":"https:\/\/pmza.sk\/#\/schema\/logo\/image\/","url":"https:\/\/pmza.sk\/wp-content\/uploads\/2022\/01\/logo_PM_horizontal.jpg","contentUrl":"https:\/\/pmza.sk\/wp-content\/uploads\/2022\/01\/logo_PM_horizontal.jpg","width":231,"height":142,"caption":"Pova\u017esk\u00e9 m\u00fazeum"},"image":{"@id":"https:\/\/pmza.sk\/#\/schema\/logo\/image\/"},"sameAs":["https:\/\/www.facebook.com\/povazskemuzeum","https:\/\/www.instagram.com\/povazskemuzeum\/"]},{"@type":"Person","@id":"https:\/\/pmza.sk\/#\/schema\/person\/595e6a2ce731ea94dcd5d7f50a41ae33","name":"Pova\u017esk\u00e9 m\u00fazeum","image":{"@type":"ImageObject","inLanguage":"sk-SK","@id":"https:\/\/secure.gravatar.com\/avatar\/2bb7f1561282132fb5826dfeccc66c7996d11ee392ac6aaf7ced8a1c2027fbb2?s=96&d=mm&r=g","url":"https:\/\/secure.gravatar.com\/avatar\/2bb7f1561282132fb5826dfeccc66c7996d11ee392ac6aaf7ced8a1c2027fbb2?s=96&d=mm&r=g","contentUrl":"https:\/\/secure.gravatar.com\/avatar\/2bb7f1561282132fb5826dfeccc66c7996d11ee392ac6aaf7ced8a1c2027fbb2?s=96&d=mm&r=g","caption":"Pova\u017esk\u00e9 m\u00fazeum"}}]}},"_links":{"self":[{"href":"https:\/\/pmza.sk\/index.php?rest_route=\/wp\/v2\/posts\/9985","targetHints":{"allow":["GET"]}}],"collection":[{"href":"https:\/\/pmza.sk\/index.php?rest_route=\/wp\/v2\/posts"}],"about":[{"href":"https:\/\/pmza.sk\/index.php?rest_route=\/wp\/v2\/types\/post"}],"author":[{"embeddable":true,"href":"https:\/\/pmza.sk\/index.php?rest_route=\/wp\/v2\/users\/2"}],"replies":[{"embeddable":true,"href":"https:\/\/pmza.sk\/index.php?rest_route=%2Fwp%2Fv2%2Fcomments&post=9985"}],"version-history":[{"count":0,"href":"https:\/\/pmza.sk\/index.php?rest_route=\/wp\/v2\/posts\/9985\/revisions"}],"wp:attachment":[{"href":"https:\/\/pmza.sk\/index.php?rest_route=%2Fwp%2Fv2%2Fmedia&parent=9985"}],"wp:term":[{"taxonomy":"category","embeddable":true,"href":"https:\/\/pmza.sk\/index.php?rest_route=%2Fwp%2Fv2%2Fcategories&post=9985"},{"taxonomy":"post_tag","embeddable":true,"href":"https:\/\/pmza.sk\/index.php?rest_route=%2Fwp%2Fv2%2Ftags&post=9985"}],"curies":[{"name":"wp","href":"https:\/\/api.w.org\/{rel}","templated":true}]}}